{"id":22743,"date":"2023-04-24T16:40:42","date_gmt":"2023-04-24T13:40:42","guid":{"rendered":"https:\/\/candname.com\/tr\/?p=22743"},"modified":"2023-04-24T16:40:42","modified_gmt":"2023-04-24T13:40:42","slug":"ey-bagli-arslanlar-gibi-efrad-i-ekrad-kurtler","status":"publish","type":"post","link":"https:\/\/candname.com\/tr\/?p=22743","title":{"rendered":"Ey ba\u011fl\u0131 arslanlar gibi efrad-\u0131 Ekrad\/K\u00fcrtler!"},"content":{"rendered":"<p>\u015eimdiye kadar iki cihetle esir idiniz. Biri, h\u00fck\u00fcmet-i m\u00fcstebidenin tek\u00e2lif-i zalimanesiyle, di\u011feri, baz\u0131 zalimlerin gasb ve garet-i tecav\u00fczat\u0131yla. \u015eimdi bu ink\u0131l\u00e2b-\u0131 azimden sonra azadesiniz. Her biriniz \u00e2leminizde h\u00fck\u00fcmet-i me\u015fruta-i me\u015fruan\u0131n tek\u00e2lif-i \u00e2dilanesine itaat ve hukuk-u gayra men-i tecav\u00fcz \u015fart\u0131yla birer padi\u015fah gibisiniz. Bu saltanat-\u0131 \u015fahsiyeyi muhafaza, te\u015febb\u00fcs-\u00fc \u015fahs\u00ee ile ellerinizden geldi\u011fi kadar bu ittihad-\u0131 millete ve me\u015frutiyete her cihetle hizmet ediniz. Zira bizim, belki umum millet-i \u0130sl\u00e2m\u0131n ve mutlak Osmanl\u0131lar\u0131n necat ve hayat\u0131, bu ittihad-\u0131 milletle kaimdir.<\/p>\n<p><em>\u00a0\u00a0\u00a0Ey umum Ekrad(K\u00fcrtler)!<\/em><\/p>\n<p>G\u00f6z\u00fcn\u00fcz\u00fc a\u00e7\u0131n\u0131z, sabah geldi. Ve m\u00fcteyakk\u0131z olunuz. Sizin ihtilaf ve vah\u015fetinizde efk\u00e2r-\u0131 faside sahibi istifade etmesin. Bu \u015fanl\u0131 olan ittihad-\u0131 milleti fena bir hastal\u0131\u011fa hedef etmesinler. Zira o vakit b\u00fct\u00fcn millet ve \u0130sl\u00e2miyet size davac\u0131 olacakt\u0131r. Zaman size sille vurmakla o ihtil\u00e2f ve ke\u015fmeke\u015fi atacakt\u0131r. Namusunuzu isterseniz, tokat yemeden at\u0131n\u0131z. Bunu da muhakkak bilin: Her tarafa h\u00fccum eden medeniyete kar\u015f\u0131 vah\u015fetinizi muhafaza edemezsiniz. Bu vah\u015fet lafz\u0131nda dar\u0131lmay\u0131n\u0131z. Zira evvel nefsime s\u00f6yl\u00fcyorum. Hem de kabahat h\u00fck\u00fcmetindir. <strong>\u0130stedi\u011fim nokta, K\u00fcrdl\u00fck namus ve haysiyetini muhafaza ve yi\u011fit, kahraman Arnavutlara, me\u015frutiyet ve adalete hizmet ile iktida ediniz.<\/strong> Bu h\u00e2l-i haz\u0131r saadetimize herkesten ziyade hizmet edecektir. \u00c7\u00fcnk\u00fc herkesten ziyade istibdattan biz zarar g\u00f6rm\u00fc\u015f\u00fcz. G\u00fcya bizden dar\u0131lm\u0131\u015ft\u0131lar, mazi taraf\u0131na bizi sevkediyorlard\u0131. Be\u015faret ediyorum ki: Yak\u0131n zamanda umum K\u00fcrdistan\u2019da medaris-i m\u00fcnderiseyi ihya ve olmayan yerlerde de medaris tesis edilecektir. Vesselam.<\/p>\n<p><em>Not: Ekrad Arap\u00e7ada K\u00fcrtler demektir<\/em><\/p>\n<p><strong>Bedi\u00fczzaman Said Nursi<\/strong><\/p>\n<p>\u0130\u00e7timai Dersler-Sayfa 30<\/p>\n<p>Zehra.com.tr<\/p>\n","protected":false},"excerpt":{"rendered":"<p>\u015eimdiye kadar iki cihetle esir idiniz. Biri, h\u00fck\u00fcmet-i m\u00fcstebidenin tek\u00e2lif-i zalimanesiyle, di\u011feri, baz\u0131 zalimlerin gasb ve garet-i tecav\u00fczat\u0131yla. \u015eimdi bu ink\u0131l\u00e2b-\u0131 azimden sonra azadesiniz. Her biriniz \u00e2leminizde h\u00fck\u00fcmet-i me\u015fruta-i me\u015fruan\u0131n tek\u00e2lif-i \u00e2dilanesine itaat ve hukuk-u gayra men-i tecav\u00fcz \u015fart\u0131yla birer padi\u015fah gibisiniz. Bu saltanat-\u0131 \u015fahsiyeyi muhafaza, te\u015febb\u00fcs-\u00fc \u015fahs\u00ee ile ellerinizden geldi\u011fi kadar bu ittihad-\u0131 millete &hellip;<\/p>\n","protected":false},"author":32,"featured_media":22744,"comment_status":"open","ping_status":"open","sticky":false,"template":"","format":"standard","meta":{"footnotes":""},"categories":[69],"tags":[664,5479,6122,117,6123,1616,905,903,4513],"class_list":["post-22743","post","type-post","status-publish","format-standard","has-post-thumbnail","","category-gisti","tag-bediuzzaman","tag-ekrad","tag-huriyet","tag-kurtler","tag-kurtluk","tag-manset","tag-risale-i-nur","tag-said-nursi","tag-said-i-kurdi"],"_links":{"self":[{"href":"https:\/\/candname.com\/tr\/index.php?rest_route=\/wp\/v2\/posts\/22743","targetHints":{"allow":["GET"]}}],"collection":[{"href":"https:\/\/candname.com\/tr\/index.php?rest_route=\/wp\/v2\/posts"}],"about":[{"href":"https:\/\/candname.com\/tr\/index.php?rest_route=\/wp\/v2\/types\/post"}],"author":[{"embeddable":true,"href":"https:\/\/candname.com\/tr\/index.php?rest_route=\/wp\/v2\/users\/32"}],"replies":[{"embeddable":true,"href":"https:\/\/candname.com\/tr\/index.php?rest_route=%2Fwp%2Fv2%2Fcomments&post=22743"}],"version-history":[{"count":0,"href":"https:\/\/candname.com\/tr\/index.php?rest_route=\/wp\/v2\/posts\/22743\/revisions"}],"wp:featuredmedia":[{"embeddable":true,"href":"https:\/\/candname.com\/tr\/index.php?rest_route=\/wp\/v2\/media\/22744"}],"wp:attachment":[{"href":"https:\/\/candname.com\/tr\/index.php?rest_route=%2Fwp%2Fv2%2Fmedia&parent=22743"}],"wp:term":[{"taxonomy":"category","embeddable":true,"href":"https:\/\/candname.com\/tr\/index.php?rest_route=%2Fwp%2Fv2%2Fcategories&post=22743"},{"taxonomy":"post_tag","embeddable":true,"href":"https:\/\/candname.com\/tr\/index.php?rest_route=%2Fwp%2Fv2%2Ftags&post=22743"}],"curies":[{"name":"wp","href":"https:\/\/api.w.org\/{rel}","templated":true}]}}