{"id":22694,"date":"2023-04-15T07:00:57","date_gmt":"2023-04-15T04:00:57","guid":{"rendered":"https:\/\/candname.com\/tr\/?p=22694"},"modified":"2023-04-13T14:48:59","modified_gmt":"2023-04-13T11:48:59","slug":"dilin-millet-hayatindaki-yeri-ve-onemi","status":"publish","type":"post","link":"https:\/\/candname.com\/tr\/?p=22694","title":{"rendered":"Dilin Millet Hayat\u0131ndaki Yeri ve \u00d6nemi"},"content":{"rendered":"<p>Tarihte dilsiz ya\u015fam\u0131\u015f millet yoktur. O h\u00e2lde bir millet olarak ya\u015fayabilmenin yolu dilden ge\u00e7ti\u011fi gibi orijinal bir toplum olman\u0131n yolu da ba\u011f\u0131ms\u0131z bir dile sahip olmaktan ge\u00e7er.<\/p>\n<p>Dil, bir milletin di\u011fer bir milletten farkl\u0131 konu\u015fmas\u0131d\u0131r. Milletler duygular\u0131n\u0131, d\u00fc\u015f\u00fcncelerini, evrendeki b\u00fct\u00fcn varl\u0131klar\u0131 kendilerine g\u00f6re seslendirirler. Dil bir milletin ses d\u00fcnyas\u0131d\u0131r. Millet bu anlamda dile kendi damgas\u0131n\u0131 vurur.<\/p>\n<p>Dil bir milletin d\u00fc\u015f\u00fcnce sistemini g\u00f6sterir. \u0130nsan d\u00fc\u015f\u00fcnd\u00fcklerini dile yans\u0131tt\u0131\u011f\u0131na g\u00f6re bir dil onu kullanan milletin nas\u0131l d\u00fc\u015f\u00fcnd\u00fc\u011f\u00fcn\u00fc, zihninin nas\u0131l \u00e7al\u0131\u015ft\u0131\u011f\u0131n\u0131 ortaya koyar; mill\u00ee d\u00fc\u015f\u00fcnce bi\u00e7imini ortaya \u00e7\u0131kar\u0131r. Milletlerin hayat g\u00f6r\u00fc\u015fleri, d\u00fc\u015f\u00fcnce tarzlar\u0131, zek\u00e2 keskinli\u011fi, ruh derinli\u011fi ve duygu inceli\u011fi o milletin dilinde sakl\u0131d\u0131r. Atas\u00f6zleri, \u00f6zdeyi\u015fler bunun en g\u00fczel belirtileridir. \u201cDil d\u00fc\u015f\u00fcncenin aynas\u0131d\u0131r.\u201d s\u00f6z\u00fc bunu anlat\u0131r.<\/p>\n<p>Dil, millet i\u00e7in mill\u00ee benli\u011fin, mill\u00ee an\u0131lar\u0131n, duygular\u0131n ve d\u00fc\u015f\u00fcncelerin, b\u00fct\u00fcn maddi ve manevi de\u011ferlerin, bulu\u015f ve yarat\u0131\u015flar\u0131n ortak hazinesidir.<\/p>\n<p>Bir insan i\u00e7in orijinalli\u011fin ilk \u015fart\u0131 nas\u0131l benlikse toplumda da bu benli\u011fin ilk \u00f6l\u00e7\u00fcs\u00fc dildir. Bizler millet olarak ge\u00e7mi\u015fte ya\u015fad\u0131\u011f\u0131m\u0131z ac\u0131-tatl\u0131, mutlu-mutsuz b\u00fct\u00fcn olaylar\u0131 kendi dilimizle anlat\u0131r\u0131z. Tarihimizin, edebiyat\u0131m\u0131z\u0131n ifade arac\u0131 kendi dilimizdir&#8230;.<\/p>\n<p>O h\u00e2lde dille bu de\u011ferler aras\u0131nda g\u00fc\u00e7l\u00fc bir ilgi vard\u0131r. E\u011fer bir toplum \u00e7al\u0131\u015f\u0131r, yeni de\u011ferler ortaya koyarsa ister istemez bu de\u011ferlerin anlat\u0131m\u0131 kendi dilince olacakt\u0131r. Bu \u00e7al\u0131\u015fmalar dili geli\u015ftirecek, b\u00f6ylece toplumun orijinal anlat\u0131m hazinesi m\u00fckemmelle\u015fecektir.<\/p>\n<p>Dil, milleti olu\u015fturan fertleri birbirine ba\u011flayan bir ba\u011fd\u0131r. \u00c7\u00fcnk\u00fc ifade arac\u0131 olarak dil, en yakla\u015ft\u0131r\u0131c\u0131 ve kayna\u015ft\u0131r\u0131c\u0131 bir temel unsurdur.<\/p>\n<p>Dil, millet denilen toplumun en \u00f6nemli sosyal varl\u0131\u011f\u0131d\u0131r. Milli k\u00fclt\u00fcr\u00fcn ilk ve en \u00f6nemli unsurudur. K\u00fclt\u00fcr de\u011ferlerinin \u00e7o\u011fu dille ifade edilir; dilde ifadesini bulur. Kendi dilimiz olmadan, kendimize \u00f6zg\u00fc edebiyat\u0131m\u0131z\u0131n, m\u00fczi\u011fimizin olmas\u0131 d\u00fc\u015f\u00fcn\u00fclemez.<\/p>\n<p>(&#8230;)<\/p>\n<p>-Al\u0131nt\u0131 yaz\u0131-<\/p>\n<p>&nbsp;<\/p>\n<p><strong>Ali O\u011eUZKAN-turkedebiyati.org<\/strong><\/p>\n","protected":false},"excerpt":{"rendered":"<p>Tarihte dilsiz ya\u015fam\u0131\u015f millet yoktur. O h\u00e2lde bir millet olarak ya\u015fayabilmenin yolu dilden ge\u00e7ti\u011fi gibi orijinal bir toplum olman\u0131n yolu da ba\u011f\u0131ms\u0131z bir dile sahip olmaktan ge\u00e7er. Dil, bir milletin di\u011fer bir milletten farkl\u0131 konu\u015fmas\u0131d\u0131r. Milletler duygular\u0131n\u0131, d\u00fc\u015f\u00fcncelerini, evrendeki b\u00fct\u00fcn varl\u0131klar\u0131 kendilerine g\u00f6re seslendirirler. Dil bir milletin ses d\u00fcnyas\u0131d\u0131r. Millet bu anlamda dile kendi damgas\u0131n\u0131 &hellip;<\/p>\n","protected":false},"author":32,"featured_media":22695,"comment_status":"open","ping_status":"open","sticky":false,"template":"","format":"standard","meta":{"footnotes":""},"categories":[5371],"tags":[6109,6108,1616],"class_list":["post-22694","post","type-post","status-publish","format-standard","has-post-thumbnail","","category-alinti-yazilar","tag-ana-dil","tag-dilin-onemi","tag-manset"],"_links":{"self":[{"href":"https:\/\/candname.com\/tr\/index.php?rest_route=\/wp\/v2\/posts\/22694","targetHints":{"allow":["GET"]}}],"collection":[{"href":"https:\/\/candname.com\/tr\/index.php?rest_route=\/wp\/v2\/posts"}],"about":[{"href":"https:\/\/candname.com\/tr\/index.php?rest_route=\/wp\/v2\/types\/post"}],"author":[{"embeddable":true,"href":"https:\/\/candname.com\/tr\/index.php?rest_route=\/wp\/v2\/users\/32"}],"replies":[{"embeddable":true,"href":"https:\/\/candname.com\/tr\/index.php?rest_route=%2Fwp%2Fv2%2Fcomments&post=22694"}],"version-history":[{"count":0,"href":"https:\/\/candname.com\/tr\/index.php?rest_route=\/wp\/v2\/posts\/22694\/revisions"}],"wp:featuredmedia":[{"embeddable":true,"href":"https:\/\/candname.com\/tr\/index.php?rest_route=\/wp\/v2\/media\/22695"}],"wp:attachment":[{"href":"https:\/\/candname.com\/tr\/index.php?rest_route=%2Fwp%2Fv2%2Fmedia&parent=22694"}],"wp:term":[{"taxonomy":"category","embeddable":true,"href":"https:\/\/candname.com\/tr\/index.php?rest_route=%2Fwp%2Fv2%2Fcategories&post=22694"},{"taxonomy":"post_tag","embeddable":true,"href":"https:\/\/candname.com\/tr\/index.php?rest_route=%2Fwp%2Fv2%2Ftags&post=22694"}],"curies":[{"name":"wp","href":"https:\/\/api.w.org\/{rel}","templated":true}]}}