{"id":22656,"date":"2023-04-09T23:45:00","date_gmt":"2023-04-09T20:45:00","guid":{"rendered":"https:\/\/candname.com\/tr\/?p=22656"},"modified":"2023-04-10T10:37:38","modified_gmt":"2023-04-10T07:37:38","slug":"horasan-kurtleri-400-yillik-surgunun-hikayesi","status":"publish","type":"post","link":"https:\/\/candname.com\/tr\/?p=22656","title":{"rendered":"HORASAN K\u00dcRTLER\u0130 &#8211; 400 y\u0131ll\u0131k s\u00fcrg\u00fcn\u00fcn hikayesi"},"content":{"rendered":"<p>\u0130ran\u2019\u0131n Kuzey Horasan b\u00f6lgesinde ya\u015fayan bir K\u00fcrt, ilk kez Do\u011fu K\u00fcrdistan\u2019\u0131n Kamyaran b\u00f6lgesine gelip Newroz kutlamas\u0131na kat\u0131ld\u0131.<\/p>\n<p><em><strong>Videoyu izleyebilirsiniz<\/strong><\/em><\/p>\n<p><a href=\"https:\/\/www.rudaw.net\/?utm_source=KwikPlayer&amp;utm_medium=KwikShare&amp;utm_campaign=KwikMotion\">V\u00eedeo t\u0131kla<\/a><\/p>\n<p>Kuzey Horasan K\u00fcrtlerinin n\u00fcfusunun yakla\u015f\u0131k 2 milyon oldu\u011fu tahmin ediliyor. Safevi lideri \u015eah Abbas d\u00f6neminde s\u0131n\u0131r g\u00fcvenli\u011fini sa\u011flamak i\u00e7in Urmiye\u2019den Horasan\u2019a s\u00fcrg\u00fcn edilen K\u00fcrtlerin 22 b\u00fcy\u00fck a\u015firetten olu\u015ftu\u011fu biliniyor.<\/p>\n<p>&nbsp;<\/p>\n<p>S\u00fcrg\u00fcn\u00fcn \u00fczerinden 400 y\u0131l ge\u00e7mesine ra\u011fmen Kuzey Horasan K\u00fcrtleri, dil ve k\u00fclt\u00fcrlerini koruyabilmi\u015fler. K\u00fcrt\u00e7e\u2019nin Kurmanci leh\u00e7esinde konu\u015fan Horasan K\u00fcrtleri, vatan hasretini ya\u015famaya devam ediyor.<\/p>\n<p>&nbsp;<\/p>\n<p>Kamyaran b\u00f6lgesindeki Tengiser k\u00f6y\u00fcn\u00fc ziyaret eden Horasan K\u00fcrt\u2019\u00fc Ferhad Teymuri, k\u00f6y\u00fcl\u00fcler taraf\u0131ndan adeta t\u00f6renle kar\u015f\u0131land\u0131.<\/p>\n<p>&nbsp;<\/p>\n<p>Kar\u015f\u0131s\u0131nda Tengiser k\u00f6yl\u00fclerini g\u00f6ren Teymuri, g\u00f6zya\u015flar\u0131 i\u00e7inde onlara sar\u0131ld\u0131. Kar\u015f\u0131la\u015ft\u0131\u011f\u0131 ya\u015fl\u0131 bir kad\u0131n\u0131n ise ayaklar\u0131na kapan\u0131p \u00f6pt\u00fc.<\/p>\n<p>&nbsp;<\/p>\n<p>K\u00f6ydeki Newroz kutlamas\u0131na kat\u0131lan Teymuri, burada yapt\u0131\u011f\u0131 konu\u015fmada K\u00fcrtl\u00fck vurgusu yapt\u0131, b\u00fcy\u00fck alk\u0131\u015f ald\u0131.<\/p>\n<p>&nbsp;<\/p>\n<p>Ferhad Teymuri, yeniden do\u011fmu\u015f gibi hissetti\u011fini s\u00f6yledi.<\/p>\n<p><strong>Rudaw<\/strong><\/p>\n<p><strong>(Ev xeber ya sala 2017an e)<\/strong><\/p>\n","protected":false},"excerpt":{"rendered":"<p>\u0130ran\u2019\u0131n Kuzey Horasan b\u00f6lgesinde ya\u015fayan bir K\u00fcrt, ilk kez Do\u011fu K\u00fcrdistan\u2019\u0131n Kamyaran b\u00f6lgesine gelip Newroz kutlamas\u0131na kat\u0131ld\u0131. Videoyu izleyebilirsiniz V\u00eedeo t\u0131kla Kuzey Horasan K\u00fcrtlerinin n\u00fcfusunun yakla\u015f\u0131k 2 milyon oldu\u011fu tahmin ediliyor. Safevi lideri \u015eah Abbas d\u00f6neminde s\u0131n\u0131r g\u00fcvenli\u011fini sa\u011flamak i\u00e7in Urmiye\u2019den Horasan\u2019a s\u00fcrg\u00fcn edilen K\u00fcrtlerin 22 b\u00fcy\u00fck a\u015firetten olu\u015ftu\u011fu biliniyor. &nbsp; S\u00fcrg\u00fcn\u00fcn \u00fczerinden 400 y\u0131l &hellip;<\/p>\n","protected":false},"author":32,"featured_media":22657,"comment_status":"open","ping_status":"open","sticky":false,"template":"","format":"standard","meta":{"footnotes":""},"categories":[3],"tags":[5335,4140,6094,1616],"class_list":["post-22656","post","type-post","status-publish","format-standard","has-post-thumbnail","","category-haber","tag-horasan","tag-horasan-kurtleri","tag-kamyaran","tag-manset"],"_links":{"self":[{"href":"https:\/\/candname.com\/tr\/index.php?rest_route=\/wp\/v2\/posts\/22656","targetHints":{"allow":["GET"]}}],"collection":[{"href":"https:\/\/candname.com\/tr\/index.php?rest_route=\/wp\/v2\/posts"}],"about":[{"href":"https:\/\/candname.com\/tr\/index.php?rest_route=\/wp\/v2\/types\/post"}],"author":[{"embeddable":true,"href":"https:\/\/candname.com\/tr\/index.php?rest_route=\/wp\/v2\/users\/32"}],"replies":[{"embeddable":true,"href":"https:\/\/candname.com\/tr\/index.php?rest_route=%2Fwp%2Fv2%2Fcomments&post=22656"}],"version-history":[{"count":0,"href":"https:\/\/candname.com\/tr\/index.php?rest_route=\/wp\/v2\/posts\/22656\/revisions"}],"wp:featuredmedia":[{"embeddable":true,"href":"https:\/\/candname.com\/tr\/index.php?rest_route=\/wp\/v2\/media\/22657"}],"wp:attachment":[{"href":"https:\/\/candname.com\/tr\/index.php?rest_route=%2Fwp%2Fv2%2Fmedia&parent=22656"}],"wp:term":[{"taxonomy":"category","embeddable":true,"href":"https:\/\/candname.com\/tr\/index.php?rest_route=%2Fwp%2Fv2%2Fcategories&post=22656"},{"taxonomy":"post_tag","embeddable":true,"href":"https:\/\/candname.com\/tr\/index.php?rest_route=%2Fwp%2Fv2%2Ftags&post=22656"}],"curies":[{"name":"wp","href":"https:\/\/api.w.org\/{rel}","templated":true}]}}