{"id":22573,"date":"2023-04-07T18:19:23","date_gmt":"2023-04-07T15:19:23","guid":{"rendered":"https:\/\/candname.com\/tr\/?p=22573"},"modified":"2023-04-02T18:43:03","modified_gmt":"2023-04-02T15:43:03","slug":"kucuk-cocuklarin-dil-ogrenme-kapasitesi","status":"publish","type":"post","link":"https:\/\/candname.com\/tr\/?p=22573","title":{"rendered":"K\u00fc\u00e7\u00fck \u00e7ocuklar\u0131n dil \u00f6\u011frenme kapasitesi"},"content":{"rendered":"<p>K\u00fc\u00e7\u00fck \u00e7ocuklar\u0131n dil \u00f6\u011frenme kapasitesi olduk\u00e7a y\u00fcksektir ve bir\u00e7ok dil \u00f6\u011frenmeleri m\u00fcmk\u00fcnd\u00fcr. Bilimsel ara\u015ft\u0131rmalar, \u00e7ocuklar\u0131n do\u011fumdan itibaren bir\u00e7ok farkl\u0131 dil sesini ay\u0131rt edebildi\u011fini ve \u00f6\u011frenebildi\u011fini g\u00f6stermi\u015ftir.<\/p>\n<p>Bir\u00e7ok uzman, \u00e7ocuklar\u0131n dil \u00f6\u011frenme yeteneklerinin ya\u015flar\u0131 ilerledik\u00e7e azald\u0131\u011f\u0131na inan\u0131r. Bu nedenle, genellikle k\u00fc\u00e7\u00fck ya\u015flarda dil \u00f6\u011frenmenin daha kolay oldu\u011fu d\u00fc\u015f\u00fcn\u00fcl\u00fcr. \u00c7ocuklar\u0131n do\u011fumdan \u00f6nce ve ilk 6 ayda diller aras\u0131ndaki farkl\u0131l\u0131klar\u0131 ay\u0131rt edebildi\u011fi, 6-12 ayl\u0131k d\u00f6nemde sesleri taklit edebildi\u011fi ve 1-2 ya\u015flar\u0131 aras\u0131nda birka\u00e7 kelime \u00f6\u011frenip kullanmaya ba\u015flad\u0131\u011f\u0131 bilinmektedir.<\/p>\n<p>Dil \u00f6\u011freniminde \u00f6nemli olan fakt\u00f6rler aras\u0131nda, \u00e7ocu\u011fun dil \u00f6\u011frenmeye olan ilgisi ve \u00e7evresinde konu\u015fulan dillerin varl\u0131\u011f\u0131 yer almaktad\u0131r. \u00d6zellikle birden fazla dili konu\u015fan ailelerin \u00e7ocuklar\u0131, evde farkl\u0131 dilleri duyarak ve konu\u015farak b\u00fcy\u00fcd\u00fckleri i\u00e7in birden fazla dili \u00f6\u011frenme olas\u0131l\u0131klar\u0131 daha y\u00fcksektir.<\/p>\n<p>Ancak, her \u00e7ocu\u011fun dil \u00f6\u011frenme kapasitesi farkl\u0131d\u0131r ve baz\u0131lar\u0131 di\u011ferlerinden daha h\u0131zl\u0131 \u00f6\u011frenir. Ayr\u0131ca, \u00e7ocuklar\u0131n dili \u00f6\u011frenirken desteklenmesi ve te\u015fvik edilmesi de \u00f6nemlidir. Ebeveynlerin ve \u00f6\u011fretmenlerin \u00e7ocuklar\u0131n dil \u00f6\u011frenimini te\u015fvik etmek i\u00e7in okuma, \u015fark\u0131 s\u00f6yleme, hikaye anlatma ve dil \u00f6\u011frenme aktiviteleri gibi \u00e7e\u015fitli yollar\u0131 kullanmalar\u0131 \u00f6nerilir.<\/p>\n<p>Bilimsel ara\u015ft\u0131rmalar, \u00e7ocuklar\u0131n birden fazla dil \u00f6\u011frenmelerinin, zeka gerili\u011fi veya bili\u015fsel sorunlara neden olmad\u0131\u011f\u0131n\u0131 g\u00f6stermektedir. Aksine, \u00e7oklu dil \u00f6\u011frenimi, \u00e7ocuklar\u0131n zihinsel esnekli\u011fini art\u0131r\u0131r, bili\u015fsel i\u015flevlerini geli\u015ftirir ve zeka geli\u015fimlerine katk\u0131 sa\u011flar.<\/p>\n<p>\u00c7oklu dil \u00f6\u011frenimi, \u00e7ocuklar\u0131n beyinlerinin farkl\u0131 b\u00f6l\u00fcmlerini aktive ederek, beyin fonksiyonlar\u0131n\u0131n geli\u015fmesine yard\u0131mc\u0131 olur. Ara\u015ft\u0131rmalar, \u00e7oklu dil \u00f6\u011freniminin, dikkat s\u00fcresini art\u0131rd\u0131\u011f\u0131, bili\u015fsel esnekli\u011fi ve yarat\u0131c\u0131l\u0131\u011f\u0131 art\u0131rd\u0131\u011f\u0131, bellek performans\u0131n\u0131 iyile\u015ftirdi\u011fi ve zihinsel i\u015flevleri genel olarak geli\u015ftirdi\u011fi g\u00f6stermektedir.<\/p>\n<p>Ek olarak, \u00e7oklu dil \u00f6\u011frenimi, \u00e7ocuklar\u0131n farkl\u0131 k\u00fclt\u00fcrler ve toplumlar hakk\u0131nda daha fazla bilgi sahibi olmalar\u0131na yard\u0131mc\u0131 olur ve empati, sosyal uyum ve ileti\u015fim becerilerini geli\u015ftirir. \u00c7oklu dil \u00f6\u011frenimi ayr\u0131ca, dil \u00e7evirisi gibi bili\u015fsel becerileri de geli\u015ftirdi\u011fi i\u00e7in, gelecekte i\u015f f\u0131rsatlar\u0131n\u0131 art\u0131rabilir.<\/p>\n<p>Ancak, \u00e7ocuklar\u0131n birden fazla dil \u00f6\u011frenmesi, her dil i\u00e7in ayr\u0131 bir \u00f6\u011frenme s\u00fcreci gerektirdi\u011fi i\u00e7in zaman ve \u00e7aba gerektirir. \u00c7ocuklar, her dilin gramer ve kelime da\u011farc\u0131\u011f\u0131na uygun \u015fekilde \u00f6\u011frenilmelidir. Ayr\u0131ca, \u00e7oklu dil \u00f6\u011frenimi, \u00e7ocuklar\u0131n dilleri kar\u0131\u015ft\u0131rmas\u0131na ve ge\u00e7ici bir konu\u015fma sorunu ya\u015famas\u0131na neden olabilir. Ancak, bu ge\u00e7ici bir durumdur ve dil \u00f6\u011frenimi devam ettik\u00e7e d\u00fczelir.<\/p>\n<p>Sonu\u00e7 olarak, \u00e7oklu dil \u00f6\u011frenimi, \u00e7ocuklar\u0131n zihinsel geli\u015fimlerine katk\u0131 sa\u011flayan ve olumsuz etkileri olmayan bir s\u00fcre\u00e7tir. \u00c7ocuklar\u0131n birden fazla dil \u00f6\u011frenmeleri, k\u00fclt\u00fcrel anlay\u0131\u015flar\u0131n\u0131 geli\u015ftirir ve gelecekteki i\u015f f\u0131rsatlar\u0131n\u0131 art\u0131r\u0131r.<\/p>\n<p><strong>Amed\u00ee-\u00c7andname<\/strong><\/p>\n","protected":false},"excerpt":{"rendered":"<p>K\u00fc\u00e7\u00fck \u00e7ocuklar\u0131n dil \u00f6\u011frenme kapasitesi olduk\u00e7a y\u00fcksektir ve bir\u00e7ok dil \u00f6\u011frenmeleri m\u00fcmk\u00fcnd\u00fcr. Bilimsel ara\u015ft\u0131rmalar, \u00e7ocuklar\u0131n do\u011fumdan itibaren bir\u00e7ok farkl\u0131 dil sesini ay\u0131rt edebildi\u011fini ve \u00f6\u011frenebildi\u011fini g\u00f6stermi\u015ftir. Bir\u00e7ok uzman, \u00e7ocuklar\u0131n dil \u00f6\u011frenme yeteneklerinin ya\u015flar\u0131 ilerledik\u00e7e azald\u0131\u011f\u0131na inan\u0131r. Bu nedenle, genellikle k\u00fc\u00e7\u00fck ya\u015flarda dil \u00f6\u011frenmenin daha kolay oldu\u011fu d\u00fc\u015f\u00fcn\u00fcl\u00fcr. \u00c7ocuklar\u0131n do\u011fumdan \u00f6nce ve ilk 6 ayda diller &hellip;<\/p>\n","protected":false},"author":32,"featured_media":22574,"comment_status":"open","ping_status":"open","sticky":false,"template":"","format":"standard","meta":{"footnotes":""},"categories":[23],"tags":[5208,6057,161,244],"class_list":["post-22573","post","type-post","status-publish","format-standard","has-post-thumbnail","","category-egitim","tag-anadil","tag-coklu-dil","tag-kurmanci","tag-zazaki"],"_links":{"self":[{"href":"https:\/\/candname.com\/tr\/index.php?rest_route=\/wp\/v2\/posts\/22573","targetHints":{"allow":["GET"]}}],"collection":[{"href":"https:\/\/candname.com\/tr\/index.php?rest_route=\/wp\/v2\/posts"}],"about":[{"href":"https:\/\/candname.com\/tr\/index.php?rest_route=\/wp\/v2\/types\/post"}],"author":[{"embeddable":true,"href":"https:\/\/candname.com\/tr\/index.php?rest_route=\/wp\/v2\/users\/32"}],"replies":[{"embeddable":true,"href":"https:\/\/candname.com\/tr\/index.php?rest_route=%2Fwp%2Fv2%2Fcomments&post=22573"}],"version-history":[{"count":0,"href":"https:\/\/candname.com\/tr\/index.php?rest_route=\/wp\/v2\/posts\/22573\/revisions"}],"wp:featuredmedia":[{"embeddable":true,"href":"https:\/\/candname.com\/tr\/index.php?rest_route=\/wp\/v2\/media\/22574"}],"wp:attachment":[{"href":"https:\/\/candname.com\/tr\/index.php?rest_route=%2Fwp%2Fv2%2Fmedia&parent=22573"}],"wp:term":[{"taxonomy":"category","embeddable":true,"href":"https:\/\/candname.com\/tr\/index.php?rest_route=%2Fwp%2Fv2%2Fcategories&post=22573"},{"taxonomy":"post_tag","embeddable":true,"href":"https:\/\/candname.com\/tr\/index.php?rest_route=%2Fwp%2Fv2%2Ftags&post=22573"}],"curies":[{"name":"wp","href":"https:\/\/api.w.org\/{rel}","templated":true}]}}