{"id":22567,"date":"2023-04-03T17:48:28","date_gmt":"2023-04-03T14:48:28","guid":{"rendered":"https:\/\/candname.com\/tr\/?p=22567"},"modified":"2023-04-02T17:51:32","modified_gmt":"2023-04-02T14:51:32","slug":"mikail-aslan-ve-cemil-qocgirinin-yeni-albumu-ru-bi-ru-sevenleriyle-bulustu","status":"publish","type":"post","link":"https:\/\/candname.com\/tr\/?p=22567","title":{"rendered":"Mikail Aslan ve Cem\u00eel Qo\u00e7g\u00eer\u00ee&#8217;nin yeni alb\u00fcm\u00fc &#8216;R\u00fb bi R\u00fb&#8217; sevenleriyle bulu\u015ftu"},"content":{"rendered":"<p>Zazak\u00ee-Kirdk\u00ee m\u00fczi\u011finin usta isimlerinden Mikail Alsan ve Cem\u00eel Qo\u00e7g\u00eer\u00ee&#8217;nin yeni alb\u00fcm\u00fc &#8220;R\u00fb bi R\u00fb&#8221; (Y\u00fczy\u00fcze) alb\u00fcm\u00fc Kalan M\u00fczik etiketiyle sevenleriyle bulu\u015fuyor.<\/p>\n<p>Mika\u00eel Aslan ve Cem\u00eel Qo\u00e7g\u00eer\u00ee\u00b4nin 20 y\u0131ll\u0131k m\u00fczik kariyerlerine adad\u0131klar\u0131 &#8220;R\u00fb bi R\u00fb&#8221; (Y\u00fcz y\u00fcze) alb\u00fcm\u00fc Zazak\u00ee-Kirdk\u00ee, Kurmanc\u00ee, Ermenice ve T\u00fcrk\u00e7e \u015fark\u0131lar ile iki enstr\u00fcmantal eserden olu\u015fuyor.<\/p>\n<p>Birlikte yirmi y\u0131ld\u0131r ortak \u00e7al\u0131\u015fmalara imza atan ve ayn\u0131 sahneyi payla\u015fan Mika\u00eel Aslan ve Cemil Qo\u00e7g\u00eer\u00ee, \u00fc\u00e7 y\u0131lda tamamlad\u0131klar\u0131 &#8220;R\u00fb bi R\u00fb&#8221; adl\u0131 alb\u00fcmleri ile sevenleriyle bulu\u015fuyor.<\/p>\n<p><strong>&#8216;A<\/strong><strong>lb\u00fcm\u00fc dostlu\u011fumuza ad\u0131yoruz<\/strong><strong>&#8216;<\/strong><\/p>\n<p>Sanat\u00e7\u0131lar, gelenek ile yenilik aras\u0131nda bir aray\u0131\u015fa odaklanan alb\u00fcmleri i\u00e7in yazd\u0131klar\u0131 metinde \u015fu ifadelere yer verdiler: &#8220;Dostun bah\u00e7esinde, g\u00fcl\u00fcn g\u00fcl ile tart\u0131ld\u0131\u011f\u0131 terazide &#8216;R\u00fb bi R\u00fb&#8217; (Cem\u00e2l Cem\u00e2le) durduk. \u00dc\u00e7 y\u0131lda tamamlad\u0131\u011f\u0131m\u0131z bu alb\u00fcm\u00fc, yirmi y\u0131ll\u0131k dostlu\u011fumuza ad\u0131yoruz.\u201d<\/p>\n<p>Alb\u00fcmde Do\u011fan Munzuro\u011flu, Cemal Ta\u015f, Cengiz Aslan, Sel\u00eem Temo, Ay\u015fe \u015eavaq\u00ee, Ibrah\u00eem\u00ea Xa\u015fxa\u015fe ve Orhan G\u00fclda\u011f gibi \u015fairlerin \u015fiirlerinden bestelenen par\u00e7alara yer veridi.<\/p>\n<p><strong>H<\/strong><strong>asan Salt\u0131k<\/strong><strong>&#8216;<\/strong><strong>a<\/strong>\u00a0<strong>ithaf edildi<\/strong><\/p>\n<p>\u201cSasun\u201d adl\u0131 Ermeni halk \u015fark\u0131s\u0131n\u0131n yan\u0131 s\u0131ra iki enstr\u00fcmantal eserin de bulundu\u011fu alb\u00fcmde Ne\u015fet Erta\u015f&#8217;\u0131n Mahzun\u00ee \u015eerif&#8217;e yazd\u0131\u011f\u0131 &#8220;Ne\u015fet\u2019ten Mahzun\u00ee\u2019ye\u201c adl\u0131 \u015fiirden yap\u0131lan beste de dikkat \u00e7ekiyor.<\/p>\n<p>M\u00fczi\u011fi Mika\u00eel Aslan\u2019a ait olan beste, Kalan M\u00fczik&#8217;in 2021&#8217;de vefat eden kurucusu ve m\u00fczik yap\u0131mc\u0131s\u0131 Hasan Salt\u0131k\u2019a ithaf edildi. &#8220;R\u00fb bi R\u00fb&#8221;nun lansman konseri, 26 Mart Pazar g\u00fcn\u00fc Almanya\u2019n\u0131n R\u00fcsselsheim \u015fehrinde ger\u00e7ekle\u015fecek.<\/p>\n<p><strong>BasNews<\/strong><\/p>\n","protected":false},"excerpt":{"rendered":"<p>Zazak\u00ee-Kirdk\u00ee m\u00fczi\u011finin usta isimlerinden Mikail Alsan ve Cem\u00eel Qo\u00e7g\u00eer\u00ee&#8217;nin yeni alb\u00fcm\u00fc &#8220;R\u00fb bi R\u00fb&#8221; (Y\u00fczy\u00fcze) alb\u00fcm\u00fc Kalan M\u00fczik etiketiyle sevenleriyle bulu\u015fuyor. Mika\u00eel Aslan ve Cem\u00eel Qo\u00e7g\u00eer\u00ee\u00b4nin 20 y\u0131ll\u0131k m\u00fczik kariyerlerine adad\u0131klar\u0131 &#8220;R\u00fb bi R\u00fb&#8221; (Y\u00fcz y\u00fcze) alb\u00fcm\u00fc Zazak\u00ee-Kirdk\u00ee, Kurmanc\u00ee, Ermenice ve T\u00fcrk\u00e7e \u015fark\u0131lar ile iki enstr\u00fcmantal eserden olu\u015fuyor. Birlikte yirmi y\u0131ld\u0131r ortak \u00e7al\u0131\u015fmalara imza atan &hellip;<\/p>\n","protected":false},"author":32,"featured_media":22568,"comment_status":"open","ping_status":"open","sticky":false,"template":"","format":"standard","meta":{"footnotes":""},"categories":[698],"tags":[6056,1616,4746,559,244],"class_list":["post-22567","post","type-post","status-publish","format-standard","has-post-thumbnail","","category-muzik","tag-cemil-qocgiri","tag-manset","tag-mikail-aslan","tag-zazaca","tag-zazaki"],"_links":{"self":[{"href":"https:\/\/candname.com\/tr\/index.php?rest_route=\/wp\/v2\/posts\/22567","targetHints":{"allow":["GET"]}}],"collection":[{"href":"https:\/\/candname.com\/tr\/index.php?rest_route=\/wp\/v2\/posts"}],"about":[{"href":"https:\/\/candname.com\/tr\/index.php?rest_route=\/wp\/v2\/types\/post"}],"author":[{"embeddable":true,"href":"https:\/\/candname.com\/tr\/index.php?rest_route=\/wp\/v2\/users\/32"}],"replies":[{"embeddable":true,"href":"https:\/\/candname.com\/tr\/index.php?rest_route=%2Fwp%2Fv2%2Fcomments&post=22567"}],"version-history":[{"count":0,"href":"https:\/\/candname.com\/tr\/index.php?rest_route=\/wp\/v2\/posts\/22567\/revisions"}],"wp:featuredmedia":[{"embeddable":true,"href":"https:\/\/candname.com\/tr\/index.php?rest_route=\/wp\/v2\/media\/22568"}],"wp:attachment":[{"href":"https:\/\/candname.com\/tr\/index.php?rest_route=%2Fwp%2Fv2%2Fmedia&parent=22567"}],"wp:term":[{"taxonomy":"category","embeddable":true,"href":"https:\/\/candname.com\/tr\/index.php?rest_route=%2Fwp%2Fv2%2Fcategories&post=22567"},{"taxonomy":"post_tag","embeddable":true,"href":"https:\/\/candname.com\/tr\/index.php?rest_route=%2Fwp%2Fv2%2Ftags&post=22567"}],"curies":[{"name":"wp","href":"https:\/\/api.w.org\/{rel}","templated":true}]}}