{"id":22529,"date":"2023-03-29T23:47:14","date_gmt":"2023-03-29T20:47:14","guid":{"rendered":"https:\/\/candname.com\/tr\/?p=22529"},"modified":"2023-03-24T23:52:11","modified_gmt":"2023-03-24T20:52:11","slug":"seyh-said-kiyami-mahkeme-zabitlari-5","status":"publish","type":"post","link":"https:\/\/candname.com\/tr\/?p=22529","title":{"rendered":"\u015eeyh Said k\u0131yam\u0131 mahkeme zab\u0131tlar\u0131 (5)"},"content":{"rendered":"<p>28 Haziran 1925 g\u00fcn\u00fc\u00a0<a href=\"https:\/\/www.indyturk.com\/tags\/%C5%9Feyh-sai%CC%87d\">\u015eeyh Said<\/a>\u00a0ile birlikte 47 ki\u015fi hakk\u0131nda idam karar\u0131 veren\u00a0<a href=\"https:\/\/www.indyturk.com\/tags\/%C5%9Feyh-sait-i%CC%87syan%C4%B1-ve-%C5%9Fark-i%CC%87stiklal-mahkemesi\">\u015eark \u0130stiklal Mahkemesi<\/a>&#8216;nin, \u015eeyh Said Davas\u0131 ile ilgili zab\u0131tlar\u0131n\u0131n en \u00f6nemli k\u0131s\u0131mlar\u0131ndan biri de Cemil Pa\u015fa Ailesi&#8217;nin yarg\u0131lanan fertleriyle ilgili olan k\u0131sm\u0131d\u0131r.<\/p>\n<p>Mahkemede bug\u00fcnk\u00fc anlam\u0131yla K\u00fcrt ulusalc\u0131s\u0131-milliyet\u00e7isi olan tek grup Cemil Pa\u015fazadelerdir.<\/p>\n<p>13 \u015eubat 1925 g\u00fcn\u00fc Piran k\u00f6y\u00fcnde (\u015fimdiki Dicle il\u00e7esi)\u00a0<a href=\"https:\/\/www.indyturk.com\/tags\/%C5%9Feyh-sait-isyani\">\u015eeyh Said hadisesi<\/a>nin patlak verdi\u011fi haberi\u00a0<a href=\"https:\/\/www.indyturk.com\/tags\/diyarbak%C4%B1r\">Diyarbekir<\/a>&#8216;e ula\u015f\u0131r ula\u015fmaz olaydan habersiz aile fertleri ayn\u0131 g\u00fcn topluca tutuklanm\u0131\u015ft\u0131r.<\/p>\n<p>\u015eeyh Said&#8217;in teslim al\u0131nma tarihi ise 15 Nisan 1925&#8217;tir.<\/p>\n<div class=\"dnd-widget-wrapper context-custom_image type-image\">\n<div class=\"dnd-atom-rendered\">\n<div class=\"entry-media-inner-img\"><img loading=\"lazy\" decoding=\"async\" title=\"Cemilpa\u015fazade.jpg\" src=\"https:\/\/www.indyturk.com\/sites\/default\/files\/styles\/800xauto\/public\/thumbnails\/image\/2021\/08\/06\/724801-353323641.jpg?itok=IjqyiY2Z\" alt=\"Cemilpa\u015fazade.jpg\" width=\"566\" height=\"400\" \/><\/div>\n<\/div>\n<div class=\"dnd-caption-wrapper\">\n<div class=\"meta\">Cemil Pa\u015fazadeler\u00a0(Oturan soldan sa\u011fa: Mehmet Ferit Cemilo\u011flu, Vacdi Osman Cemilo\u011flu, Kadri Cemilpa\u015fa, Fuat Kadri Jamil,\u00a0Ekrem Cemilpa\u015fa,\u00a0Ayaktakiler soldan sa\u011fa: Mustafa N\u00fczhet Jamil&#8217;in bak\u0131c\u0131s\u0131, Mustafa N\u00fczhet Jamil, Bedri Jamil) \/ Foto\u011fraf: Wikipedia<\/div>\n<\/div>\n<\/div>\n<p>Yarg\u0131lanan aile fertlerinden Cevdet ve \u00d6mer Beyler 1902&#8217;de \u00f6len Cemil Pa\u015fa&#8217;n\u0131n o\u011fullar\u0131; Ekrem, Kadri, Memduh, Muhiddin ve Ahmet ise di\u011fer o\u011fullar\u0131ndan olan torunlar\u0131d\u0131r.<\/p>\n<p>Bunlar\u0131n i\u00e7inde \u00f6zellikle Kadri (Diyarbekir 1891- \u015eam 1973) ve Ekrem (Diyarbekir 1891-\u015eam 1974) \u0130stanbul-\u0130svi\u00e7re ve Bel\u00e7ika&#8217;daki \u00f6\u011frencilik y\u0131llar\u0131ndan itibaren K\u00fcrt ulusal m\u00fccadelesinin en \u00f6nlerinde yer alm\u0131\u015f, bir\u00e7ok K\u00fcrt \u00f6rg\u00fct\u00fcnde kuruculuk ve ba\u015fkanl\u0131k yapm\u0131\u015flard\u0131r.<\/p>\n<div class=\"dnd-widget-wrapper context-custom_image type-image\">\n<div class=\"dnd-atom-rendered\">\n<div class=\"entry-media-inner-img\"><img loading=\"lazy\" decoding=\"async\" title=\"Ekrem.jpg\" src=\"https:\/\/www.indyturk.com\/sites\/default\/files\/styles\/800xauto\/public\/thumbnails\/image\/2021\/08\/06\/724951-50873334.jpg?itok=X0dGMmEF\" alt=\"Ekrem.jpg\" width=\"286\" height=\"281\" \/><\/div>\n<\/div>\n<div class=\"dnd-caption-wrapper\">\n<div class=\"meta\">Ekrem Cemil Pa\u015fa \/ Foto\u011fraf: Biyografya<\/div>\n<\/div>\n<\/div>\n<p><a href=\"https:\/\/www.indyturk.com\/tags\/ekrem-cemil-pa%C5%9Fa\">Ekrem Cemil Pa\u015fa<\/a>\u00a01918 y\u0131l\u0131nda Diyarbekir&#8217;de K\u00fcrd Teali Cemiyeti&#8217;ni kurmu\u015f, \u00fcnl\u00fc \u0130ngiliz Binba\u015f\u0131 Noel ile 1919&#8217;da Mara\u015f&#8217;tan Mardin&#8217;e kadar t\u00fcm b\u00f6lgeyi birlikte dola\u015fm\u0131\u015ft\u0131r.<\/p>\n<p>\u0130dam edilen 47 ki\u015finin tamam\u0131 \u015feriat talebi ile \u0130slami-dini savunma yapmalar\u0131na ra\u011fmen, mahkeme heyeti bu ki\u015filerin savunmalar\u0131n\u0131 g\u00f6z ard\u0131 ederek, onlar\u0131 asl\u0131nda\u00a0<em>&#8220;ba\u011f\u0131ms\u0131z bir K\u00fcrdistan kurmak istemekle&#8221;<\/em>\u00a0su\u00e7layarak, idama mahkum etmi\u015f; ancak Diyarbekir&#8217;de\u00a0<em>&#8216;K\u00fcrt\u00e7\u00fcl\u00fckleri&#8217;\u00a0<\/em>tescilli Cemil Pa\u015fazadelerin ise hi\u00e7 birine idam cezas\u0131 vermemi\u015ftir.<\/p>\n<p>Ekrem Bey 10 y\u0131l hapis cezas\u0131 ile kurtulurken; di\u011ferlerinin tamam\u0131 beraat etmi\u015ftir.<\/p>\n<p>Ekrem ve Kadri Beyler sonraki y\u0131llarda kaleme ald\u0131klar\u0131 an\u0131lar\u0131nda \u015eeyh Said i\u00e7in olduk\u00e7a \u00f6vg\u00fc dolu ibareler ve<em>\u00a0&#8216;Liderimiz&#8217;\u00a0<\/em>ifadesini kullanm\u0131\u015flard\u0131r.<\/p>\n<p>Ancak mahkeme s\u00fcresince tak\u0131nd\u0131klar\u0131 tav\u0131r bunun tam z\u0131dd\u0131d\u0131r.<\/p>\n<div class=\"dnd-widget-wrapper context-custom_image type-image\">\n<div class=\"dnd-atom-rendered\">\n<div class=\"entry-media-inner-img\"><img loading=\"lazy\" decoding=\"async\" title=\"Kadri Cemil Pa\u015fa.jpg\" src=\"https:\/\/www.indyturk.com\/sites\/default\/files\/styles\/800xauto\/public\/thumbnails\/image\/2021\/08\/06\/724811-1046964232.jpg?itok=DMdBX8Sb\" alt=\"Kadri Cemil Pa\u015fa.jpg\" width=\"300\" height=\"300\" \/><\/div>\n<\/div>\n<div class=\"dnd-caption-wrapper\">\n<div class=\"meta\">Kadri Cemil Pa\u015fa \/ Foto\u011fraf: Biyografya<\/div>\n<\/div>\n<\/div>\n<p>Kadri Bey mahkemede hakimin\u00a0<em>&#8220;Hat\u0131rlar m\u0131s\u0131n, seninle tart\u0131\u015ft\u0131\u011f\u0131m\u0131zda K\u00fcrt oldu\u011funu s\u00f6ylemi\u015ftin&#8221;<\/em>\u00a0sorusuna;<\/p>\n<p><em>&#8220;T\u00fcrk o\u011flu T\u00fcrk\u00fcm&#8221;\u00a0<\/em>diye cevap vermi\u015ftir. (\u015eeyh Said Davas\u0131 Mahkeme Tutanaklar\u0131 s.412);<\/p>\n<p>Ekrem Bey ise \u015eeyh Said ve arkada\u015flar\u0131n\u0131\u00a0<em>&#8220;Vatan\u0131n bir k\u00f6\u015fesini kan ve ate\u015fe b\u00fcr\u00fcyen cahil ve ya\u011fmac\u0131 \u015feyhler&#8221;\u00a0<\/em>olarak su\u00e7lam\u0131\u015f ve\u00a0<em>&#8220;bunlarla ayn\u0131 fikirde olmalar\u0131n\u0131n imkans\u0131z (muhal) oldu\u011funu&#8221;\u00a0<\/em>alt\u0131n\u0131 \u00e7izerek belirtmi\u015ftir. (\u015eeyh Said Davas\u0131 Mahkeme Tutanaklar\u0131 s.446-447)<\/p>\n<p>Yarg\u0131lanan di\u011fer Cemil Pa\u015fazadelerin de beyanlar\u0131 ayn\u0131 do\u011frultudad\u0131r.<\/p>\n<div class=\"simplebox injected-block-holder\">\n<div class=\"injected-block injected-block-read-more\">\n<div>\n<p>&nbsp;<\/p>\n<p>\u015eeyh Said dahil hi\u00e7bir \u015feyhi tan\u0131mad\u0131klar\u0131n\u0131, bu ki\u015filerle bir arkada\u015fl\u0131klar\u0131n\u0131n bulunmad\u0131\u011f\u0131n\u0131, K\u00fcrt\u00e7\u00fcl\u00fc\u011f\u00fcn baz\u0131 sefillerin pe\u015fine tak\u0131ld\u0131\u011f\u0131 bir modadan ibaret oldu\u011funu, kendilerinin asla K\u00fcrt\u00e7\u00fc olamayacaklar\u0131n\u0131; \u00e7\u00fcnk\u00fc mevcut g\u00fc\u00e7 ve iktidarlar\u0131n\u0131 Cumhuriyet H\u00fck\u00fcmetine bor\u00e7lu olduklar\u0131n\u0131 ve halen Cumhuriyet Halk F\u0131rkas\u0131 te\u015fkilatlar\u0131nda \u00fcye olduklar\u0131n\u0131 belirtmi\u015flerdir. (\u015eeyh Said Davas\u0131 Mahkeme Tutanaklar\u0131 s.448-449)<\/p>\n<\/div>\n<\/div>\n<\/div>\n<p>Mahkeme s\u00fcresince cumhuriyet idaresine \u00f6vg\u00fclerde bulunan aile fertleri babalar\u0131 ve dedeleri Cemil Pa\u015fa&#8217;n\u0131n velinimeti olan ve onun 40&#8217;tan fazla k\u00f6y sahibi olmas\u0131na g\u00f6z yuman\u00a0<a href=\"https:\/\/www.indyturk.com\/tags\/sultan-abdulhamid\">Sultan Abd\u00fclhamid<\/a>&#8216;i\u00a0<em>&#8216;K\u0131z\u0131l Sultan&#8217;\u00a0<\/em>olmakla itham etmi\u015flerdir.<\/p>\n<p>Ekrem Bey 1928 y\u0131l\u0131nda \u00e7\u0131kar\u0131lan af ile cezaevinden \u00e7\u0131kt\u0131ktan sonra karde\u015fi Mikdat ve amcas\u0131 o\u011fullar\u0131 Kadri, Bedri ve Muhammed ile birlikte 19 Mart 1929&#8217;da Suriye&#8217;deki Frans\u0131z idaresine iltica etmi\u015flerdir.<\/p>\n<p>Ailenin bu badireden nas\u0131l bu denli sa\u011f-selamet kurtulabildi\u011fini an\u0131lar\u0131nda yine aile fertleri anlatmaktad\u0131r.<\/p>\n<p>Kendi ifadelerine g\u00f6re, mahkeme \u00fcyelerine tenekelerle alt\u0131n verilmi\u015f ve T\u00fcrk Tayyare Cemiyeti&#8217;ne bir u\u00e7ak (tayyare) al\u0131narak hediye edilmi\u015ftir.<\/p>\n<p>Bu u\u00e7ak hediyesi ile ilgili resmi belgeler T\u00fcrk Tayyare Cemiyeti kay\u0131tlar\u0131nda bulunmaktad\u0131r.<\/p>\n<p>Devam edece\u011fiz in\u015fallah.<\/p>\n<p><strong>Altan TAN-The Independentturkish<\/strong><\/p>\n","protected":false},"excerpt":{"rendered":"<p>28 Haziran 1925 g\u00fcn\u00fc\u00a0\u015eeyh Said\u00a0ile birlikte 47 ki\u015fi hakk\u0131nda idam karar\u0131 veren\u00a0\u015eark \u0130stiklal Mahkemesi&#8216;nin, \u015eeyh Said Davas\u0131 ile ilgili zab\u0131tlar\u0131n\u0131n en \u00f6nemli k\u0131s\u0131mlar\u0131ndan biri de Cemil Pa\u015fa Ailesi&#8217;nin yarg\u0131lanan fertleriyle ilgili olan k\u0131sm\u0131d\u0131r. Mahkemede bug\u00fcnk\u00fc anlam\u0131yla K\u00fcrt ulusalc\u0131s\u0131-milliyet\u00e7isi olan tek grup Cemil Pa\u015fazadelerdir. 13 \u015eubat 1925 g\u00fcn\u00fc Piran k\u00f6y\u00fcnde (\u015fimdiki Dicle il\u00e7esi)\u00a0\u015eeyh Said hadisesinin patlak &hellip;<\/p>\n","protected":false},"author":32,"featured_media":22530,"comment_status":"open","ping_status":"open","sticky":false,"template":"","format":"standard","meta":{"footnotes":""},"categories":[5371],"tags":[1616],"class_list":["post-22529","post","type-post","status-publish","format-standard","has-post-thumbnail","","category-alinti-yazilar","tag-manset"],"_links":{"self":[{"href":"https:\/\/candname.com\/tr\/index.php?rest_route=\/wp\/v2\/posts\/22529","targetHints":{"allow":["GET"]}}],"collection":[{"href":"https:\/\/candname.com\/tr\/index.php?rest_route=\/wp\/v2\/posts"}],"about":[{"href":"https:\/\/candname.com\/tr\/index.php?rest_route=\/wp\/v2\/types\/post"}],"author":[{"embeddable":true,"href":"https:\/\/candname.com\/tr\/index.php?rest_route=\/wp\/v2\/users\/32"}],"replies":[{"embeddable":true,"href":"https:\/\/candname.com\/tr\/index.php?rest_route=%2Fwp%2Fv2%2Fcomments&post=22529"}],"version-history":[{"count":0,"href":"https:\/\/candname.com\/tr\/index.php?rest_route=\/wp\/v2\/posts\/22529\/revisions"}],"wp:featuredmedia":[{"embeddable":true,"href":"https:\/\/candname.com\/tr\/index.php?rest_route=\/wp\/v2\/media\/22530"}],"wp:attachment":[{"href":"https:\/\/candname.com\/tr\/index.php?rest_route=%2Fwp%2Fv2%2Fmedia&parent=22529"}],"wp:term":[{"taxonomy":"category","embeddable":true,"href":"https:\/\/candname.com\/tr\/index.php?rest_route=%2Fwp%2Fv2%2Fcategories&post=22529"},{"taxonomy":"post_tag","embeddable":true,"href":"https:\/\/candname.com\/tr\/index.php?rest_route=%2Fwp%2Fv2%2Ftags&post=22529"}],"curies":[{"name":"wp","href":"https:\/\/api.w.org\/{rel}","templated":true}]}}