{"id":22520,"date":"2023-03-27T23:36:01","date_gmt":"2023-03-27T20:36:01","guid":{"rendered":"https:\/\/candname.com\/tr\/?p=22520"},"modified":"2023-03-24T23:39:09","modified_gmt":"2023-03-24T20:39:09","slug":"seyh-said-kiyami-mahkeme-zabitlari-2","status":"publish","type":"post","link":"https:\/\/candname.com\/tr\/?p=22520","title":{"rendered":"\u015eeyh Said k\u0131yam\u0131 mahkeme zab\u0131tlar\u0131 (2)"},"content":{"rendered":"<p>&#8216;\u015eeyh Said k\u0131yam\u0131 mahkeme zab\u0131tlar\u0131 (1)&#8217; ba\u015fl\u0131kl\u0131 yaz\u0131mda TBMM ar\u015fivlerinde y\u0131llard\u0131r g\u00fcn \u0131\u015f\u0131\u011f\u0131na \u00e7\u0131kmay\u0131 bekleyen mahkeme zab\u0131tlar\u0131n\u0131n yay\u0131mlanma hikayesini anlatm\u0131\u015ft\u0131m.<\/p>\n<p>Allah izin verirse bu konu ile ilgili yazmaya devam edece\u011fim.<\/p>\n<div class=\"simplebox injected-block-holder\">\n<div class=\"injected-block injected-block-watch-more\">\n<div>\n<h6 class=\"box-title\">DAHA FAZLA OKU<\/h6>\n<ul>\n<li>\n<div><a href=\"https:\/\/indyturk.com\/node\/345691\"><img loading=\"lazy\" decoding=\"async\" src=\"https:\/\/indyturk.com\/sites\/default\/files\/styles\/240x160\/public\/article\/main_image\/2021\/04\/16\/638241-1933321325.jpg?itok=K_1TgUEb\" alt=\"\" width=\"240\" height=\"160\" \/><\/a><\/div>\n<p><a href=\"https:\/\/indyturk.com\/node\/345691\">\u015eeyh Said k\u0131yam\u0131 mahkeme zab\u0131tlar\u0131 (1)<\/a><\/li>\n<\/ul>\n<\/div>\n<\/div>\n<\/div>\n<p>TBMM&#8217;nin yay\u0131mlad\u0131\u011f\u0131 mahkeme zab\u0131tlar\u0131 d\u00f6nemin \u00f6nemli bir k\u0131sm\u0131n\u0131 b\u00fcy\u00fck \u00f6l\u00e7\u00fcde ayd\u0131nlatacak bir belge niteli\u011finde.<\/p>\n<p>En fazla merak edilen konular\u0131n ba\u015f\u0131nda da yarg\u0131lananlar\u0131n hem k\u0131yam\u0131n niteli\u011fi hem de birbirleri ile ilgili ifadeleri; bunun yan\u0131nda mahkeme s\u00fcresindeki tutum ve davran\u0131\u015flar\u0131.<\/p>\n<p>Bu konuda olduk\u00e7a ilgin\u00e7 dok\u00fcmanlar var.<\/p>\n<p>Allah rahmet eylesin\u00a0<a href=\"https:\/\/www.indyturk.com\/tags\/abd%C3%BClmelik-f%C4%B1rat\">Abd\u00fclmelik F\u0131rat<\/a>\u00a0A\u011fabey, \u015eeyh Said Efendi&#8217;nin k\u0131z\u0131 Ay\u015fan Han\u0131m&#8217;\u0131n o\u011fluydu, babas\u0131 \u015eehabeddin Efendi de \u015eeyh Said Efendi&#8217;nin 1925&#8217;te Kuran okurken \u015fehit edilen karde\u015fi H\u0131n\u0131s M\u00fcft\u00fcs\u00fc Bahaeddin Efendi&#8217;nin o\u011flu.<\/p>\n<p>Her iki dedesinin yan\u0131 s\u0131ra babaannesi ve anneannesi de karde\u015f.<\/p>\n<p>\u015eeyh Said Efendi ile karde\u015fi \u015eeyh Bahaeddin bacanak.<\/p>\n<p>Abd\u00fclmelik A\u011fabey, 1925&#8217;ten sonra \u015eeyh Said Ailesi&#8217;nin hem ilimi, hem siyasi ve hem de ailevi olarak lideri olan, herkes taraf\u0131ndan sevilen ve say\u0131lan day\u0131s\u0131 \u015eeyh Ali R\u0131za Efendi&#8217;nin terbiyesi alt\u0131nda b\u00fcy\u00fcr.<\/p>\n<p>Abd\u00fclmelik A\u011fabey, annesi ile babas\u0131 amca \u00e7ocuklar\u0131 oldu\u011fundan K\u00fcrt a\u015firet t\u00f6resine uygun olarak day\u0131s\u0131 \u015eeyh Ali R\u0131za Efendi&#8217;den\u00a0<em>&#8216;day\u0131&#8217;\u00a0<\/em>olarak de\u011fil, hep<em>\u00a0&#8216;Amucam Ali R\u0131za Efendi&#8217;\u00a0<\/em>\u015feklinde bahsederdi.<\/p>\n<p>Kendisini b\u00fcy\u00fck bir sayg\u0131, sevgi ve takdirle anard\u0131.<\/p>\n<p>Sonralar\u0131 kay\u0131npederi de olan\u00a0<em>&#8216;amucas\u0131n\u0131n&#8217;\u00a0<\/em>en yak\u0131n\u0131ndaki ki\u015filerden biri olmas\u0131 nedeniyle anlatt\u0131klar\u0131n\u0131n b\u00fcy\u00fck bir b\u00f6l\u00fcm\u00fc\u00a0<em>&#8216;canl\u0131 \u015fahitlik&#8217;\u00a0<\/em>derecesindeydi.<\/p>\n<p>Ali R\u0131za Efendi de ne yaz\u0131k ki bir\u00e7ok K\u00fcrt ileri geleni gibi an\u0131lar\u0131n\u0131 (hat\u0131rat\u0131n\u0131) yazmadan vefat etti.<\/p>\n<p>Soruldu\u011funda\u00a0<em>&#8216;k\u0131yam&#8217;\u00a0<\/em>y\u0131llar\u0131nda birlikte hareket ettiklerinin \u00e7o\u011funun yak\u0131n akraba, dost, ahbap, m\u00fcrit ve tarikatlar\u0131n\u0131n halifesi oldu\u011funu; objektif g\u00f6zlem ve fikirlerini yazmas\u0131 halinde k\u0131rg\u0131nl\u0131klar do\u011faca\u011f\u0131ndan endi\u015fe etti\u011fini s\u00f6yledi\u011fi rivayet edilir.<\/p>\n<p>Maalesef ger\u00e7ekler \u00e7o\u011fu zaman<em>\u00a0&#8216;z\u00fclf\u00fc y\u00e2re&#8217;\u00a0<\/em>dokunur.<\/p>\n<p>Abd\u00fclmelik A\u011fabey de uzun y\u0131llar an\u0131lar\u0131n\u0131 yazmad\u0131. Benim mutlaka yazmas\u0131 gerekti\u011fi ile ilgili telkinlerime ise hep\u00a0<em>&#8216;amucas\u0131&#8217;\u00a0<\/em>Ali R\u0131za Efendi&#8217;nin endi\u015fesini gerek\u00e7e g\u00f6sterir,<em>\u00a0&#8220;Kalan \u00f6mr\u00fcm\u00fczde bir de bunlarla kavga etmeyelim&#8221;\u00a0<\/em>diye cevap verirdi.<\/p>\n<p>\u00d6mr\u00fcn\u00fcn son y\u0131llar\u0131nda Ferzende Kaya, kendisi ile yapt\u0131\u011f\u0131 uzun s\u00f6yle\u015fiyi\u00a0<em>\u00a0&#8216;Mezopotamya S\u00fcrg\u00fcnleri&#8217;<\/em>\u00a0ad\u0131 alt\u0131nda kitapla\u015ft\u0131rd\u0131. Sa\u011f olsun \u00e7ok da iyi bir i\u015f yapt\u0131.<\/p>\n<p>Avesta Yay\u0131nlar\u0131 da\u00a0<em>&#8216;F\u0131rat Mahzun Akar&#8217;\u00a0<\/em>kitab\u0131n\u0131 yay\u0131mlad\u0131.<\/p>\n<p>Genelde \u00e7ok kibar ve ayn\u0131 zamanda da \u00e7ok \u00f6zenli bir dil kullanan Abd\u00fclmelik A\u011fabey, s\u00f6yle\u015fisinin bir yerinde K\u0131rklareli&#8217;nin Vize \u0130l\u00e7esi&#8217;nin Sergen K\u00f6y\u00fc&#8217;nde ailece s\u00fcrg\u00fcn bulunduklar\u0131 d\u00f6nemde 1925&#8217;te Bitlis Valisi olan Kaz\u0131m Dirik&#8217;in Trakya Umumi M\u00fcfetti\u015fi olarak Sergen&#8217;e geldi\u011fini ve amcas\u0131 Ali R\u0131za Efendi ile sohbetlerinde;<\/p>\n<p><em>&#8220;\u015eeyh Said isyan etti\u011finde Bitlis&#8217;in en n\u00fcfuzlu \u015feyhleri olan Abd\u00fclbaki K\u00fcfrevi, Nor\u015finli \u015eeyh Masum (\u015eeyh Hazret Muhammed Diya\u00fcddin&#8217;in karde\u015fi o\u011flu) ve Oxinli \u015eeyh Alaaddin (\u015eeyh Fethullahi Verkanisi&#8217;nin o\u011flu) yan\u0131na geldiklerini ve kendilerine para ve silah verilmesi halinde \u015eeyh Said&#8217;e kar\u015f\u0131 sava\u015facaklar\u0131n\u0131 s\u00f6ylediklerini, kendisinin \u00f6nceleri buna kar\u015f\u0131 \u00e7\u0131kt\u0131\u011f\u0131n\u0131 ancak Mustafa Kemal ile irtibat\u0131 sonras\u0131 emriyle bu paray\u0131 verdi\u011fini; isyan sona erdikten sonra ise verdi\u011fi paralar\u0131 fazlas\u0131 ile geri alarak bu ki\u015fileri Anadolu&#8217;nun de\u011fi\u015fik illerine s\u00fcrg\u00fcn etti\u011fini&#8221;<\/em>\u00a0aktard\u0131.<\/p>\n<p>Halk aras\u0131ndaki bir ba\u015fka rivayet de dini inanc\u0131n\u0131n yan\u0131 s\u0131ra K\u00fcrt milli duygular\u0131 da olan \u015eeyh Masum&#8217;un k\u0131yama kat\u0131lmak i\u00e7in adamlar\u0131 ile harekete ge\u00e7ti\u011fi ancak \u015eeyh Alaaddin&#8217;in yolunu keserek izin vermedi\u011fi y\u00f6n\u00fcnde.<\/p>\n<p>Kitaplar yay\u0131mland\u0131ktan sonra ger\u00e7ekten de k\u0131yamet koptu!<\/p>\n<p>Abd\u00fclmelik A\u011fabey de \u015eeyh Ali R\u0131za Efendi gibi endi\u015felerinde hakl\u0131 \u00e7\u0131kt\u0131!<\/p>\n<p>S\u00f6yle\u015fide ad\u0131 ge\u00e7en \u015feyhlerin aileleri Abd\u00fclmelik A\u011fabey&#8217;i topa tuttu!<\/p>\n<p>Abd\u00fclmelik A\u011fabey hayat\u0131 boyunca kimseye iftira atmad\u0131, varsa bir yanl\u0131\u015f veya iftira o da Kaz\u0131m Dirik&#8217;e ait.<\/p>\n<p>TBMM&#8217;nin yay\u0131mlad\u0131\u011f\u0131\u00a0<em>&#8216;\u015eeyh Said Mahkemesi Zab\u0131tlar\u0131&#8217;\u00a0<\/em>bu konularla ilgili iddia ve tart\u0131\u015fmalar\u0131 ayd\u0131nlatacak olduk\u00e7a ayr\u0131nt\u0131l\u0131 \u00f6rneklerle dolu.<\/p>\n<p>Devam edece\u011fiz in\u015fallah!<\/p>\n<p><strong>Altan Tan- indyturk.com<\/strong><\/p>\n","protected":false},"excerpt":{"rendered":"<p>&#8216;\u015eeyh Said k\u0131yam\u0131 mahkeme zab\u0131tlar\u0131 (1)&#8217; ba\u015fl\u0131kl\u0131 yaz\u0131mda TBMM ar\u015fivlerinde y\u0131llard\u0131r g\u00fcn \u0131\u015f\u0131\u011f\u0131na \u00e7\u0131kmay\u0131 bekleyen mahkeme zab\u0131tlar\u0131n\u0131n yay\u0131mlanma hikayesini anlatm\u0131\u015ft\u0131m. Allah izin verirse bu konu ile ilgili yazmaya devam edece\u011fim. DAHA FAZLA OKU \u015eeyh Said k\u0131yam\u0131 mahkeme zab\u0131tlar\u0131 (1) TBMM&#8217;nin yay\u0131mlad\u0131\u011f\u0131 mahkeme zab\u0131tlar\u0131 d\u00f6nemin \u00f6nemli bir k\u0131sm\u0131n\u0131 b\u00fcy\u00fck \u00f6l\u00e7\u00fcde ayd\u0131nlatacak bir belge niteli\u011finde. En fazla &hellip;<\/p>\n","protected":false},"author":32,"featured_media":22521,"comment_status":"open","ping_status":"open","sticky":false,"template":"","format":"standard","meta":{"footnotes":""},"categories":[5371],"tags":[1616],"class_list":["post-22520","post","type-post","status-publish","format-standard","has-post-thumbnail","","category-alinti-yazilar","tag-manset"],"_links":{"self":[{"href":"https:\/\/candname.com\/tr\/index.php?rest_route=\/wp\/v2\/posts\/22520","targetHints":{"allow":["GET"]}}],"collection":[{"href":"https:\/\/candname.com\/tr\/index.php?rest_route=\/wp\/v2\/posts"}],"about":[{"href":"https:\/\/candname.com\/tr\/index.php?rest_route=\/wp\/v2\/types\/post"}],"author":[{"embeddable":true,"href":"https:\/\/candname.com\/tr\/index.php?rest_route=\/wp\/v2\/users\/32"}],"replies":[{"embeddable":true,"href":"https:\/\/candname.com\/tr\/index.php?rest_route=%2Fwp%2Fv2%2Fcomments&post=22520"}],"version-history":[{"count":0,"href":"https:\/\/candname.com\/tr\/index.php?rest_route=\/wp\/v2\/posts\/22520\/revisions"}],"wp:featuredmedia":[{"embeddable":true,"href":"https:\/\/candname.com\/tr\/index.php?rest_route=\/wp\/v2\/media\/22521"}],"wp:attachment":[{"href":"https:\/\/candname.com\/tr\/index.php?rest_route=%2Fwp%2Fv2%2Fmedia&parent=22520"}],"wp:term":[{"taxonomy":"category","embeddable":true,"href":"https:\/\/candname.com\/tr\/index.php?rest_route=%2Fwp%2Fv2%2Fcategories&post=22520"},{"taxonomy":"post_tag","embeddable":true,"href":"https:\/\/candname.com\/tr\/index.php?rest_route=%2Fwp%2Fv2%2Ftags&post=22520"}],"curies":[{"name":"wp","href":"https:\/\/api.w.org\/{rel}","templated":true}]}}