{"id":22482,"date":"2023-02-15T12:10:01","date_gmt":"2023-02-15T09:10:01","guid":{"rendered":"https:\/\/candname.com\/tr\/?p=22482"},"modified":"2023-02-15T12:10:53","modified_gmt":"2023-02-15T09:10:53","slug":"depremin-enkazi","status":"publish","type":"post","link":"https:\/\/candname.com\/tr\/?p=22482","title":{"rendered":"Depremin Enkaz\u0131!"},"content":{"rendered":"<p>Modernite neydi, \u00e7a\u011fda\u015fl\u0131k neydi, hakikatten neydi o \u00e7ok bilmi\u015flik ve k\u00f6r sistemin enkaz\u0131nda y\u00fcz y\u0131ld\u0131r \u00e7\u0131kamad\u0131k.<\/p>\n<p>Sistem \u00e7ocuk ya\u015fta bir enkaz\u0131 dikta etti ve T\u00fcrkiye\u2019deki insan geli\u015fimi diktan\u0131n s\u0131n\u0131rlar\u0131nda s\u0131n\u0131rs\u0131z k\u00f6reldi.<\/p>\n<p>Her eve siyaset nifak tohumu koydular ve ba\u015fard\u0131lar da, b\u00f6ylece herkes uzmanla\u015ft\u0131!<\/p>\n<p>Ama kimse mesle\u011finde ta\u015f \u00fczerine ta\u015f koymad\u0131. Fikri hastal\u0131klar meslek geli\u015fiminin \u00f6n\u00fcne ge\u00e7ti.<\/p>\n<p>Yobazlarm\u0131\u015f fikri aksiyonlar hayatlar\u0131m\u0131z\u0131 y\u0131kt\u0131.<\/p>\n<p>\u0130nsanlar\u0131 \u00f6ld\u00fcrd\u00fc,<\/p>\n<p>Eskiden derlerdi ya \u201cYARIM DOKTOR CANDAN eder\u201d evet. T\u00fcrkiye\u2019de her meslek dal\u0131 yar\u0131m yamalak bir d\u00fczenin sistemin enkaz\u0131d\u0131r. Bunlar y\u00fcz\u00fcnde T\u00fcrkiye halklar\u0131n\u0131n g\u00f6zya\u015f\u0131 dinmiyor.<\/p>\n<p>Mimarl\u0131k fak\u00fcltelerin neden kurulmu\u015f ki yerine Deprem m\u00fchendislik fak\u00fclteleri kurulsayd\u0131 belki farkl\u0131 ve olumlu \u015feyler olurdu.<\/p>\n<p>\u0130smin cismi ne oldu\u011fu y\u0131llarca bakanl\u0131klar kuruldu. Deprem Bakanl\u0131\u011f\u0131 kurulsa ne olur ki&#8230; ne olur bilmem sisteme entegre oldu\u011fu i\u00e7in sadece tabela olur o ayr\u0131 bir s\u0131k\u0131nt\u0131.<\/p>\n<p>Arz\u0131m ve hasl\u0131m o dur ki necip T\u00fcrkiye halklar\u0131 sistematik bir hayat\u0131ndan \u00e7ok, \u00e7a\u011flar \u00fcst\u00fc bir neslin in\u015fas\u0131nda \u00f6nc\u00fc bireyler yeti\u015ftirmek.<\/p>\n<p>A\u015fa\u011f\u0131da payla\u015ft\u0131\u011f\u0131m g\u00fcvenli deprem sistemleri muazzaml\u0131\u011f\u0131n\u0131 hayran olmamak elden de\u011fil&#8230;<\/p>\n<p>B\u00f6yle mekanizmalar\u0131 T\u00fcrkiye\u2019de t\u00fcm in\u015faat sekt\u00f6r\u00fcnde mecburi hale gelirse b\u00f6yle dramatik can kayb\u0131 olmaz.<\/p>\n<p>Ne demi\u015fler<\/p>\n<p>\u201cDeprem \u00f6ld\u00fcrmez, tedbirsizlik \u00f6ld\u00fcr\u00fcr\u2026.\u201d<\/p>\n<p>Vesselam&#8230;<\/p>\n<p>&nbsp;<\/p>\n<p><strong>\u015eems Yusuf Derdere<\/strong><\/p>\n<p><img loading=\"lazy\" decoding=\"async\" class=\"alignnone wp-image-22484\" src=\"https:\/\/candname.com\/tr\/wp-content\/uploads\/2023\/02\/erd1.jpeg\" alt=\"\" width=\"607\" height=\"759\" \/> <img loading=\"lazy\" decoding=\"async\" class=\"alignnone size-medium wp-image-22485\" src=\"https:\/\/candname.com\/tr\/wp-content\/uploads\/2023\/02\/erd2.jpeg\" alt=\"\" width=\"960\" height=\"608\" \/> <img loading=\"lazy\" decoding=\"async\" class=\"alignnone size-medium wp-image-22486\" src=\"https:\/\/candname.com\/tr\/wp-content\/uploads\/2023\/02\/erd3.jpeg\" alt=\"\" width=\"512\" height=\"512\" \/> <img loading=\"lazy\" decoding=\"async\" class=\"alignnone wp-image-22487\" src=\"https:\/\/candname.com\/tr\/wp-content\/uploads\/2023\/02\/erd4.jpeg\" alt=\"\" width=\"510\" height=\"335\" srcset=\"https:\/\/candname.com\/tr\/wp-content\/uploads\/2023\/02\/erd4.jpeg 480w, https:\/\/candname.com\/tr\/wp-content\/uploads\/2023\/02\/erd4-310x205.jpeg 310w\" sizes=\"auto, (max-width: 510px) 100vw, 510px\" \/> <img loading=\"lazy\" decoding=\"async\" class=\"alignnone wp-image-22488\" src=\"https:\/\/candname.com\/tr\/wp-content\/uploads\/2023\/02\/erd5.jpeg\" alt=\"\" width=\"529\" height=\"397\" \/> <img loading=\"lazy\" decoding=\"async\" class=\"alignnone size-medium wp-image-22489\" src=\"https:\/\/candname.com\/tr\/wp-content\/uploads\/2023\/02\/erd6.jpeg\" alt=\"\" width=\"1080\" height=\"486\" \/> <img loading=\"lazy\" decoding=\"async\" class=\"alignnone size-medium wp-image-22490\" src=\"https:\/\/candname.com\/tr\/wp-content\/uploads\/2023\/02\/erd7.jpeg\" alt=\"\" width=\"555\" height=\"960\" \/><\/p>\n","protected":false},"excerpt":{"rendered":"<p>Modernite neydi, \u00e7a\u011fda\u015fl\u0131k neydi, hakikatten neydi o \u00e7ok bilmi\u015flik ve k\u00f6r sistemin enkaz\u0131nda y\u00fcz y\u0131ld\u0131r \u00e7\u0131kamad\u0131k. Sistem \u00e7ocuk ya\u015fta bir enkaz\u0131 dikta etti ve T\u00fcrkiye\u2019deki insan geli\u015fimi diktan\u0131n s\u0131n\u0131rlar\u0131nda s\u0131n\u0131rs\u0131z k\u00f6reldi. Her eve siyaset nifak tohumu koydular ve ba\u015fard\u0131lar da, b\u00f6ylece herkes uzmanla\u015ft\u0131! Ama kimse mesle\u011finde ta\u015f \u00fczerine ta\u015f koymad\u0131. Fikri hastal\u0131klar meslek geli\u015fiminin \u00f6n\u00fcne &hellip;<\/p>\n","protected":false},"author":32,"featured_media":22483,"comment_status":"open","ping_status":"open","sticky":false,"template":"","format":"standard","meta":{"footnotes":""},"categories":[65],"tags":[1616,6039],"class_list":["post-22482","post","type-post","status-publish","format-standard","has-post-thumbnail","","category-forum","tag-manset","tag-sernivis"],"_links":{"self":[{"href":"https:\/\/candname.com\/tr\/index.php?rest_route=\/wp\/v2\/posts\/22482","targetHints":{"allow":["GET"]}}],"collection":[{"href":"https:\/\/candname.com\/tr\/index.php?rest_route=\/wp\/v2\/posts"}],"about":[{"href":"https:\/\/candname.com\/tr\/index.php?rest_route=\/wp\/v2\/types\/post"}],"author":[{"embeddable":true,"href":"https:\/\/candname.com\/tr\/index.php?rest_route=\/wp\/v2\/users\/32"}],"replies":[{"embeddable":true,"href":"https:\/\/candname.com\/tr\/index.php?rest_route=%2Fwp%2Fv2%2Fcomments&post=22482"}],"version-history":[{"count":0,"href":"https:\/\/candname.com\/tr\/index.php?rest_route=\/wp\/v2\/posts\/22482\/revisions"}],"wp:featuredmedia":[{"embeddable":true,"href":"https:\/\/candname.com\/tr\/index.php?rest_route=\/wp\/v2\/media\/22483"}],"wp:attachment":[{"href":"https:\/\/candname.com\/tr\/index.php?rest_route=%2Fwp%2Fv2%2Fmedia&parent=22482"}],"wp:term":[{"taxonomy":"category","embeddable":true,"href":"https:\/\/candname.com\/tr\/index.php?rest_route=%2Fwp%2Fv2%2Fcategories&post=22482"},{"taxonomy":"post_tag","embeddable":true,"href":"https:\/\/candname.com\/tr\/index.php?rest_route=%2Fwp%2Fv2%2Ftags&post=22482"}],"curies":[{"name":"wp","href":"https:\/\/api.w.org\/{rel}","templated":true}]}}