{"id":22478,"date":"2023-01-18T19:37:23","date_gmt":"2023-01-18T16:37:23","guid":{"rendered":"https:\/\/candname.com\/tr\/?p=22478"},"modified":"2023-01-18T19:38:01","modified_gmt":"2023-01-18T16:38:01","slug":"nubihar-dernegi-kurtce-secmeli-dersleri-mutlaka-tercih-edelim","status":"publish","type":"post","link":"https:\/\/candname.com\/tr\/?p=22478","title":{"rendered":"N\u00fbbihar Derne\u011fi: K\u00dcRT\u00c7E SE\u00c7MEL\u0130 DERSLER\u0130 MUTLAKA TERC\u0130H EDEL\u0130M"},"content":{"rendered":"<p>N\u00fbbihar Derne\u011fi K\u00fcrt\u00e7e se\u00e7meli ders hakk\u0131nda bir duyuru yay\u0131nlad\u0131. Derne\u011fin duyurusu oldu\u011fu gibi yay\u0131nl\u0131yoruz:<\/p>\n<p>Orta kademedeki okullarda ders se\u00e7imi her y\u0131l \u00f6\u011frencilere tan\u0131nan resmi bir hakt\u0131r. 5-6-7-8. s\u0131n\u0131flar\u0131n se\u00e7meli dersleri i\u00e7erisinde K\u00fcrt\u00e7e\u2019nin Kurmancca ve Zazaca leh\u00e7eleri de bulunmaktad\u0131r. Her y\u0131l bir sonraki e\u011fitim ve \u00f6\u011fretim y\u0131l\u0131nda al\u0131nacak se\u00e7meli ders hakk\u0131ndan yararlanmak i\u00e7in, okul m\u00fcd\u00fcrl\u00fcklerine okuldan al\u0131nacak bir dilek\u00e7e ile ba\u015fvurmak gerekiyor. K\u00fcrt\u00e7e dersleri almak i\u00e7in de dilek\u00e7enin alt\u0131ndaki se\u00e7meli ders listesinden Kurmancca veya Zazacay\u0131 i\u015faretlemek gerekiyor. Bu y\u0131l, 2023-2024 e\u011fitim \u00f6\u011fretim y\u0131l\u0131 i\u00e7in se\u00e7meli ders ba\u015fvurular\u0131 10 \u015eubat 2023\u2019e kadar yap\u0131labilecek.<\/p>\n<p>Ge\u00e7ti\u011fimiz y\u0131l 20.265 \u00f6\u011frenci K\u00fcrt\u00e7e se\u00e7meli ders tercihinde bulunmu\u015ftu. Bununla birlikte \u00e7ok az say\u0131daki okulda K\u00fcrt\u00e7e se\u00e7meli dersler a\u00e7\u0131lm\u0131\u015ft\u0131. Bunun en \u00f6nemli nedeni K\u00fcrt\u00e7e \u00f6\u011fretmen atamalar\u0131n\u0131n y\u0131lda 2-3 kadro gibi \u00e7ok d\u00fc\u015f\u00fck bir say\u0131 ile s\u0131n\u0131rl\u0131 kalmas\u0131d\u0131r.<\/p>\n<p>\u015eu an t\u00fcm T\u00fcrkiye\u2019de sadece 75 dolay\u0131nda K\u00fcrt\u00e7e \u00f6\u011fretmeni bulunmaktad\u0131r. Kimi \u00f6\u011fretmenler okullarda K\u00fcrt\u00e7e derslerin a\u00e7\u0131lmas\u0131nda kolayl\u0131k sa\u011flanmamas\u0131ndan kaynakl\u0131 olarak alanlar\u0131n\u0131 de\u011fi\u015ftirme yoluna gitmektedirler. Bu nedenle mevcut \u00f6\u011fretmen say\u0131s\u0131nda da azalma olmaktad\u0131r.<\/p>\n<p>K\u00fcrt\u00e7e se\u00e7meli dersler resmi olarak m\u00fcfredatta yer ald\u0131\u011f\u0131na g\u00f6re ve halk da \u00f6nemli bir oranda (20.265 \u00f6\u011frenci) bu dersleri talep etti\u011fine g\u00f6re, bu taleplerin kar\u015f\u0131lanabilmesi i\u00e7in en az 250 yeni \u00f6\u011fretmen atamas\u0131 gerekmektedir.<\/p>\n<p>Buna ilaveten Milli E\u011fitim Bakanl\u0131\u011f\u0131\u2019n\u0131n, il ve il\u00e7e Milli E\u011fitim m\u00fcd\u00fcrl\u00fcklerine K\u00fcrt\u00e7e se\u00e7meli derslerin \u00f6n\u00fcn\u00fcn a\u00e7\u0131lmas\u0131 y\u00f6n\u00fcnde bir a\u00e7\u0131klama yapmas\u0131nda b\u00fcy\u00fck yarar vard\u0131r. B\u00f6yle bir a\u00e7\u0131klama ile okul idarelerinin daha rahat hareket edecekleri ve ders se\u00e7im say\u0131s\u0131nda art\u0131\u015f olaca\u011f\u0131 \u015f\u00fcphesizdir.<\/p>\n<p>Biz N\u00fbbihar E\u011fitim ve K\u00fclt\u00fcr Derne\u011fi olarak t\u00fcm velilerin \u00e7ocuklar\u0131 i\u00e7in K\u00fcrt\u00e7e se\u00e7meli ders hakk\u0131n\u0131 kullanmalar\u0131n\u0131 \u00f6neriyoruz. \u00c7ocuklar, anadillerini okul ortam\u0131nda \u00f6\u011frenebilmeli, geli\u015ftirebilmeli ve bu temel haktan mahrum b\u0131rak\u0131lmamal\u0131d\u0131r.<\/p>\n<p>Haydi! K\u00fcrt\u00e7e se\u00e7meli dersleri se\u00e7mek i\u00e7in 10 \u015eubat\u2019tan \u00f6nce okullara gidip dilek\u00e7emizi verelim ve bu temel haktan yararlanal\u0131m.<\/p>\n<p><strong>N\u00fbbihar E\u011fitim ve K\u00fclt\u00fcr Derne\u011fi<\/strong><\/p>\n<p>Kaynak: komanubihar.org<\/p>\n<p>&nbsp;<\/p>\n","protected":false},"excerpt":{"rendered":"<p>N\u00fbbihar Derne\u011fi K\u00fcrt\u00e7e se\u00e7meli ders hakk\u0131nda bir duyuru yay\u0131nlad\u0131. Derne\u011fin duyurusu oldu\u011fu gibi yay\u0131nl\u0131yoruz: Orta kademedeki okullarda ders se\u00e7imi her y\u0131l \u00f6\u011frencilere tan\u0131nan resmi bir hakt\u0131r. 5-6-7-8. s\u0131n\u0131flar\u0131n se\u00e7meli dersleri i\u00e7erisinde K\u00fcrt\u00e7e\u2019nin Kurmancca ve Zazaca leh\u00e7eleri de bulunmaktad\u0131r. Her y\u0131l bir sonraki e\u011fitim ve \u00f6\u011fretim y\u0131l\u0131nda al\u0131nacak se\u00e7meli ders hakk\u0131ndan yararlanmak i\u00e7in, okul m\u00fcd\u00fcrl\u00fcklerine okuldan &hellip;<\/p>\n","protected":false},"author":32,"featured_media":22479,"comment_status":"open","ping_status":"open","sticky":false,"template":"","format":"standard","meta":{"footnotes":""},"categories":[23],"tags":[6038,141,6036,1616,5457,5930,6037,1340],"class_list":["post-22478","post","type-post","status-publish","format-standard","has-post-thumbnail","","category-egitim","tag-din-dersleri","tag-kurtce","tag-kurtce-secmeli","tag-manset","tag-nubihar-dernegi","tag-nubihar-komele","tag-secmeli-dersler","tag-turkce"],"_links":{"self":[{"href":"https:\/\/candname.com\/tr\/index.php?rest_route=\/wp\/v2\/posts\/22478","targetHints":{"allow":["GET"]}}],"collection":[{"href":"https:\/\/candname.com\/tr\/index.php?rest_route=\/wp\/v2\/posts"}],"about":[{"href":"https:\/\/candname.com\/tr\/index.php?rest_route=\/wp\/v2\/types\/post"}],"author":[{"embeddable":true,"href":"https:\/\/candname.com\/tr\/index.php?rest_route=\/wp\/v2\/users\/32"}],"replies":[{"embeddable":true,"href":"https:\/\/candname.com\/tr\/index.php?rest_route=%2Fwp%2Fv2%2Fcomments&post=22478"}],"version-history":[{"count":0,"href":"https:\/\/candname.com\/tr\/index.php?rest_route=\/wp\/v2\/posts\/22478\/revisions"}],"wp:featuredmedia":[{"embeddable":true,"href":"https:\/\/candname.com\/tr\/index.php?rest_route=\/wp\/v2\/media\/22479"}],"wp:attachment":[{"href":"https:\/\/candname.com\/tr\/index.php?rest_route=%2Fwp%2Fv2%2Fmedia&parent=22478"}],"wp:term":[{"taxonomy":"category","embeddable":true,"href":"https:\/\/candname.com\/tr\/index.php?rest_route=%2Fwp%2Fv2%2Fcategories&post=22478"},{"taxonomy":"post_tag","embeddable":true,"href":"https:\/\/candname.com\/tr\/index.php?rest_route=%2Fwp%2Fv2%2Ftags&post=22478"}],"curies":[{"name":"wp","href":"https:\/\/api.w.org\/{rel}","templated":true}]}}