{"id":22444,"date":"2022-12-07T13:44:35","date_gmt":"2022-12-07T10:44:35","guid":{"rendered":"https:\/\/candname.com\/tr\/?p=22444"},"modified":"2022-12-06T13:55:06","modified_gmt":"2022-12-06T10:55:06","slug":"kurt-asiretleri","status":"publish","type":"post","link":"https:\/\/candname.com\/tr\/?p=22444","title":{"rendered":"K\u00fcrt A\u015firetleri"},"content":{"rendered":"<div>\n<div class=\"author\">Tuncay \u015eur (Derleyen),\u00a0Yal\u00e7\u0131n \u00c7akmak (Derleyen)<\/div>\n<div><\/div>\n<div class=\"spot mt-3\">Bir bu\u0308tu\u0308n olarak as\u0327iret ilis\u0327kileri ve olgusunun is\u0327leyis\u0327ine dair genel bir c\u0327erc\u0327eve sunan Tuncay S\u0327ur ve Yalc\u0327\u0131n C\u0327akmak\u2019\u0131n derledig\u0306i Ku\u0308rt As\u0327iretleri, birc\u0327ok as\u0327ireti gerek kendi tarihleri, gerek tarihsel konumlanmalar\u0131 c\u0327erc\u0327evesinde panoramik bic\u0327imde ele al\u0131yor.<\/div>\n<p>Osmanl\u0131\u2019yla mu\u0308ttefiklikten du\u0308s\u0327manl\u0131g\u0306a uzanan ilis\u0327kileri sonucu Ku\u0308rt as\u0327iretleri, 16. yu\u0308zy\u0131ldan itibaren su\u0308rekli olarak bir \u0131slah c\u0327abas\u0131n\u0131n nesnesi, \u201cs\u0327aki\u0302lig\u0306in membas\u0131\u201d olarak kay\u0131tlara gec\u0327ti, buna uygun bir muameleyle kars\u0327\u0131 kars\u0327\u0131ya kald\u0131. 18. yu\u0308zy\u0131l\u0131n ilk yar\u0131s\u0131na kadar genis\u0327 bir cog\u0306rafya u\u0308zerinde otonom ve yar\u0131 otonom bir s\u0327ekilde hu\u0308ku\u0308mranl\u0131k su\u0308ru\u0308p imparatorlug\u0306un takdir, taltif ve terfilerine mazhar olan da yine bu Ku\u0308rt as\u0327iretleri oldu. Zaman ic\u0327inde yog\u0306unlas\u0327an merkeziles\u0327me politikalar\u0131yla beraber Ku\u0308rt as\u0327iretlerinin devletle ilis\u0327kisi, c\u0327es\u0327itli bic\u0327imlerde deg\u0306is\u0327se de ana eksen sabitti: II. Abdu\u0308lhamit\u2019ten I\u0307ttihat ve Terakki\u2019ye ve nihayet Cumhuriyet\u2019e devreden ilis\u0327ki kars\u0327\u0131l\u0131kl\u0131 c\u0327\u0131karlara dayal\u0131, itaatle isyan aras\u0131nda sal\u0131nan bir politik du\u0308zlemde belirlendi. Her as\u0327iretinse elbette kendi hususiyeti, tarihi, politik kabiliyeti, ayr\u0131 ayr\u0131 s\u0327ahsiyeti vard\u0131.<\/p>\n<p>Bir bu\u0308tu\u0308n olarak as\u0327iret ilis\u0327kileri ve olgusunun is\u0327leyis\u0327ine dair genel bir c\u0327erc\u0327eve sunan Tuncay S\u0327ur ve Yalc\u0327\u0131n C\u0327akmak\u2019\u0131n derledig\u0306i Ku\u0308rt As\u0327iretleri, birc\u0327ok as\u0327ireti gerek kendi tarihleri, gerek tarihsel konumlanmalar\u0131 c\u0327erc\u0327evesinde panoramik bic\u0327imde ele al\u0131yor.<\/p>\n<p>As\u0327iretler konusunda zengin bir bak\u0131s\u0327 ac\u0327\u0131s\u0131 sunan, kapsaml\u0131 bir derleme&#8230;<\/p>\n<p>Suavi Ayd\u0131n, Ali Haydar Bektas\u0327, Burak Bektas\u0327, Hasan Bic\u0327im, Hamit Bozarslan, Serhat Bozkurt, Safiye Ates\u0327 Burc\u0327, Yalc\u0327\u0131n C\u0327akmak, Ercan C\u0327ag\u0306layan, Go\u0308khan C\u0327etinsaya, Erdal C\u0327iftc\u0327i, Berhan Aren C\u0327oban, Fasih Dinc\u0327, Mehmet Re\u0302zan Ekinci, Kamil F\u0131rat, Mehmet Fig\u0306an, Suphi I\u0307zol, Hakan Kaya, Yener Koc\u0327, I\u0307smet Konak, Orhan O\u0308rs, Tuncay S\u0327ur, Gu\u0308ltekin Uc\u0327ar, Sedat Ulugana, Martin van Bruinessen, Hiroki Wakamatsu ve Lale Yalc\u0327\u0131n-Heckmann\u2019\u0131n katk\u0131lar\u0131yla&#8230;<\/p>\n<p>&nbsp;<\/p>\n<\/div>\n<div class=\"mt-3\">\n<div><strong>Kitapta yer alan b\u00f6l\u00fcmler<\/strong><\/div>\n<table class=\"table table-striped table-sm table-hover\">\n<tbody>\n<tr>\n<td>K\u00fcrt A\u015firetlerinin Muhtelif Tezah\u00fcrleri<\/td>\n<td><a href=\"https:\/\/iletisim.com.tr\/kisi\/martin-van-bruinessen\/5141\">Martin van Bruinessen<\/a><\/td>\n<\/tr>\n<tr>\n<td>A\u015firetler ve Siyaset<\/td>\n<td><a href=\"https:\/\/iletisim.com.tr\/kisi\/hamit-bozarslan\/6714\">Hamit Bozarslan<\/a><\/td>\n<\/tr>\n<tr>\n<td>Tori ve Boti: Dicle\u2019nin Kesti\u011fi Co\u011frafyada A\u015firetler ve A\u015firet \u0130li\u015fkileri<\/td>\n<td><a href=\"https:\/\/iletisim.com.tr\/kisi\/suavi-aydin\/6191\">Suavi Ayd\u0131n<\/a><\/td>\n<\/tr>\n<tr>\n<td>Son D\u00f6nem Osmanl\u0131s\u0131nda A\u015firetlerle \u0130lgili Yap\u0131lan Kanuni D\u00fczenlemelere Dair Bir Bilan\u00e7o Denemesi (1909-1917)<\/td>\n<td><a href=\"https:\/\/iletisim.com.tr\/kisi\/serhat-bozkurt\/10656\">Serhat Bozkurt<\/a><\/td>\n<\/tr>\n<tr>\n<td>Hemavend A\u015fireti<\/td>\n<td><a href=\"https:\/\/iletisim.com.tr\/kisi\/gokhan-cetinsaya\/13832\">G\u00f6khan \u00c7etinsaya<\/a><\/td>\n<\/tr>\n<tr>\n<td>\u201cMitik Bir Yurt\u201d Olarak Horasan\u2019dan Dersim\u2019e \u015eeyh\/\u015e\u0131h Hasan A\u015firetleri<\/td>\n<td><a href=\"https:\/\/iletisim.com.tr\/kisi\/yalcin-cakmak\/11256\">Yal\u00e7\u0131n \u00c7akmak<\/a><\/td>\n<\/tr>\n<tr>\n<td>K\u00fcrt A\u015firetleri, A\u015firet Liderleri ve Global S\u00fcre\u00e7ler: Hakk\u00e2ri\u2019de Oramar\u00ee \u00d6rne\u011fi<\/td>\n<td><a href=\"https:\/\/iletisim.com.tr\/kisi\/lale-yalcin-heckmann\/5603\">Lale Yal\u00e7\u0131n &#8211; Heckmann<\/a><\/td>\n<\/tr>\n<tr>\n<td>Pastoral Hayat\u0131n Son Temsilcileri: Beritanlar<\/td>\n<td><a href=\"https:\/\/iletisim.com.tr\/kisi\/ercan-caglayan\/10002\">Ercan \u00c7a\u011flayan<\/a><\/td>\n<\/tr>\n<tr>\n<td>A\u015firetten Paramiliter \u00d6rg\u00fcte: Bucaklar<\/td>\n<td><a href=\"https:\/\/iletisim.com.tr\/kisi\/tuncay-sur\/12347\">Tuncay \u015eur<\/a><\/td>\n<\/tr>\n<tr>\n<td>Etnik Kimli\u011fin De\u011fi\u015fken Do\u011fas\u0131n\u0131 Hormek A\u015fireti \u00dczerinden Okumak<\/td>\n<td><a href=\"https:\/\/iletisim.com.tr\/kisi\/kamil-firat\/16063\">Kamil F\u0131rat<\/a><\/td>\n<\/tr>\n<tr>\n<td>19. ve 20. Y\u00fczy\u0131llarda Milli\/Milan A\u015fireti<\/td>\n<td><a href=\"https:\/\/iletisim.com.tr\/kisi\/mehmet-rezan-ekinci\/16064\">Mehmet Rezan Ekinci<\/a><\/td>\n<\/tr>\n<tr>\n<td>K\u00fcrt Tarihinde M\u00fcteferrik Bir A\u015firet: Bir\u00fbkanlar<\/td>\n<td><a href=\"https:\/\/iletisim.com.tr\/kisi\/ismet-konak\/14704\">\u0130smet Konak<\/a><\/td>\n<\/tr>\n<tr>\n<td>Osmanl\u0131\u2019dan Cumhuriyet\u2019e Hayal\u00ee Bir Cemaat Olarak Heyderan A\u015fireti ve De\u011fi\u015fimi<\/td>\n<td><a href=\"https:\/\/iletisim.com.tr\/kisi\/erdal-cIftci\/15762\">Erdal \u00c7\u0130ft\u00e7i<\/a><\/td>\n<\/tr>\n<tr>\n<td>Ko\u00e7giri ve \u201cA\u015firetleri\u201d<\/td>\n<td><a href=\"https:\/\/iletisim.com.tr\/kisi\/ali-haydar-bektas\/16065\">Ali Haydar Bekta\u015f<\/a>,\u00a0<a href=\"https:\/\/iletisim.com.tr\/kisi\/burak-bektas\/16066\">Burak Bekta\u015f<\/a>,\u00a0<a href=\"https:\/\/iletisim.com.tr\/kisi\/gultekin-ucar\/16067\">G\u00fcltekin U\u00e7ar<\/a><\/td>\n<\/tr>\n<tr>\n<td>Celali A\u015fireti: \u00dc\u00e7 \u0130mparatorlu\u011fun S\u0131n\u0131r\u0131nda<\/td>\n<td><a href=\"https:\/\/iletisim.com.tr\/kisi\/yener-koc\/16068\">Yener Ko\u00e7<\/a><\/td>\n<\/tr>\n<tr>\n<td>\u201c\u015eiddet Y\u00fczy\u0131l\u0131\u201d \u0130\u00e7inde D\u00f6rt S\u0131n\u0131rda\u015f A\u015firet: Hesenan, Cibran, Penc\u00eenaran ve Xweyt\u00ee (1837-1937)<\/td>\n<td><a href=\"https:\/\/iletisim.com.tr\/kisi\/sedat-ulugana\/16069\">Sedat Ulugana<\/a><\/td>\n<\/tr>\n<tr>\n<td>Banoki A\u015firetinin Bellek ve Belgelerdeki Tarihi<\/td>\n<td><a href=\"https:\/\/iletisim.com.tr\/kisi\/orhan-ors\/16070\">Orhan \u00d6rs<\/a><\/td>\n<\/tr>\n<tr>\n<td>Boz Aban\u0131n Alt\u0131ndakiler: Alxas (Alhas) A\u015fireti<\/td>\n<td><a href=\"https:\/\/iletisim.com.tr\/kisi\/berhan-aren-coban\/16071\">Berhan Aren \u00c7oban<\/a><\/td>\n<\/tr>\n<tr>\n<td>Metinan A\u015fireti: Anlat\u0131dan Tarih\u00ee Belgelere Bir A\u015firetin \u0130zini S\u00fcrmek<\/td>\n<td><a href=\"https:\/\/iletisim.com.tr\/kisi\/safiye-ates-burc\/16072\">Safiye Ate\u015f Bur\u00e7<\/a><\/td>\n<\/tr>\n<tr>\n<td>S\u0131n\u0131rda \u00dc\u00e7\u00fcnc\u00fc Bir G\u00fc\u00e7 Olarak Caf A\u015fireti: Beyler, \u015eairler ve Siyaset<\/td>\n<td><a href=\"https:\/\/iletisim.com.tr\/kisi\/fasih-dinc\/16073\">Fasih Din\u00e7<\/a><\/td>\n<\/tr>\n<tr>\n<td>Dicle\u2019nin ve Hasankeyf\u2019in Y\u00fczy\u0131ll\u0131k A\u011f\u0131tlar\u0131: Batman ve Raman A\u015fireti<\/td>\n<td><a href=\"https:\/\/iletisim.com.tr\/kisi\/hasan-bicim\/16074\">Hasan Bi\u00e7im<\/a><\/td>\n<\/tr>\n<tr>\n<td>Anadolu\u2019nun \u0130\u00e7lerine Y\u00f6nelen Bir Yolculu\u011fun Hik\u00e2yesi: \u015eeyh B\u0131z\u0131n A\u015fireti<\/td>\n<td><a href=\"https:\/\/iletisim.com.tr\/kisi\/mehmet-figan\/16075\">Mehmet Fi\u011fan<\/a><\/td>\n<\/tr>\n<tr>\n<td>Tarihsel S\u00fcre\u00e7te Hizol A\u015fireti<\/td>\n<td><a href=\"https:\/\/iletisim.com.tr\/kisi\/suphi-izol\/16076\">Suphi \u0130zol<\/a><\/td>\n<\/tr>\n<tr>\n<td>A\u015firet Kavram\u0131 ile Etnik Aidiyetin Olu\u015fumuna \u00d6rnek Olarak Lolan A\u015fireti<\/td>\n<td><a href=\"https:\/\/iletisim.com.tr\/kisi\/hiroki-wakamatsu\/16077\">Hiroki Wakamatsu<\/a><\/td>\n<\/tr>\n<tr>\n<td>Diyarbekir\u2019den Serhad\u2019a Kadim Bir A\u015firet: Zilan<\/td>\n<td><a href=\"https:\/\/iletisim.com.tr\/kisi\/hakan-kaya\/16078\">Hakan Kaya<\/a><\/td>\n<\/tr>\n<\/tbody>\n<\/table>\n<p>\u0130leti\u015fim yay\u0131nlar\u0131<\/p>\n<div class=\"mt-2\">1. bask\u0131 &#8211; Nisan 2022-512 sayfa<\/div>\n<\/div>\n","protected":false},"excerpt":{"rendered":"<p>Tuncay \u015eur (Derleyen),\u00a0Yal\u00e7\u0131n \u00c7akmak (Derleyen) Bir bu\u0308tu\u0308n olarak as\u0327iret ilis\u0327kileri ve olgusunun is\u0327leyis\u0327ine dair genel bir c\u0327erc\u0327eve sunan Tuncay S\u0327ur ve Yalc\u0327\u0131n C\u0327akmak\u2019\u0131n derledig\u0306i Ku\u0308rt As\u0327iretleri, birc\u0327ok as\u0327ireti gerek kendi tarihleri, gerek tarihsel konumlanmalar\u0131 c\u0327erc\u0327evesinde panoramik bic\u0327imde ele al\u0131yor. Osmanl\u0131\u2019yla mu\u0308ttefiklikten du\u0308s\u0327manl\u0131g\u0306a uzanan ilis\u0327kileri sonucu Ku\u0308rt as\u0327iretleri, 16. yu\u0308zy\u0131ldan itibaren su\u0308rekli olarak bir \u0131slah c\u0327abas\u0131n\u0131n &hellip;<\/p>\n","protected":false},"author":32,"featured_media":22445,"comment_status":"open","ping_status":"open","sticky":false,"template":"","format":"standard","meta":{"footnotes":""},"categories":[1746],"tags":[6007,6006,654,1616,6005,6008,5580],"class_list":["post-22444","post","type-post","status-publish","format-standard","has-post-thumbnail","","category-kitapcilik","tag-boylar","tag-iletisim-yayinlari","tag-kurt-asiretleri","tag-manset","tag-turk-asiretleri","tag-turk-boyu","tag-turkler"],"_links":{"self":[{"href":"https:\/\/candname.com\/tr\/index.php?rest_route=\/wp\/v2\/posts\/22444","targetHints":{"allow":["GET"]}}],"collection":[{"href":"https:\/\/candname.com\/tr\/index.php?rest_route=\/wp\/v2\/posts"}],"about":[{"href":"https:\/\/candname.com\/tr\/index.php?rest_route=\/wp\/v2\/types\/post"}],"author":[{"embeddable":true,"href":"https:\/\/candname.com\/tr\/index.php?rest_route=\/wp\/v2\/users\/32"}],"replies":[{"embeddable":true,"href":"https:\/\/candname.com\/tr\/index.php?rest_route=%2Fwp%2Fv2%2Fcomments&post=22444"}],"version-history":[{"count":0,"href":"https:\/\/candname.com\/tr\/index.php?rest_route=\/wp\/v2\/posts\/22444\/revisions"}],"wp:featuredmedia":[{"embeddable":true,"href":"https:\/\/candname.com\/tr\/index.php?rest_route=\/wp\/v2\/media\/22445"}],"wp:attachment":[{"href":"https:\/\/candname.com\/tr\/index.php?rest_route=%2Fwp%2Fv2%2Fmedia&parent=22444"}],"wp:term":[{"taxonomy":"category","embeddable":true,"href":"https:\/\/candname.com\/tr\/index.php?rest_route=%2Fwp%2Fv2%2Fcategories&post=22444"},{"taxonomy":"post_tag","embeddable":true,"href":"https:\/\/candname.com\/tr\/index.php?rest_route=%2Fwp%2Fv2%2Ftags&post=22444"}],"curies":[{"name":"wp","href":"https:\/\/api.w.org\/{rel}","templated":true}]}}