{"id":22431,"date":"2022-12-01T18:38:58","date_gmt":"2022-12-01T15:38:58","guid":{"rendered":"https:\/\/candname.com\/tr\/?p=22431"},"modified":"2022-12-01T18:38:58","modified_gmt":"2022-12-01T15:38:58","slug":"nubihar-dergisinin-161-sayisi-cikti","status":"publish","type":"post","link":"https:\/\/candname.com\/tr\/?p=22431","title":{"rendered":"N\u00fbbihar dergisinin 161. Say\u0131s\u0131 \u00e7\u0131kt\u0131!"},"content":{"rendered":"<p>3 ayda bir tamamen K\u00fcrt\u00e7e \u00e7\u0131kan ve bu y\u0131l 30. y\u0131l\u0131n\u0131 ya\u015fayan N\u00fbbihar dergisinin 161. say\u0131s\u0131 da \u00e7\u0131kt\u0131. Derginin edit\u00f6r\u00fc S\u00fcleyman \u00c7evik sunu\u015f yaz\u0131s\u0131nda k\u0131saca dergi sat\u0131\u015f\u0131n\u0131n d\u00fc\u015fmesinden ve K\u00fcrt yay\u0131nc\u0131l\u0131\u011f\u0131n\u0131n zorluklar\u0131ndan bahsetmi\u015f.<\/p>\n<p>Rohat Alakom yaz\u0131s\u0131nda babas\u0131 Gul\u00ee Cewar Axa ile beraber Rus Ordusunda general olan El\u00ee E\u015fref Beg\u2019in birka\u00e7 foto\u011fraf\u0131 \u00fczerine geni\u015f bir analiz yapm\u0131\u015f. Alakom\u2019a g\u00f6re 2012 y\u0131l\u0131ndan itibaren Rus ar\u015fivlerinden \u00e7\u0131kan El\u00ee E\u015fref Beg\u2019in bir \u00e7ok foto\u011fraf\u0131 beraberinde bir \u00e7ok tarihi bilgiyi de getirmi\u015f.<\/p>\n<p>Abdurrahman Adak bu say\u0131da Seyid Ebdullah\u00ea Nehr\u00ee taraf\u0131ndan 200 k\u00fcsur sene \u00f6nce yaz\u0131lan \u201cXulase\u00ea Eq\u00eede\u201d adl\u0131 Akide kitab\u0131 \u00fczerine yazm\u0131\u015f. Adak\u2019a g\u00f6re, Kurdizade Ahmed Ramiz ilk olarak bu kitab\u0131 1911 y\u0131l\u0131nda \u00fczerinde yazar\u0131 olmadan basm\u0131\u015f. Bu nedenle sonraki y\u0131llarda elden ele dola\u015fan bu kitap bir \u00e7ok ki\u015finin ad\u0131yla bas\u0131lm\u0131\u015f.<\/p>\n<p>Mehmet Emin Cirik bu say\u0131da Kalenderiye Tarikat\u0131 \u00fczerine yazm\u0131\u015f.<\/p>\n<p>Lokman Polat Rojb\u00een \u00d6zkan\u2019\u0131n Qenew\u00ee\u00e7e kitab\u0131n\u0131, Dr. \u00d6mer Ulu\u00e7ay da Receb Dildar\u2019\u0131n B\u00eajan adl\u0131 roman\u0131n\u0131 de\u011ferlendirmi\u015f.<\/p>\n<p>Hanifi Ta\u015fk\u0131n, Sid\u00eeq Gor\u00eecan ve M. Muhemmed Gulnar Hizan\u2019\u0131n \u00c7em\u00ea Xan\u00ea adl\u0131 k\u00f6y\u00fcne seyahate \u00e7\u0131km\u0131\u015flar. Hanifi Ta\u015fk\u0131n bu say\u0131da bu geziyi ve ya\u015fad\u0131klar\u0131n\u0131 yazm\u0131\u015f.<\/p>\n<p>Bu say\u0131n\u0131n s\u00f6yle\u015fisini Muaz \u00c7etin Yaq\u00fbb Karademir re yapm\u0131\u015f. Halen Fransa\u2019da Paris K\u00fcrt Enstit\u00fcs\u00fc\u2019nde \u00e7al\u0131\u015fan Yaq\u00fbb Karademir s\u00f6yle\u015fide buradaki hayat\u0131ndan ve \u00e7al\u0131\u015fmalar\u0131ndan bahsetmi\u015f.<\/p>\n<p>Yaz\u0131 ve hikayeleriyle ayr\u0131ca \u015fu ki\u015filer bu say\u0131da yer alm\u0131\u015f: Abdullah Can, Sabri Akbel, Zana \u015eaybak, Abdurrahman Benek, Seher Bi\u015faro\u011flu Karak, Murad Pola, Felat Dilge\u015f, Ebru Y\u0131lmaz, Dilazad A.R.T, R\u00eazan Diljen, Memet \u00c7a\u011fdavul ve M. Zana Karak.<\/p>\n<p>Bu say\u0131n\u0131n \u015fairleri ise \u015f\u00f6yle s\u0131ralanm\u0131\u015f: Rojen Barnas, H\u00eewa Qadir, Berken Bereh, Hafiz\u00ea \u015eiraz\u00ee, Mem Med, Zeynep \u00c7elik, Sabri Akbel, Seyyid Riss\u00een\u00ee, M\u00eer \u015ead, Rainer Maria Rilke, Cahit S\u0131tk\u0131 Taranc\u0131, Sid\u00eeq Gor\u00eecan, Muqades Agir\u00ee, Ahmed Arif, \u015eaban \u015eenate\u015f, Raif Yaman, Mustafa Acar, Nes\u00eem\u00ee, Evdilxaliq\u00ea \u00cesa ve Azad R\u00eabiwar.<\/p>\n<p><strong>\u00a0<\/strong><\/p>\n<p><strong>\u00a0<\/strong><\/p>\n<ol start=\"161\">\n<li>say\u0131n\u0131n i\u00e7eri\u011fi ise \u015f\u00f6yle:<\/li>\n<\/ol>\n<p><strong>S\u00fcleyman \u00c7evik\/<\/strong>Ji Ed\u00eetor<\/p>\n<p><strong>Rohat Alakom<\/strong> \/Anal\u00eezeke \u00e7end w\u00eaney\u00ean El\u00ee E\u015fref Beg\u00ea (Werger: Mehmed Dehsiwar)<\/p>\n<p><strong>Rojen Barnas<\/strong>\/Zan\u00eenometre<\/p>\n<p><strong>Abdurrahman Adak<\/strong>\/Maceraya Xulase\u00ea Eqa\u00eeda Sey\u00eed Ebdullah\u00ea Nehr\u00ee<\/p>\n<p><strong>H\u00eewa Qadir<\/strong>\/Tehliyek di dev\u00ea min da ye (Ji Soran\u00ee: Reb\u00een Mihemed)<\/p>\n<p><strong>Berken Bereh<\/strong>\/Beng\u00ee<\/p>\n<p><strong>Abdullah Can<\/strong>\/Ji Tirknijadek\u00ee mijara Kurd \u00fb Kurdistan\u00ea<\/p>\n<p><strong>Hafiz\u00ea \u015e\u00eeraz\u00ee<\/strong>\/Te d\u00ee ey dil ku d\u00eesa xema e\u015fqa yar \u00e7i kir (Wergera Ji Faris\u00ee: Hayrullah Acar)<\/p>\n<p><strong>Mem Med<\/strong>\/\u00cad\u00ee Ege nec\u00ees e<\/p>\n<p><strong>Sabri Akbel<\/strong>\/Qedera \u00cazingvan<\/p>\n<p><strong>Zana \u015eaybak<\/strong>\/Qes\u00eedeb\u00eaj\u00ee \u00fb Dengb\u00eaj\u00ee<\/p>\n<p><strong>Abdurrahman Benek<\/strong>\/Dara Ziman<\/p>\n<p><strong>Zeynep \u00c7elik<\/strong>\/Demsal Pay\u00eez e<\/p>\n<p><strong>Yaq\u00fbb Karademir<\/strong>\/Mezheb \u00fb \u00eedeoloj\u00ee me ji hev dixin, ziman \u00fb \u00e7anda me dikare me bike yek! (Hevpeyv\u00een: Muaz \u00c7etin)<\/p>\n<p><strong>Sabri Akbel<\/strong>\/Yad\u00ea li min sar e<\/p>\n<p><strong>Seyyid\/<\/strong>Riss\u00een\u00ee Wer<\/p>\n<p><strong>Seher Bi\u015faro\u011flu Karak<\/strong>\/Du Helbest\u00ean Kurd\u00ee y\u00ean \u015e\u00eax \u00cesma\u00eel\u00ea Hezroy\u00ee<\/p>\n<p><strong>M\u00eer \u015ead<\/strong>\/Pifke Day\u00ea<\/p>\n<p><strong>Dr. \u00d6mer Ulu\u00e7ay<\/strong>\/Romana Pol\u00eas\u00ee \u00fb \u201cB\u00eajan\u201d<\/p>\n<p><strong>Murad Pola<\/strong>\/Qeneyne<\/p>\n<p><strong>Rainer Maria Rilke<\/strong>\/Ten\u00eat\u00ee (Wergera ji Alman\u00ee: Abdullah \u0130ncekan)<\/p>\n<p><strong>Cahit S\u0131tk\u0131 Taranc\u0131<\/strong>\/Ez Welatek\u00ee Dixwazim\u00a0 (Wergera ji Tirk\u00ee: Wehab Mistefazade)<\/p>\n<p><strong>Sid\u00eeq Gor\u00eecan<\/strong>\/Heft Ha\u00eek\u00fby\u00ean Heftane<\/p>\n<p><strong>Felat Dilge\u015f<\/strong>\/Bav\u00ea Zirbav<\/p>\n<p><strong>Ebru Y\u0131lmaz<\/strong>\/Lihevketina Kivan\u00e7 \u00fb Kund<\/p>\n<p><strong>Muqades Agir\u00ee<\/strong>\/S\u00eahra ev\u00een\u00ea<\/p>\n<p><strong>Lokman Polat<\/strong>\/\u00c7\u00eerok\u00ean di pirt\u00fbka Qenew\u00ee\u00e7ey\u00ea de<\/p>\n<p><strong>Ahmed Arif<\/strong>\/H\u00eev Tar\u00eeban (Wergera ji Tirk\u00ee: Talat \u0130nan\u00e7)<\/p>\n<p><strong>Dilazad A.R.T<\/strong>\/\u00c7\u00ealeka Zer<\/p>\n<p><strong>R\u00eazan Diljen<\/strong>\/Ta\u015ft\u00ea<\/p>\n<p><strong>\u015eaban \u015eenate\u015f<\/strong>\/Di Teyr\u00eey<\/p>\n<ol>\n<li><strong> Muhemmed Gulnar<\/strong>\/ Ziyaretnemeya Kelha Sunban\u00ea<\/li>\n<\/ol>\n<p><strong>Mehmet Emin Cirik<\/strong>\/Weke Ter\u00eeqeteke Rikber Qelender\u00ee<\/p>\n<p><strong>Mela Muhemmed Gulnar<\/strong>\/Ziyaretnemeya Kelha Sunban\u00ea<\/p>\n<p><strong>Raif Yaman<\/strong>\/Rew\u015fenb\u00eer<\/p>\n<p><strong>Memed \u00c7a\u011fdavul<\/strong>\/Emrek\u00ee wek\u00ee \u015fevek\u00ea kin \u015eeveke wek\u00ee emrek\u00ee dir\u00eaj<\/p>\n<p><strong>Mustafa Acar<\/strong>\/P\u00ea\u015fbang<\/p>\n<p><strong>Hanifi Ta\u015fk\u0131n<\/strong>\/Ge\u015ftnameya \u00c7em\u00ea Xan\u00ea \u00fb Suhbeta bi Sultan Weled re<\/p>\n<p><strong>Nes\u00eem\u00ee<\/strong>\/bi c\u00eeh nabim (Wergera ji Tirk\u00ee: Qedr\u00ee Sipran\u00ee)<\/p>\n<ol>\n<li><strong> Zana Karak<\/strong>\/Qes\u00eedeyeke n\u00fb ya Ehmed\u00ea Xas\u00ee<\/li>\n<\/ol>\n<p><strong>Evdilxaliq\u00ea \u00cesa<\/strong>\/\u00c7argav\u00ee<\/p>\n<p><strong>Azad R\u00eabiwar<\/strong>\/Di berriya te de wunda me<\/p>\n<p>&nbsp;<\/p>\n<p>&nbsp;<\/p>\n","protected":false},"excerpt":{"rendered":"<p>3 ayda bir tamamen K\u00fcrt\u00e7e \u00e7\u0131kan ve bu y\u0131l 30. y\u0131l\u0131n\u0131 ya\u015fayan N\u00fbbihar dergisinin 161. say\u0131s\u0131 da \u00e7\u0131kt\u0131. Derginin edit\u00f6r\u00fc S\u00fcleyman \u00c7evik sunu\u015f yaz\u0131s\u0131nda k\u0131saca dergi sat\u0131\u015f\u0131n\u0131n d\u00fc\u015fmesinden ve K\u00fcrt yay\u0131nc\u0131l\u0131\u011f\u0131n\u0131n zorluklar\u0131ndan bahsetmi\u015f. Rohat Alakom yaz\u0131s\u0131nda babas\u0131 Gul\u00ee Cewar Axa ile beraber Rus Ordusunda general olan El\u00ee E\u015fref Beg\u2019in birka\u00e7 foto\u011fraf\u0131 \u00fczerine geni\u015f bir analiz &hellip;<\/p>\n","protected":false},"author":32,"featured_media":22432,"comment_status":"open","ping_status":"open","sticky":false,"template":"","format":"standard","meta":{"footnotes":""},"categories":[158],"tags":[962,141,5735,1616,180,140,559,244],"class_list":["post-22431","post","type-post","status-publish","format-standard","has-post-thumbnail","","category-dergicilik","tag-dergi","tag-kurtce","tag-kurtce-dergi","tag-manset","tag-nubihar","tag-zaza","tag-zazaca","tag-zazaki"],"_links":{"self":[{"href":"https:\/\/candname.com\/tr\/index.php?rest_route=\/wp\/v2\/posts\/22431","targetHints":{"allow":["GET"]}}],"collection":[{"href":"https:\/\/candname.com\/tr\/index.php?rest_route=\/wp\/v2\/posts"}],"about":[{"href":"https:\/\/candname.com\/tr\/index.php?rest_route=\/wp\/v2\/types\/post"}],"author":[{"embeddable":true,"href":"https:\/\/candname.com\/tr\/index.php?rest_route=\/wp\/v2\/users\/32"}],"replies":[{"embeddable":true,"href":"https:\/\/candname.com\/tr\/index.php?rest_route=%2Fwp%2Fv2%2Fcomments&post=22431"}],"version-history":[{"count":0,"href":"https:\/\/candname.com\/tr\/index.php?rest_route=\/wp\/v2\/posts\/22431\/revisions"}],"wp:featuredmedia":[{"embeddable":true,"href":"https:\/\/candname.com\/tr\/index.php?rest_route=\/wp\/v2\/media\/22432"}],"wp:attachment":[{"href":"https:\/\/candname.com\/tr\/index.php?rest_route=%2Fwp%2Fv2%2Fmedia&parent=22431"}],"wp:term":[{"taxonomy":"category","embeddable":true,"href":"https:\/\/candname.com\/tr\/index.php?rest_route=%2Fwp%2Fv2%2Fcategories&post=22431"},{"taxonomy":"post_tag","embeddable":true,"href":"https:\/\/candname.com\/tr\/index.php?rest_route=%2Fwp%2Fv2%2Ftags&post=22431"}],"curies":[{"name":"wp","href":"https:\/\/api.w.org\/{rel}","templated":true}]}}