{"id":22395,"date":"2022-11-17T22:04:40","date_gmt":"2022-11-17T19:04:40","guid":{"rendered":"https:\/\/candname.com\/tr\/?p=22395"},"modified":"2022-11-17T22:06:05","modified_gmt":"2022-11-17T19:06:05","slug":"nubiharin-2023-yili-takvimi-cikti","status":"publish","type":"post","link":"https:\/\/candname.com\/tr\/?p=22395","title":{"rendered":"N\u00fbbihar\u2019\u0131n 2023 y\u0131l\u0131 Takvimi \u00c7\u0131kt\u0131!"},"content":{"rendered":"<p>N\u00fbbihar 2023 y\u0131l\u0131 takvimini \u00e7\u0131kararak okuyucular\u0131na ula\u015ft\u0131rd\u0131.<br \/>\nN\u00fbbihar takviminin arka y\u00fcz\u00fcnde k\u0131saca \u015fu bilgiler yer al\u0131yor: Dini bilgiler, K\u00fcrt ve d\u00fcnya me\u015fhurlar\u0131n\u0131n biyografileri, D\u00fcnya Edebiyat\u0131, \u00d6nemli olaylar, K\u00fcrt\u00e7e F\u0131kralar, K\u00fcrt Edebiyat\u0131ndan klasik \u015fiirler vb.<br \/>\nTakvimin \u00f6n y\u00fcz\u00fcnde ise, Atas\u00f6zleri, Vecizeler, Tarihte Bug\u00fcn, Ayet ve Hadis mealleri, \u015eehirlerin Namaz Vakitleri yer al\u0131yor.<\/p>\n<p>Takvimle beraber verilen 8 \u00e7e\u015fit kartonda ise \u015fu foto\u011fraflar yer almakta;<br \/>\nDo\u011fubeyaz\u0131d \u015eehri ve Kale, Diyarbak\u0131r Surlar\u0131, Urfa \u0130brahim Halil Camiisi, Van Kalesi, Bediuzaman, Selaheddin Eyubi, \u015eerefhan\u00ea Bedlisi ve Ahmed\u00ea Xan\u00ee<\/p>\n<p>&nbsp;<\/p>\n<p><img loading=\"lazy\" decoding=\"async\" class=\"alignnone size-medium wp-image-22399\" src=\"https:\/\/candname.com\/tr\/wp-content\/uploads\/2022\/11\/bir-gun.png\" alt=\"\" width=\"1269\" height=\"809\" \/><img loading=\"lazy\" decoding=\"async\" class=\"alignnone size-medium wp-image-22397\" style=\"font-family: -apple-system, BlinkMacSystemFont, 'Segoe UI', Roboto, Oxygen-Sans, Ubuntu, Cantarell, 'Helvetica Neue', sans-serif;\" src=\"https:\/\/candname.com\/tr\/wp-content\/uploads\/2022\/11\/ahmed-xani-site.png\" alt=\"\" width=\"398\" height=\"530\" \/><img loading=\"lazy\" decoding=\"async\" class=\"alignnone size-medium wp-image-22398\" style=\"font-family: -apple-system, BlinkMacSystemFont, 'Segoe UI', Roboto, Oxygen-Sans, Ubuntu, Cantarell, 'Helvetica Neue', sans-serif;\" src=\"https:\/\/candname.com\/tr\/wp-content\/uploads\/2022\/11\/bazid-site.png\" alt=\"\" width=\"398\" height=\"530\" \/><img loading=\"lazy\" decoding=\"async\" class=\"alignnone size-medium wp-image-22400\" style=\"font-family: -apple-system, BlinkMacSystemFont, 'Segoe UI', Roboto, Oxygen-Sans, Ubuntu, Cantarell, 'Helvetica Neue', sans-serif;\" src=\"https:\/\/candname.com\/tr\/wp-content\/uploads\/2022\/11\/diyarbakir-site-1.png\" alt=\"\" width=\"398\" height=\"530\" \/><img loading=\"lazy\" decoding=\"async\" class=\"alignnone size-medium wp-image-22401\" style=\"font-family: -apple-system, BlinkMacSystemFont, 'Segoe UI', Roboto, Oxygen-Sans, Ubuntu, Cantarell, 'Helvetica Neue', sans-serif;\" src=\"https:\/\/candname.com\/tr\/wp-content\/uploads\/2022\/11\/diyarbakir-site.png\" alt=\"\" width=\"398\" height=\"530\" \/> <img loading=\"lazy\" decoding=\"async\" class=\"alignnone size-medium wp-image-22402\" style=\"font-family: -apple-system, BlinkMacSystemFont, 'Segoe UI', Roboto, Oxygen-Sans, Ubuntu, Cantarell, 'Helvetica Neue', sans-serif;\" src=\"https:\/\/candname.com\/tr\/wp-content\/uploads\/2022\/11\/said-site.png\" alt=\"\" width=\"398\" height=\"530\" \/> <img loading=\"lazy\" decoding=\"async\" class=\"alignnone size-medium wp-image-22403\" style=\"font-family: -apple-system, BlinkMacSystemFont, 'Segoe UI', Roboto, Oxygen-Sans, Ubuntu, Cantarell, 'Helvetica Neue', sans-serif;\" src=\"https:\/\/candname.com\/tr\/wp-content\/uploads\/2022\/11\/selahattin-site.png\" alt=\"\" width=\"398\" height=\"530\" \/> <img loading=\"lazy\" decoding=\"async\" class=\"alignnone size-medium wp-image-22406\" style=\"font-family: -apple-system, BlinkMacSystemFont, 'Segoe UI', Roboto, Oxygen-Sans, Ubuntu, Cantarell, 'Helvetica Neue', sans-serif;\" src=\"https:\/\/candname.com\/tr\/wp-content\/uploads\/2022\/11\/urfa-site.png\" alt=\"\" width=\"398\" height=\"530\" \/> <img loading=\"lazy\" decoding=\"async\" class=\"alignnone size-medium wp-image-22407\" style=\"font-family: -apple-system, BlinkMacSystemFont, 'Segoe UI', Roboto, Oxygen-Sans, Ubuntu, Cantarell, 'Helvetica Neue', sans-serif;\" src=\"https:\/\/candname.com\/tr\/wp-content\/uploads\/2022\/11\/wan-site.png\" alt=\"\" width=\"398\" height=\"530\" \/> <img loading=\"lazy\" decoding=\"async\" class=\"alignnone size-medium wp-image-22408\" style=\"font-family: -apple-system, BlinkMacSystemFont, 'Segoe UI', Roboto, Oxygen-Sans, Ubuntu, Cantarell, 'Helvetica Neue', sans-serif;\" src=\"https:\/\/candname.com\/tr\/wp-content\/uploads\/2022\/11\/xani-site.png\" alt=\"\" width=\"398\" height=\"530\" \/><\/p>\n<p>&nbsp;<\/p>\n<p><strong>\u00c7andname<\/strong><\/p>\n","protected":false},"excerpt":{"rendered":"<p>N\u00fbbihar 2023 y\u0131l\u0131 takvimini \u00e7\u0131kararak okuyucular\u0131na ula\u015ft\u0131rd\u0131. N\u00fbbihar takviminin arka y\u00fcz\u00fcnde k\u0131saca \u015fu bilgiler yer al\u0131yor: Dini bilgiler, K\u00fcrt ve d\u00fcnya me\u015fhurlar\u0131n\u0131n biyografileri, D\u00fcnya Edebiyat\u0131, \u00d6nemli olaylar, K\u00fcrt\u00e7e F\u0131kralar, K\u00fcrt Edebiyat\u0131ndan klasik \u015fiirler vb. Takvimin \u00f6n y\u00fcz\u00fcnde ise, Atas\u00f6zleri, Vecizeler, Tarihte Bug\u00fcn, Ayet ve Hadis mealleri, \u015eehirlerin Namaz Vakitleri yer al\u0131yor. Takvimle beraber verilen 8 &hellip;<\/p>\n","protected":false},"author":32,"featured_media":22405,"comment_status":"open","ping_status":"open","sticky":false,"template":"","format":"standard","meta":{"footnotes":""},"categories":[3],"tags":[5993,4839,1616,611,4838,5995,3424,5994],"class_list":["post-22395","post","type-post","status-publish","format-standard","has-post-thumbnail","","category-haber","tag-5993","tag-kurtce-takvim","tag-manset","tag-salname","tag-takvim","tag-yeni-yil","tag-yil","tag-yillik"],"_links":{"self":[{"href":"https:\/\/candname.com\/tr\/index.php?rest_route=\/wp\/v2\/posts\/22395","targetHints":{"allow":["GET"]}}],"collection":[{"href":"https:\/\/candname.com\/tr\/index.php?rest_route=\/wp\/v2\/posts"}],"about":[{"href":"https:\/\/candname.com\/tr\/index.php?rest_route=\/wp\/v2\/types\/post"}],"author":[{"embeddable":true,"href":"https:\/\/candname.com\/tr\/index.php?rest_route=\/wp\/v2\/users\/32"}],"replies":[{"embeddable":true,"href":"https:\/\/candname.com\/tr\/index.php?rest_route=%2Fwp%2Fv2%2Fcomments&post=22395"}],"version-history":[{"count":0,"href":"https:\/\/candname.com\/tr\/index.php?rest_route=\/wp\/v2\/posts\/22395\/revisions"}],"wp:featuredmedia":[{"embeddable":true,"href":"https:\/\/candname.com\/tr\/index.php?rest_route=\/wp\/v2\/media\/22405"}],"wp:attachment":[{"href":"https:\/\/candname.com\/tr\/index.php?rest_route=%2Fwp%2Fv2%2Fmedia&parent=22395"}],"wp:term":[{"taxonomy":"category","embeddable":true,"href":"https:\/\/candname.com\/tr\/index.php?rest_route=%2Fwp%2Fv2%2Fcategories&post=22395"},{"taxonomy":"post_tag","embeddable":true,"href":"https:\/\/candname.com\/tr\/index.php?rest_route=%2Fwp%2Fv2%2Ftags&post=22395"}],"curies":[{"name":"wp","href":"https:\/\/api.w.org\/{rel}","templated":true}]}}