{"id":22353,"date":"2022-10-23T17:34:18","date_gmt":"2022-10-23T14:34:18","guid":{"rendered":"https:\/\/candname.com\/tr\/?p=22353"},"modified":"2022-10-23T17:34:18","modified_gmt":"2022-10-23T14:34:18","slug":"meryem-xan-siltana-kurda","status":"publish","type":"post","link":"https:\/\/candname.com\/tr\/?p=22353","title":{"rendered":"Meryem Xan | Siltana Kurda"},"content":{"rendered":"<div class=\"x11i5rnm xat24cr x1mh8g0r x1vvkbs xtlvy1s x126k92a\">\n<div dir=\"auto\">K\u00fcrd\u00e7e \u015fark\u0131lar\u0131 kaydeden ilk kad\u0131n \u015fark\u0131c\u0131 olarak bilinen ve etkileyici sesinden dolay\u0131 \u201cSiltana Kurda\u201d (K\u00fcrd Sultan\u0131) ismiyle an\u0131lan Meryem Xan, 1904 y\u0131l\u0131nda \u015e\u0131rnak\u2019\u0131n D\u00eargul k\u00f6y\u00fcnde d\u00fcnyaya gelir. Dengb\u00eaj sanat\u0131na ve dengb\u00eajlere de\u011fer veren bir aile ortam\u0131nda b\u00fcy\u00fcr. Meryem Xan 10 ya\u015f\u0131na geldi\u011finde Birinci D\u00fcnya Sava\u015f\u0131\u2019n\u0131n ba\u015flad\u0131\u011f\u0131, b\u00f6lgede isyanlar\u0131n, Ermeni ve S\u00fcryani katliamlar\u0131n\u0131n ve s\u00fcrg\u00fcnlerin ya\u015fand\u0131\u011f\u0131 bir d\u00f6nemdir. Meryem Xan\u2019\u0131n ailesi de b\u00f6yle bir ortamda Qam\u0131\u015flo\u2019ya g\u00f6\u00e7 eder. Burada K\u00fcrd dili, edebiyat\u0131 ve siyasetine katk\u0131lar\u0131yla K\u00fcrd tarihinde \u00f6nemli bir yere sahip olan Bedirxan ailesiyle tan\u0131\u015f\u0131rlar.<\/div>\n<div dir=\"auto\"><\/div>\n<\/div>\n<div class=\"x11i5rnm xat24cr x1mh8g0r x1vvkbs xtlvy1s x126k92a\">\n<div dir=\"auto\">Meryem Xan bu d\u00f6nemde divanlarda \u015fark\u0131 s\u00f6ylemektedir. Mehmet Bedirxan ile evlendikten sonra Bedirxan, Meryem Xan\u2019\u0131n \u015fark\u0131 s\u00f6ylemesine kar\u015f\u0131 \u00e7\u0131kar. Meryem Xan, \u201c\u015eark\u0131 s\u00f6ylemeden ya\u015fayamam. Kan\u0131mda sanat ve \u015fark\u0131lar var\u201d diyerek ikna etmeye \u00e7al\u0131\u015fsa da ba\u015far\u0131l\u0131 olamaz. Bedirxan, \u201cYa a\u015f\u0131k oldu\u011funu s\u00f6yledi\u011fin ben ya da sanat\u201d diyerek Meryem Xan\u2019\u0131 bir tercihe zorlar ve Meryem Xan\u2019da \u201cBen sanats\u0131z ya\u015fayamam. Sanats\u0131z ya\u015farsam \u00f6l\u00fcr\u00fcm\u201d diyerek bu ili\u015fkiyi bitirme karar\u0131 al\u0131r.<\/div>\n<\/div>\n<div class=\"x11i5rnm xat24cr x1mh8g0r x1vvkbs xtlvy1s x126k92a\">\n<div dir=\"auto\">1939 y\u0131l\u0131nda a\u00e7\u0131lan Ba\u011fdat Radyosu bir ses yar\u0131\u015fmas\u0131 d\u00fczenler. Meryem Xan\u2019\u0131n da ba\u015fvurdu\u011fu bu yar\u0131\u015fmaya \u00e7ok say\u0131da \u00fcnl\u00fc sanat\u00e7\u0131 kat\u0131l\u0131r. Meryem Xan bu yar\u0131\u015fmada birinci olur ve Ba\u011fdat radyosunda kadrolu olarak \u00e7al\u0131\u015fmaya ba\u015flar. Bu d\u00f6nemde bir\u00e7ok klam derler. Radyoda seslendirmi\u015f oldu\u011fu klam say\u0131s\u0131n\u0131n 200 oldu\u011fu s\u00f6ylenir. Mihemed Ar\u00eef Cizraw\u00ee Ba\u011fdat radyosuna verdi\u011fi bir r\u00f6portajda Meryem Xan\u2019\u0131: \u201cMeryem Xan\u2019\u0131n elbiseleri moderndi. Ama ruhu, ya\u015fam\u0131, sanat\u0131 gelenekseldi, K\u00fcrd\u00e7e\u2019ydi. K\u00fcrd adetlerine ba\u011fl\u0131yd\u0131. \u015eark\u0131 s\u00f6ylerken i\u00e7ten ve g\u00f6n\u00fclden s\u00f6ylerdi. O an t\u00fcm bedeni \u015fark\u0131 ile dolard\u0131\u201d diyerek anlat\u0131r.<\/div>\n<\/div>\n<div class=\"x11i5rnm xat24cr x1mh8g0r x1vvkbs xtlvy1s x126k92a\">\n<div dir=\"auto\">\u00dcretken sanat ya\u015fam\u0131n\u0131n ard\u0131nda bir\u00e7ok beste ve derleme \u015fark\u0131 b\u0131rakarak hayata \u00e7ok erken ya\u015fta veda eden Meryem Xan\u2019\u0131n, 1947 y\u0131l\u0131nda Musul hastanesinde, bir rivayete g\u00f6re de 1949 y\u0131l\u0131nda Ba\u011fdat\u2019ta vefat etti\u011fi ve cenazesinin b\u00fcy\u00fck bir merasimle \u015eex Maaruf Mezarl\u0131\u011f\u0131\u2019nda Ba\u011fdat\u2019ta topra\u011fa verildi\u011fi s\u00f6ylenir. Cizre Mem \u00fb Z\u00een K\u00fclt\u00fcr Merkezi b\u00fcnyesinde \u00e7al\u0131\u015fmalar\u0131n\u0131 s\u00fcrd\u00fcren kad\u0131n m\u00fczisyenler, 2009 y\u0131l\u0131nda Kom m\u00fczik taraf\u0131ndan yay\u0131nlanan Deng\u00ea Jin\u00ean Botan-Ji Bo B\u00eeran\u00eena Meryem Xan isimli alb\u00fcmlerini Meryem Xan\u2019\u0131n an\u0131s\u0131na seslendirdiler.<\/div>\n<\/div>\n<div class=\"x11i5rnm xat24cr x1mh8g0r x1vvkbs xtlvy1s x126k92a\">\n<div dir=\"auto\">Kaynak: <a class=\"x1i10hfl xjbqb8w x6umtig x1b1mbwd xaqea5y xav7gou x9f619 x1ypdohk xt0psk2 xe8uvvx xdj266r x11i5rnm xat24cr x1mh8g0r xexx8yu x4uap5 x18d9i69 xkhd6sd x16tdsg8 x1hl2dhg xggy1nq x1a2a7pz xt0b8zv x1fey0fg\" tabindex=\"0\" role=\"link\" href=\"https:\/\/ekmekvegul.net\/sectiklerimiz\/gunun-kadini-meryem-xan?fbclid=IwAR3QdPOAl_O629m4eTxTs7fTkh59DUH_DPwHI9hsk0k4-wR-kBsYYumSbws\" target=\"_blank\" rel=\"nofollow noopener\">https:\/\/ekmekvegul.net\/sectiklerimiz\/gunun-kadini-meryem-xan<\/a><\/div>\n<\/div>\n<div class=\"x11i5rnm xat24cr x1mh8g0r x1vvkbs xtlvy1s x126k92a\">\n<div dir=\"auto\"><\/div>\n<div dir=\"auto\"><strong>Alan Lezan |<\/strong> 21.10.2022 Ev niv\u00ees r\u00fbpela facebooka Alan Lezan hatiye wergirtin)<\/div>\n<div dir=\"auto\"><\/div>\n<\/div>\n","protected":false},"excerpt":{"rendered":"<p>K\u00fcrd\u00e7e \u015fark\u0131lar\u0131 kaydeden ilk kad\u0131n \u015fark\u0131c\u0131 olarak bilinen ve etkileyici sesinden dolay\u0131 \u201cSiltana Kurda\u201d (K\u00fcrd Sultan\u0131) ismiyle an\u0131lan Meryem Xan, 1904 y\u0131l\u0131nda \u015e\u0131rnak\u2019\u0131n D\u00eargul k\u00f6y\u00fcnde d\u00fcnyaya gelir. Dengb\u00eaj sanat\u0131na ve dengb\u00eajlere de\u011fer veren bir aile ortam\u0131nda b\u00fcy\u00fcr. Meryem Xan 10 ya\u015f\u0131na geldi\u011finde Birinci D\u00fcnya Sava\u015f\u0131\u2019n\u0131n ba\u015flad\u0131\u011f\u0131, b\u00f6lgede isyanlar\u0131n, Ermeni ve S\u00fcryani katliamlar\u0131n\u0131n ve s\u00fcrg\u00fcnlerin ya\u015fand\u0131\u011f\u0131 &hellip;<\/p>\n","protected":false},"author":32,"featured_media":22354,"comment_status":"open","ping_status":"open","sticky":false,"template":"","format":"standard","meta":{"footnotes":""},"categories":[4929],"tags":[2931,1616,5978,315],"class_list":["post-22353","post","type-post","status-publish","format-standard","has-post-thumbnail","","category-biyoloji","tag-kilam","tag-manset","tag-meryemxan","tag-stran"],"_links":{"self":[{"href":"https:\/\/candname.com\/tr\/index.php?rest_route=\/wp\/v2\/posts\/22353","targetHints":{"allow":["GET"]}}],"collection":[{"href":"https:\/\/candname.com\/tr\/index.php?rest_route=\/wp\/v2\/posts"}],"about":[{"href":"https:\/\/candname.com\/tr\/index.php?rest_route=\/wp\/v2\/types\/post"}],"author":[{"embeddable":true,"href":"https:\/\/candname.com\/tr\/index.php?rest_route=\/wp\/v2\/users\/32"}],"replies":[{"embeddable":true,"href":"https:\/\/candname.com\/tr\/index.php?rest_route=%2Fwp%2Fv2%2Fcomments&post=22353"}],"version-history":[{"count":0,"href":"https:\/\/candname.com\/tr\/index.php?rest_route=\/wp\/v2\/posts\/22353\/revisions"}],"wp:featuredmedia":[{"embeddable":true,"href":"https:\/\/candname.com\/tr\/index.php?rest_route=\/wp\/v2\/media\/22354"}],"wp:attachment":[{"href":"https:\/\/candname.com\/tr\/index.php?rest_route=%2Fwp%2Fv2%2Fmedia&parent=22353"}],"wp:term":[{"taxonomy":"category","embeddable":true,"href":"https:\/\/candname.com\/tr\/index.php?rest_route=%2Fwp%2Fv2%2Fcategories&post=22353"},{"taxonomy":"post_tag","embeddable":true,"href":"https:\/\/candname.com\/tr\/index.php?rest_route=%2Fwp%2Fv2%2Ftags&post=22353"}],"curies":[{"name":"wp","href":"https:\/\/api.w.org\/{rel}","templated":true}]}}