{"id":22349,"date":"2022-10-20T16:06:56","date_gmt":"2022-10-20T13:06:56","guid":{"rendered":"https:\/\/candname.com\/tr\/?p=22349"},"modified":"2022-10-20T16:09:18","modified_gmt":"2022-10-20T13:09:18","slug":"agri-isyaninda-oldurulen-sex-tahari-91-yil-sonra-hatirlamak","status":"publish","type":"post","link":"https:\/\/candname.com\/tr\/?p=22349","title":{"rendered":"A\u011fr\u0131 \u0130syan\u0131nda \u00d6ld\u00fcr\u00fclen \u015e\u00eax Tahar\u2019\u0131 91 Y\u0131l Sonra Hat\u0131rlamak!"},"content":{"rendered":"<div class=\"post-body entry-content\">\n<p>1927 tarihinde A\u011fr\u0131 da\u011f\u0131nda yap\u0131lan Hoybun (Xoybun) ulusal kongresinden takriben iki y\u0131l evvel A\u011fr\u0131 da\u011f\u0131nda ulusal bir niteli\u011fi olmayan gruplarla askeri g\u00fc\u00e7ler aras\u0131nda s\u00fcrekli \u00e7at\u0131\u015fmalar ya\u015fanmaktayd\u0131. Lakin, ya\u015fanan geni\u015f \u00e7apl\u0131 bu \u00e7at\u0131\u015fmalar\u0131n ismi konulmam\u0131\u015ft\u0131.<\/p>\n<p><a name=\"more\"><\/a>\u0130hsan Nuri Pa\u015fa, sahip oldu\u011fu \u00f6rg\u00fct\u00e7\u00fc askeri yetene\u011finin yan\u0131 s\u0131ra, edindi\u011fi ulusal bilin\u00e7le, 1927\u2019den itibaren s\u00f6z konusu gruplara ulusal bir nitelik kazand\u0131rd\u0131. Ulus bilincine erdirilen bu g\u00fcc\u00fcn i\u00e7erisinde \u015e\u00eax Tahar ile be\u015f karde\u015finin yan\u0131 s\u0131ra amcas\u0131n\u0131n \u00e7ocuklar\u0131 da yer al\u0131r. B\u00f6ylece, geni\u015f kapsaml\u0131 ulusal bir g\u00fc\u00e7 olu\u015fturularak, isyan 1930 y\u0131l\u0131n\u0131n sonlar\u0131na dek s\u00fcrd\u00fcr\u00fcl\u00fcr.<\/p>\n<p>On binlerce sivil K\u00fcrd\u00fcn ve say\u0131s\u0131zca askerin \u00f6l\u00fcm\u00fcyle sonu\u00e7lanan A\u011fr\u0131 isyan\u0131, 1930 y\u0131l\u0131 Eyl\u00fcl\u2019\u00fcn\u00fcn 14\u2019\u00fcnde yenilgiye u\u011frar. \u0130syan s\u00fcrecinin ba\u015f\u0131ndan sonuna kadar \u00e7at\u0131\u015fmalara kat\u0131lan \u00c7erkez k\u00f6kenli y\u00fczba\u015f\u0131 Z\u00fcht\u00fc G\u00fcven, Eyl\u00fcl\u2019\u00fcn 14\u2019\u00fcnde altm\u0131\u015f u\u00e7aktan m\u00fcte\u015fekkil bir filonun bombard\u0131man\u0131na maruz kalan kad\u0131n, \u00e7oluk-\u00e7ocu\u011fun feryad\u0131, vadileri nas\u0131l inletti\u011fi dram\u0131n\u0131, sonraki y\u0131llarda kaleme ald\u0131\u011f\u0131 an\u0131lar\u0131nda anlatacakt\u0131. Kan deryas\u0131na d\u00f6nen A\u011fr\u0131 da\u011f\u0131 etekleri, o g\u00fcn adeta can pazar\u0131na d\u00f6ner.<\/p>\n<p>Sovyetler Birli\u011fi, K\u00fcrd isyanc\u0131lar\u0131n Sovyet topraklar\u0131na ge\u00e7memesi i\u00e7in, Aras nehrinin kar\u015f\u0131 taraf\u0131na binlerce asker y\u0131\u011far. Sovyetler\u2019in kendi taraf\u0131na kurdu\u011fu beyaz askeri \u00e7ad\u0131rlar\u0131n say\u0131ca fazla olu\u015fu dikkatlerden ka\u00e7maz. Nadir beyin han\u0131m\u0131 Zerif han\u0131m\u0131n anlat\u0131m\u0131na g\u00f6re, say\u0131s\u0131zca askeri \u00e7ad\u0131r\u0131n g\u00f6r\u00fcnt\u00fcs\u00fc t\u0131pk\u0131 pamuk tarlalar\u0131n\u0131 and\u0131r\u0131rm\u0131\u015f. Di\u011fer yandan \u0130ran ordusu da ayn\u0131 \u015fekilde s\u0131n\u0131ra say\u0131s\u0131zca asker y\u0131\u011f\u0131p K\u00fcrd isyanc\u0131lar\u0131n s\u0131n\u0131r\u0131 ge\u00e7mesini engelleme\u011fe \u00e7al\u0131\u015f\u0131r.<\/p>\n<p>G\u00f6r\u00fcn\u00fcrdeki uluslararas\u0131 askeri i\u015fbirli\u011fine kar\u015f\u0131n, \u0130hsan Nuri Pa\u015fa, Ferzende bey, Nadir bey, Memet bey, Ahmed\u2019\u00ea Heci B\u0131ro, B\u0131ro Hesk\u00ea T\u00eali ve Hoybun \u00f6rg\u00fct\u00fcn\u00fcn di\u011fer bir\u00e7ok sava\u015f\u00e7\u0131 \u00fcyesi 14 Eyl\u00fcl gecesinde askeri \u00e7emberi yararak, sa\u011f kalan sivillerin tamam\u0131n\u0131 \u0130ran topraklar\u0131na ge\u00e7irirler. S\u0131n\u0131r\u0131 ge\u00e7meden evvel \u00f6ld\u00fcr\u00fclen say\u0131s\u0131zca sivil gibi, Ahmed\u2019\u00ea Heci B\u0131ro\u2019nun da t\u00fcm ailesi o gece dramatik bir \u015fekilde katledilir.<\/p>\n<p>Tend\u00fcrek da\u011f\u0131nda bulunan \u015e\u00eax Abdulkadir ise, ayn\u0131 g\u00fcnlerde sava\u015f\u00e7\u0131 grubuyla beraber \u0130ran\u2019a do\u011fru hareket etme\u011fe ba\u015flar. Sava\u015f u\u00e7aklar\u0131yla desteklenen askeri birliklerle \u00e7at\u0131\u015farak Kev\u0131r\u2019\u00ea \u015eamiya (Tend\u00fcrek da\u011f\u0131n\u0131n bir m\u0131nt\u0131kas\u0131n\u0131n ismi) b\u00f6lgesinden \u0130ran\u2019a ge\u00e7er.<\/p>\n<p>Tem\u0131r\u2019\u00ea \u015eemki ve \u015e\u00eax Zahar\u2019\u0131n grubu ile Hoybun\u2019un di\u011fer bir\u00e7ok \u00fcst d\u00fczey \u00fcyeleri ise, Tend\u00fcrek da\u011f\u0131na \u00e7ekilir. Zilan isyan\u0131n\u0131n \u00f6nc\u00fclerinden Re\u015fo\u2019y\u00ea S\u0131lo\u2019nun grubu da Zilan isyan\u0131n\u0131n bitiminden sonra Tend\u00fcrek da\u011f\u0131na \u00e7ekilmi\u015fti.<\/p>\n<p>K\u0131\u015f mevsimini Tend\u00fcrek da\u011f\u0131n\u0131n ma\u011faralar\u0131nda ge\u00e7iren \u015e\u00eax Zahar ve onlarca ki\u015filik sava\u015f\u00e7\u0131 arkada\u015f\u0131, bahar mevsiminin gelmesiyle, nisan ay\u0131n\u0131n sonlar\u0131na do\u011fru, Tend\u00fcrek da\u011f\u0131n\u0131 terk edip \u00c7ald\u0131ran b\u00f6lgesine ge\u00e7er. Bu sava\u015f\u00e7\u0131 grubun i\u00e7inde \u015e\u00eax Zahar\u2019\u0131n karde\u015flerinden biri olan \u015e\u00eax Tahar da vard\u0131r. Cesaretiyle \u00fcnlenen \u015e\u00eax Tahar, \u00e7at\u0131\u015fmalarda hayat\u0131n\u0131 kaybeden \u00fcst d\u00fczey askerlerin \u00fcniformas\u0131n\u0131 giyip \u00e7at\u0131\u015fmalarda s\u00fcrekli \u015feritli a\u011f\u0131r makineli t\u00fcfek kullanmas\u0131yla bilinir.<\/p>\n<p>\u015e\u00eax Zahar ve arkada\u015flar\u0131 nisan ay\u0131nda \u00c7ald\u0131ran\u2019\u0131n a\u015fa\u011f\u0131 Tikme k\u00f6y\u00fc b\u00f6lgesine ge\u00e7ti\u011fi s\u0131rada, karde\u015fi \u015e\u00eax Tahar zat\u00fcre hastal\u0131\u011f\u0131na yakalan\u0131r ve y\u00fcr\u00fcyemez hale gelir. K\u00f6y\u00fcn muhtar\u0131 \u015e\u00eax Zahar\u2019\u0131n eski arkada\u015f\u0131d\u0131r. O nedenle \u015e\u00eax Zahar muhtara ricada bulunarak, karde\u015finin birka\u00e7 g\u00fcn evinde istirahat etmesini ister. Muhtar, olas\u0131 her riske ra\u011fmen kadim arkada\u015f\u0131n\u0131n ricas\u0131n\u0131 k\u0131rmaz ve hasta olan \u015e\u00eax Tahar\u2019\u0131 evine al\u0131r. Sava\u015f\u00e7\u0131 grup, hastan\u0131n iyile\u015fmesini beklemek \u00fczere uzaklardaki da\u011flara \u00e7ekilir.<\/p>\n<p>O k\u00f6yden ve ismi tespit edilemeyen bir ki\u015fi, ertesi g\u00fcn Golesor askeri birli\u011fine giderek, \u015e\u00eax Tahar\u2019\u0131n hasta halde muhtar\u0131n evine s\u0131\u011f\u0131nd\u0131\u011f\u0131n\u0131 ihbar eder. Golesor askeri birli\u011fi komutan\u0131 y\u00fczba\u015f\u0131 \u0130brahim bey, askeri bir birlikle ak\u015fama do\u011fru k\u00f6y\u00fc ku\u015fat\u0131r. B\u00f6yle bir riski \u00f6nceden kestiren muhtar, \u015e\u00eax Tahar\u2019a telkinde bulunarak; yakalanmamas\u0131 i\u00e7in kad\u0131n k\u0131yafeti giyip odada bulunan kilim dokuma tezg\u00e2h\u0131n\u0131n ba\u015f\u0131na ge\u00e7ip oturmas\u0131n\u0131 s\u00f6yler. Fakat \u015e\u00eax Tahar, kad\u0131n k\u0131yafeti giyme teklifine \u00f6fkelenip reddeder. Muhtar ba\u015fka bir \u00f6neride bulunarak; tand\u0131r\u0131n i\u00e7ine girmesini ve tand\u0131r\u0131n \u00fcst\u00fcn\u00fc sacla \u00f6rt\u00fckten sonra, tand\u0131revinin i\u00e7erisine koyun s\u00fcr\u00fcs\u00fcn\u00fc doldurarak onu bu \u015fekilde saklayabilece\u011fini s\u00f6yler. Ancak \u015e\u00eax Tahar bu \u00f6neriyi de kabul etmez.<\/p>\n<p>\u00c7at\u0131\u015fmaktan ba\u015fka se\u00e7ene\u011fi kalmayan \u015e\u00eax Tahar, silah\u0131n\u0131 al\u0131p h\u0131zla evden \u00e7\u0131karak, \u015e\u00eax Romi k\u00f6y\u00fc s\u0131n\u0131r\u0131na do\u011fru ko\u015fmaya ba\u015flar. Takriben bir kilometre ko\u015ftuktan sonra, askeri ku\u015fatmay\u0131 fark eder ve en yak\u0131n\u0131ndaki kayan\u0131n (o kaya hala \u201c\u015e\u00eax Tahar\u2019\u0131n \u00e7at\u0131\u015fma kayas\u0131\u201d olarak an\u0131lmaktad\u0131r) arakas\u0131na girip mevzi al\u0131r. K\u0131sa bir s\u00fcre sonra \u00e7at\u0131\u015fma ba\u015flar. Yar\u0131m saat s\u00fcren \u00e7at\u0131\u015fmada alt\u0131 asker hayat\u0131n\u0131 kaybeder. \u015e\u00eax Tahar, \u00e7\u00f6kmeye ba\u015flayan alaca karanl\u0131\u011f\u0131 f\u0131rsat bilerek, mevzisinden \u00e7\u0131k\u0131p tepeye do\u011fru ko\u015fmaya ba\u015flar. \u00d6n\u00fcnde bulunan geni\u015f kar adac\u0131\u011f\u0131n\u0131n ortas\u0131ndan tepeye do\u011fru ko\u015farken, silueti kardan iyice belirdi\u011finden kur\u015fun ya\u011fmuruna hedef olur. Say\u0131s\u0131zca askerin a\u00e7t\u0131\u011f\u0131 ate\u015f sonucu, kar adac\u0131\u011f\u0131n\u0131n ortas\u0131nda vurularak feci \u015fekilde hayat\u0131n\u0131 kaybeder.<\/p>\n<p>Askerler cesedin yan\u0131na gelir ve kar \u00f6be\u011fi \u00fczerinde yatan cans\u0131z bedenine tekrar say\u0131s\u0131zca kur\u015fun s\u0131kar. Ceset adeta k\u0131y\u0131larak par\u00e7alan\u0131r. \u0130brahim y\u00fczba\u015f\u0131 k\u00f6yl\u00fcleri tehdit ederek, cesedin vah\u015fi hayvanlar taraf\u0131ndan yenmesi i\u00e7in defnedilmemesini s\u00f6yler ve o ak\u015fam k\u00f6yden ayr\u0131l\u0131r.<\/p>\n<p>Kurt ve k\u00f6pekler, gece boyunca ceset etraf\u0131nda dola\u015ft\u0131klar\u0131 halde cesedi yemezler. Bu durum sabah \u0131\u015f\u0131\u011f\u0131nda karda g\u00f6r\u00fclen y\u0131rt\u0131c\u0131 hayvanlar\u0131n ayak izlerinden belli olur. K\u00f6yl\u00fcler bu durumu onun \u015eeyhlik y\u00f6n\u00fcne ve buna ba\u011fl\u0131 olarak ilahi bir alamete yorup, \u0130brahim y\u00fczba\u015f\u0131n\u0131n tehdidine ra\u011fmen cesedi ertesi g\u00fcn defin ederler. Oysa, bedenine s\u0131k\u0131lan say\u0131s\u0131zca kur\u015fundan dolay\u0131 muhtemelen bedenine sinen keskin barut kokusu nedeniyle, vah\u015fi hayvanlar taraf\u0131ndan ceset yenmemi\u015fti.<\/p>\n<p>A\u011fr\u0131 isyan\u0131n\u0131n ilk ba\u015flar\u0131nda yakalanan \u015e\u00eax Tahar\u2019\u0131n abisi \u015e\u00eax Yusuf\u2019un da bedeninin bir\u00e7ok uzvu kesilerek katledilmi\u015fti. Di\u011fer abisi olan \u015e\u00eax Ali de, bu\u011fday \u00e7ukuruna at\u0131larak canl\u0131 \u015fekilde \u00fczerine toprak d\u00f6k\u00fclerek katledilmi\u015fti. En k\u00fc\u00e7\u00fck karde\u015fi \u015e\u00eax Habip ise, yakalan\u0131rken canl\u0131 \u015fekilde ate\u015f \u00fczerinde \u00e7evrilip yak\u0131larak katledilmi\u015fti.<\/p>\n<p>\u00dc\u00e7 karde\u015finin bu \u015fekilde \u00f6ld\u00fcr\u00fclmesi, zamanla \u015e\u00eax Tahar\u2019da derin bir intikam duygusuna neden olur. \u015eeritli makineli t\u00fcfe\u011fiyle girdi\u011fi \u00e7at\u0131\u015fmalarda, hayat\u0131n\u0131 kaybeden y\u00fcksek r\u00fctbeli subaylar\u0131n \u00fcniformas\u0131n\u0131 giyerek, intikam duygusunu bu \u015fekilde tatmin eder. Girdi\u011fi her \u00e7at\u0131\u015fmada mevzisinden y\u00fckselen toz-duman ile birlikte, makinelisinin seri g\u00fcmb\u00fcrt\u00fcs\u00fc her yerde kendini belli edermi\u015f. C\u00fcsseli oldu\u011fundan, a\u011f\u0131r makineli silah\u0131n\u0131 rahatl\u0131kla ta\u015f\u0131yabilirmi\u015f. Ancak bu sefer yakaland\u0131\u011f\u0131 a\u011f\u0131r hastal\u0131\u011f\u0131 nedeniyle me\u015fakkatle ta\u015f\u0131yabildi\u011fi bir piyade t\u00fcfe\u011fiyle muhtar\u0131n evine s\u0131\u011f\u0131nm\u0131\u015ft\u0131.<\/p>\n<p>K\u00f6y\u00fcn kar\u015f\u0131 da\u011flar\u0131na \u00e7ekilen \u015e\u00eax Zahar ve arkada\u015flar\u0131, \u015e\u00eax Tahar\u2019\u0131n \u00f6ld\u00fcr\u00fclme olay\u0131n\u0131 \u00fc\u00e7 g\u00fcn sonra duyarlar. Da\u011fda kimsenin<\/p>\n<p>olmad\u0131\u011f\u0131n\u0131 \u00e7evreye inand\u0131rmak i\u00e7in, on g\u00fcn daha da\u011fda kamufle olma takti\u011fi uygularlar. B\u00f6ylece art\u0131k da\u011fda kimsenin kalmad\u0131\u011f\u0131 inanc\u0131 civarda iyice h\u00e2s\u0131l olmaktad\u0131r. \u015e\u00eax Zahar ve arkada\u015flar\u0131, \u015e\u00eax Tahar\u2019\u0131n intikam\u0131n\u0131 almak i\u00e7in, on g\u00fcn sonra bir gece vakti Golesor askeri birli\u011fini ku\u015fat\u0131p birli\u011fi t\u00fcmden imha eder. \u0130brahim y\u00fczba\u015f\u0131 ile askerlerin t\u00fcm\u00fc bu bask\u0131nda hayat\u0131n\u0131 kaybetti\u011fi s\u00f6ylenir.<\/p>\n<p>\u015e\u00eax Zahar ve arkada\u015flar\u0131 askeri birlikteki cephaneye el koyduktan sonra, Ba\u015fkale b\u00f6lgesine ge\u00e7mek \u00fczere \u00c7ald\u0131ran b\u00f6lgesini terk eder.<\/p>\n<p>\u015e\u00eax Zahar ise, 1932 y\u0131l\u0131n\u0131n May\u0131s ay\u0131nda T\u00fcrkiye-\u0130ran s\u0131n\u0131r\u0131nda meydana gelen bir \u00e7at\u0131\u015fmada hayat\u0131n\u0131 kaybedecekti. B\u00f6ylece alt\u0131 karde\u015ften be\u015fi A\u011fr\u0131 isyan\u0131nda ya\u015fam\u0131n\u0131 yitirir. Karde\u015flerden sadece \u015e\u00eax Abdurahman hayatta kal\u0131r. O da, 1933 y\u0131l\u0131n\u0131n Ekim ay\u0131nda arkada\u015flar\u0131yla beraber \u00c7ald\u0131ran b\u00f6lgesinde yakalanarak Adana istiklal mahkemesinde yarg\u0131lan\u0131p \u00f6m\u00fcr boyu hapis cezas\u0131na \u00e7arpt\u0131r\u0131l\u0131r.<\/p>\n<p>\u015e\u00eax Tahar\u2019\u0131n \u00f6ld\u00fcr\u00fcld\u00fc\u011f\u00fc 1931 tarihinden bu bug\u00fcne de\u011fin, \u015eeyhlik unvan\u0131 nedeniyle mezar\u0131ndan umut ve \u015fifa arayan ahalinin d\u0131\u015f\u0131nda, hi\u00e7bir yak\u0131n\u0131 mezar\u0131n\u0131 ziyaret edip onar\u0131m\u0131n\u0131 yapmaz. B\u00f6ylece, mezar giderek kaybolmaya y\u00fcz tutar. Ancak bu s\u0131ralar, ahaliden baz\u0131 k\u0131ymetli hay\u0131rseverler taraf\u0131ndan bir\u00e7ok y\u0131k\u0131k mezar onar\u0131l\u0131nca, \u015e\u00eax Tahar\u2019\u0131n y\u0131k\u0131k mezar\u0131 da g\u00f6ze \u00e7arpar ve b\u00f6ylece onar\u0131l\u0131r. Fakat yeni mezar ta\u015f\u0131na yanl\u0131\u015f bir bilginin eklendi\u011fi g\u00f6r\u00fcl\u00fcyor. Dolay\u0131s\u0131yla mezar ta\u015f\u0131na, babas\u0131n\u0131n ismini \u015e\u00eax \u00d6mer, abisinin ismini ise \u015e\u00eax Zahar olarak do\u011fru yazan hay\u0131rseverler, bir yerlerden edindikleri ve yanl\u0131\u015f bir bilgi olan \u201cSeyyid\u201d unvan\u0131n\u0131 da \u015e\u00eax Tahar\u2019\u0131n isminin \u00f6n\u00fcne bilmeden eklemi\u015f. G\u00f6r\u00fcld\u00fc\u011f\u00fc \u00fczere, s\u00fclalesinin unvan\u0131yla \u00e7eli\u015fir bir durum ortaya \u00e7\u0131kt\u0131\u011f\u0131 g\u00f6r\u00fcl\u00fcyor. Asl\u0131nda, ailenin b\u00fcy\u00fck dedesi olan \u015e\u00eax Baba\u2019dan evvelki ku\u015faklardan \u015e\u00eax Tahar\u2019a kadar olan t\u00fcm ku\u015faklar \u201c\u015e\u00eax\u201d olarak an\u0131l\u0131rken, aile sosyolojisinde \u201cSeyyid\u201d unvan\u0131na pek rastlanmaz. A\u011fr\u0131 isyan\u0131nda \u00f6nemli bir rol \u00fcstlenen \u015e\u00eax Zahar\u2019la ilgili yaz\u0131lan bir\u00e7ok kaynak ile onun ad\u0131na yak\u0131lan k\u0131lamlara bak\u0131ld\u0131\u011f\u0131nda, \u015e\u00eax Zahar\u2019\u0131n ve ailesinin \u201cSeyyidlik\u201d ba\u011f\u0131 ilintisine dair herhangi bir emare g\u00f6ze \u00e7arpmamaktad\u0131r. Tamam\u0131yla kendini K\u00fcrd halk\u0131n\u0131n ulusal m\u00fccadelesine adam\u0131\u015f ve bu ama\u00e7la da kendi can\u0131n\u0131 ve hatta t\u00fcm karde\u015flerinin can\u0131n\u0131 feda etmi\u015f bir K\u00fcrd olarak tan\u0131n\u0131r. Dolay\u0131s\u0131yla ailenin Seyyid olu\u015fu s\u00f6ylemi, \u015e\u00eax Zahar\u2019\u0131n \u00f6l\u00fcm\u00fcnden \u00e7ok sonra ortaya s\u00fcr\u00fclm\u00fc\u015f temelsiz bir iddiad\u0131r. \u00c7\u00fcnk\u00fc hi\u00e7bir K\u00fcrd, Seyyid olmad\u0131\u011f\u0131 gibi, hi\u00e7bir Seyyid de K\u00fcrd de\u011fildir. Bunu tersini iddia edenler, s\u00f6ylenti d\u0131\u015f\u0131nda hi\u00e7bir somut delil ortaya koyamaz. \u015e\u00eax Zahar ve be\u015f karde\u015fi, e\u011fer Seyyid (Arap) olsalard\u0131, K\u00fcrd\u2019ler i\u00e7in canlar\u0131n\u0131 vermeleri m\u00fcmk\u00fcn olabilirmiydi? Bilindi\u011fi \u00fczere, bu aile onurlu bir K\u00fcrd ailesi olup, en b\u00fcy\u00fck dedeleri dini bir ilim yaparak, \u015eeyhlik unvan\u0131na eri\u015fti\u011finden dolay\u0131, aile \u00f6teden beri \u201c\u015eeyhlik\u201d unvan\u0131yla an\u0131lm\u0131\u015ft\u0131r. T\u00fcm \u00e7evre de, \u00f6teden beri aileyi b\u00f6yle bilmektedir. Hatta bu \u00f6nemli ailenin, cesur \u015eeyhb\u0131z\u0131ni K\u00fcrd a\u015firetine mensup oldu\u011fu da rivayet edilir. Di\u011fer yandan, bu ailenin sosyolojisine bak\u0131ld\u0131\u011f\u0131nda, \u00f6teden beri B\u0131ruki K\u00fcrd a\u015firetiyle de g\u00fc\u00e7l\u00fc bir akrabal\u0131k ba\u011f\u0131 olup ve bu akrabal\u0131k ilintisi hala s\u00fcrmektedir&#8230;<\/p>\n<p>91 y\u0131l sonra hat\u0131rlanmak ne ac\u0131! Bu ay\u0131p kimin?<\/p>\n<p>30\/09\/2022<\/p>\n<p><strong>Mustafa BALBAL-ararat-welat.blogspot.com<\/strong><\/p>\n<div id=\"fb-root\"><\/div>\n<div><\/div>\n<\/div>\n<div class=\"post-footer\"><\/div>\n","protected":false},"excerpt":{"rendered":"<p>1927 tarihinde A\u011fr\u0131 da\u011f\u0131nda yap\u0131lan Hoybun (Xoybun) ulusal kongresinden takriben iki y\u0131l evvel A\u011fr\u0131 da\u011f\u0131nda ulusal bir niteli\u011fi olmayan gruplarla askeri g\u00fc\u00e7ler aras\u0131nda s\u00fcrekli \u00e7at\u0131\u015fmalar ya\u015fanmaktayd\u0131. Lakin, ya\u015fanan geni\u015f \u00e7apl\u0131 bu \u00e7at\u0131\u015fmalar\u0131n ismi konulmam\u0131\u015ft\u0131. \u0130hsan Nuri Pa\u015fa, sahip oldu\u011fu \u00f6rg\u00fct\u00e7\u00fc askeri yetene\u011finin yan\u0131 s\u0131ra, edindi\u011fi ulusal bilin\u00e7le, 1927\u2019den itibaren s\u00f6z konusu gruplara ulusal bir nitelik &hellip;<\/p>\n","protected":false},"author":32,"featured_media":22350,"comment_status":"open","ping_status":"open","sticky":false,"template":"","format":"standard","meta":{"footnotes":""},"categories":[1084],"tags":[4304,5977,744,1616],"class_list":["post-22349","post","type-post","status-publish","format-standard","has-post-thumbnail","","category-arastirma","tag-agri","tag-agri-dagi-isyani","tag-isyan","tag-manset"],"_links":{"self":[{"href":"https:\/\/candname.com\/tr\/index.php?rest_route=\/wp\/v2\/posts\/22349","targetHints":{"allow":["GET"]}}],"collection":[{"href":"https:\/\/candname.com\/tr\/index.php?rest_route=\/wp\/v2\/posts"}],"about":[{"href":"https:\/\/candname.com\/tr\/index.php?rest_route=\/wp\/v2\/types\/post"}],"author":[{"embeddable":true,"href":"https:\/\/candname.com\/tr\/index.php?rest_route=\/wp\/v2\/users\/32"}],"replies":[{"embeddable":true,"href":"https:\/\/candname.com\/tr\/index.php?rest_route=%2Fwp%2Fv2%2Fcomments&post=22349"}],"version-history":[{"count":0,"href":"https:\/\/candname.com\/tr\/index.php?rest_route=\/wp\/v2\/posts\/22349\/revisions"}],"wp:featuredmedia":[{"embeddable":true,"href":"https:\/\/candname.com\/tr\/index.php?rest_route=\/wp\/v2\/media\/22350"}],"wp:attachment":[{"href":"https:\/\/candname.com\/tr\/index.php?rest_route=%2Fwp%2Fv2%2Fmedia&parent=22349"}],"wp:term":[{"taxonomy":"category","embeddable":true,"href":"https:\/\/candname.com\/tr\/index.php?rest_route=%2Fwp%2Fv2%2Fcategories&post=22349"},{"taxonomy":"post_tag","embeddable":true,"href":"https:\/\/candname.com\/tr\/index.php?rest_route=%2Fwp%2Fv2%2Ftags&post=22349"}],"curies":[{"name":"wp","href":"https:\/\/api.w.org\/{rel}","templated":true}]}}