{"id":22325,"date":"2022-10-09T17:52:52","date_gmt":"2022-10-09T14:52:52","guid":{"rendered":"https:\/\/candname.com\/tr\/?p=22325"},"modified":"2022-10-09T17:52:52","modified_gmt":"2022-10-09T14:52:52","slug":"nubihar-derneginden-sonbahar-donemi-kurtce-kurslar","status":"publish","type":"post","link":"https:\/\/candname.com\/tr\/?p=22325","title":{"rendered":"N\u00fbbihar Derne\u011fi\u2019nden Sonbahar d\u00f6nemi K\u00fcrt\u00e7e kurslar"},"content":{"rendered":"<p>Kurulu\u015fundan bu yana yakla\u015f\u0131k 13 y\u0131ld\u0131r K\u00fcrt\u00e7e dili ve k\u00fclt\u00fcrel konular\u0131nda bir \u00e7ok \u00f6nemli faaliyetleri olan ve Genel merkezi Diyarbak\u0131r\u2019da bulunan N\u00fbbihar E\u011fitim ve K\u00fclt\u00fcr Derne\u011fi yaz d\u00f6nemi kurslar\u0131 ard\u0131ndan bu sonbahar d\u00f6neminde de Dil at\u00f6lyesi b\u00fcnyesinde K\u00fcrt\u00e7e Kurslar\u0131 d\u00fczenleyecek.<\/p>\n<p>Dil At\u00f6lyesindeki kurslar haz\u0131rl\u0131k s\u0131n\u0131f\u0131, 1. 2. ve 3. Seviyelerde, \u00f6\u011frencilerin talepleri do\u011frultusunda hafta i\u00e7i ak\u015fam ve hafta sonlar\u0131 ise g\u00fcnd\u00fcz verilmekte. Kurslara kayd\u0131n\u0131 yapmak isteyen 21\/10\/2022 tarihine kad ar derne\u011fe ba\u015fvuru yapabilecekler. Kurslar online olarak zoom \u00fczerinde verilecektir.<\/p>\n<p>25 Ekim 2022 tarihinde ba\u015flayacak olan kurslarda yeti\u015fkinler i\u00e7in K\u00fcrt\u00e7enin Kurmanc\u00ee, Zazak\u00ee ve Soran\u00ee leh\u00e7elerinde dersler olacak.<\/p>\n<p>Kurs d\u00f6neminde ayr\u0131ca en az 4. s\u0131n\u0131fta okuyan \u00e7ocuklara y\u00f6nelik Kurmanc\u00ee kursu ve iste\u011fe ba\u011fl\u0131 bayanlara \u00f6zel bayan mamosteler taraf\u0131ndan Kurmanc\u00ee leh\u00e7esinde de kurs verilecektir.<\/p>\n<p>Kurslar 22 Aral\u0131k 2022 tarihinde sona erecek olan kurslar yakla\u015f\u0131k iki ay s\u00fcrecek. Kurs d\u00f6nemi sonunda hak edenlere\u00a0 Bawername( Sertifika) verilecektir.<\/p>\n<p>Bu d\u00f6nemde \u00f6nceki kurslardan farkl\u0131 olarak Kurmanc\u00ee ve Zazak\u00ee leh\u00e7elerinde iki Konu\u015fma s\u0131n\u0131f\u0131 de a\u00e7\u0131lacakt\u0131r.<\/p>\n<p>Kurs ba\u015fvurular\u0131\u00a0 21 Ekime kadar kabul edilecek.<\/p>\n<p>Derne\u011fin \u015fubelerinde ise y\u00fcz y\u00fcze kurslar i\u00e7in ba\u015fvurular al\u0131nmaktad\u0131r.<\/p>\n<p><strong><u>Ba\u015fvuru ve ayr\u0131nt\u0131l\u0131 bilgi i\u00e7in:<\/u><\/strong><\/p>\n<p>Genel Merkezi (Diyarbak\u0131r): 0505 552 846 75 32 (saat: 12.00-19.00 aras\u0131)<\/p>\n<p>Batman \u015eubesi: 0543 416 2503<\/p>\n<p>Van \u015eubesi: 0505 487 9716<\/p>\n<p><a href=\"http:\/\/www.komanubihar.com\">www.komanubihar.com<\/a><\/p>\n<p>&nbsp;<\/p>\n<p>&nbsp;<\/p>\n","protected":false},"excerpt":{"rendered":"<p>Kurulu\u015fundan bu yana yakla\u015f\u0131k 13 y\u0131ld\u0131r K\u00fcrt\u00e7e dili ve k\u00fclt\u00fcrel konular\u0131nda bir \u00e7ok \u00f6nemli faaliyetleri olan ve Genel merkezi Diyarbak\u0131r\u2019da bulunan N\u00fbbihar E\u011fitim ve K\u00fclt\u00fcr Derne\u011fi yaz d\u00f6nemi kurslar\u0131 ard\u0131ndan bu sonbahar d\u00f6neminde de Dil at\u00f6lyesi b\u00fcnyesinde K\u00fcrt\u00e7e Kurslar\u0131 d\u00fczenleyecek. Dil At\u00f6lyesindeki kurslar haz\u0131rl\u0131k s\u0131n\u0131f\u0131, 1. 2. ve 3. Seviyelerde, \u00f6\u011frencilerin talepleri do\u011frultusunda hafta i\u00e7i &hellip;<\/p>\n","protected":false},"author":32,"featured_media":22326,"comment_status":"open","ping_status":"open","sticky":false,"template":"","format":"standard","meta":{"footnotes":""},"categories":[23],"tags":[5972,5973,5907,1616,180,5971],"class_list":["post-22325","post","type-post","status-publish","format-standard","has-post-thumbnail","","category-egitim","tag-ana-dili-kurslari","tag-dernek-kurslari","tag-dil-kursu","tag-manset","tag-nubihar","tag-turkce-kurslar"],"_links":{"self":[{"href":"https:\/\/candname.com\/tr\/index.php?rest_route=\/wp\/v2\/posts\/22325","targetHints":{"allow":["GET"]}}],"collection":[{"href":"https:\/\/candname.com\/tr\/index.php?rest_route=\/wp\/v2\/posts"}],"about":[{"href":"https:\/\/candname.com\/tr\/index.php?rest_route=\/wp\/v2\/types\/post"}],"author":[{"embeddable":true,"href":"https:\/\/candname.com\/tr\/index.php?rest_route=\/wp\/v2\/users\/32"}],"replies":[{"embeddable":true,"href":"https:\/\/candname.com\/tr\/index.php?rest_route=%2Fwp%2Fv2%2Fcomments&post=22325"}],"version-history":[{"count":0,"href":"https:\/\/candname.com\/tr\/index.php?rest_route=\/wp\/v2\/posts\/22325\/revisions"}],"wp:featuredmedia":[{"embeddable":true,"href":"https:\/\/candname.com\/tr\/index.php?rest_route=\/wp\/v2\/media\/22326"}],"wp:attachment":[{"href":"https:\/\/candname.com\/tr\/index.php?rest_route=%2Fwp%2Fv2%2Fmedia&parent=22325"}],"wp:term":[{"taxonomy":"category","embeddable":true,"href":"https:\/\/candname.com\/tr\/index.php?rest_route=%2Fwp%2Fv2%2Fcategories&post=22325"},{"taxonomy":"post_tag","embeddable":true,"href":"https:\/\/candname.com\/tr\/index.php?rest_route=%2Fwp%2Fv2%2Ftags&post=22325"}],"curies":[{"name":"wp","href":"https:\/\/api.w.org\/{rel}","templated":true}]}}