{"id":22317,"date":"2022-09-04T13:15:01","date_gmt":"2022-09-04T10:15:01","guid":{"rendered":"https:\/\/candname.com\/tr\/?p=22317"},"modified":"2022-09-04T13:15:01","modified_gmt":"2022-09-04T10:15:01","slug":"nubiharin-160-sayisi-cikti","status":"publish","type":"post","link":"https:\/\/candname.com\/tr\/?p=22317","title":{"rendered":"N\u00fbbihar\u2019\u0131n 160. Say\u0131s\u0131 \u00e7\u0131kt\u0131!"},"content":{"rendered":"<p>N\u00fbbihar dergisinin 160. say\u0131s\u0131 \u00e7\u0131kt\u0131. Derginin edit\u00f6r\u00fc S\u00fcleyman \u00c7evik sunu\u015f yaz\u0131s\u0131nda<br \/>\ndi\u011fer say\u0131lara g\u00f6re bu say\u0131da daha \u00e7ok kad\u0131n\u0131n \u015fiir ve yaz\u0131lar\u0131yla dergiye katk\u0131 verdi\u011fini<br \/>\nbelirtmi\u015f. Leyla Ayd\u0131n Feqiy\u00ea Teyran\u2019\u0131n \u015fiirlerinden yola \u00e7\u0131karak Teyran\u2019\u0131n bu d\u00fcnyaya<br \/>\nbak\u0131\u015f\u0131n\u0131 okuyucuya sunuyor. Zana \u015eaybak ise 1800\u2019l\u00fc y\u0131llarda yaz\u0131lan Sey\u00eed Ebdullah\u00ea<br \/>\nNehr\u00ee\u2019nin K\u00fcrt\u00e7e Akide kitab\u0131 \u00fczerine yazm\u0131\u015f. Kevok Mizg\u00een bir \u00f6yk\u00fc ve \u015fiirle, \u00ceql\u00eem Milan\u00ee<br \/>\nbir \u00e7eviri ile, Asiya Goyan, Zeynep \u00c7elik ve Y\u0131ld\u0131z \u00c7akar da \u015fiirleriyle bu say\u0131da yer alm\u0131\u015flar.<br \/>\nBu say\u0131da \u015eeyhmus Orkin yaz\u0131s\u0131nda Feqiy\u00ea Teyran\u2019la ilgili yap\u0131lan baz\u0131 \u00e7al\u0131\u015fmalardan<br \/>\nbahsetmi\u015f ve baz\u0131 \u00f6neri ve ele\u015ftiriler getirmi\u015f.<br \/>\nM. Zahir Ertekin \u015e\u00eax Heybetullah Abr\u00ee\u2019nin iki gazelini; M. Zana Karak ise Seyday\u00ea<br \/>\nL\u00eec\u00ee\u2019nin bir mustezad gazelini baz\u0131 izahlar getirerek vermi\u015f.<br \/>\nRo\u015fan Lezg\u00een yaz\u0131s\u0131nda Hesen Hi\u015fyar Serd\u00ee\u2019nin kendi el yaz\u0131s\u0131yla 1941\u2019de yazd\u0131\u011f\u0131 bir<br \/>\ngazelinin yan\u0131 s\u0131ra Serd\u00ee ile ilgili birka\u00e7 bilgi de vermi\u015f.<br \/>\nMurad Celal\u00ee bu say\u0131da Ord\u00eexan\u00ea Cel\u00eel \u00fb Cel\u00eel\u00ea Cel\u00eel\u2019in Zargotina Kurda adl\u0131 \u00e7al\u0131\u015fmas\u0131<br \/>\n\u00fczerine yazm\u0131\u015f.<br \/>\nAbdullah Can Huseyin Husameddin\u2019in \u201cAmasya Tarihi\u201d adl\u0131 \u00e7al\u0131\u015fmas\u0131nda ge\u00e7en Kurd ve<br \/>\nKurdistan ile ilgili yerleri yazm\u0131\u015f.<br \/>\nReceb Dildar ile Lokman Polat her biri birer kitab\u0131 tan\u0131tm\u0131\u015flar.<br \/>\nFelat Dilge\u015f arkada\u015f\u0131 Av. Kamber Soypak\u2019\u0131 yazm\u0131\u015f.<br \/>\nModern \u015fiirin \u00f6nemli \u015fairi Rojen Barnas bu say\u0131da iki \u015fiir birden yay\u0131nlam\u0131\u015f.<br \/>\nBu say\u0131n\u0131n r\u00f6portaj\u0131n\u0131 Nihat G\u00fcltekin Dr. Ez\u00eez Gerdenzer\u00ee ile yapm\u0131\u015f.<br \/>\nAyr\u0131ca Sabri Akbel, Dawud\u00ea Bagur\u00ee, Mela \u00cebrah\u00eem Sungur, Adem Ya\u015far, Fehm\u00ee<br \/>\nYe\u015fil\u00e7\u0131nar, Hanifi Ta\u015fk\u0131n ve Mustafa Karada\u011fl\u0131 bu say\u0131da yaz\u0131 ve hikayeleriyle yer alm\u0131\u015flar.<br \/>\nBu say\u0131n\u0131n \u015fairleri ise \u015f\u00f6yle s\u0131ralanm\u0131\u015f: Rojen Barnas, Berken Bereh, Xewneroj, Abdullah<br \/>\n\u0130ncekan, Hafiz\u00ea \u015e\u00eeraz\u00ee, Sid\u00eeq Gor\u00eecan, Ahmet Arif, Mustafa Acar, Leh\u00ee Bohtan, R\u00eazan Diljen,<br \/>\nKevok Mizg\u00een, Mela Mudr\u00eek Bak\u0131rhan, Asiya Goyan, Mehmet Feti Ceylan, Ah Muhsin \u00dcnl\u00fc,<br \/>\nFar\u00fbq\u00ea Xezalan, J. Ahmed Y\u0131ld\u0131z, Zeynep \u00c7elik, Y\u0131ld\u0131z \u00c7akar, F\u0131rat Keklik \u00fb Maksim<br \/>\nGork\u00ee\u2026<br \/>\n160an say\u0131n\u0131n i\u00e7eri\u011fi \u015f\u00f6yledir:<br \/>\n\u015eeyhmus Orkin\/\u00c7end P\u00ea\u015fniyaz \u00fb Rexne li ser Qada Vekol\u00een\u00ean Feqiy\u00ea Teyran<br \/>\nM. Zahir Ertekin\/Du Mersiyey\u00ean N\u00fb li C\u00eehana Edeba Klas\u00eek a Kurd\u00ee Z\u00eade b\u00fbn<br \/>\nM. Zana Karak\/Xezeleke Mustezad a Seyday\u00ea Lic\u00ee<br \/>\nRo\u015fan Lezg\u00een\/Destniv\u00eesa Xezeleka Hesen Hi\u015fyar\u00ee<br \/>\nXewneroj\/Bir\u00een<br \/>\nRojen Barnas\/Li benda bay\u00ea ye, ke\u015ftiya xas \/ S\u00eavek Afir\u00ee ji Darjiyan\u00ea<br \/>\nMurad Celal\u00ee\/Li ser Zargotina Kurda ya Ord\u00eexan\u00ea Cel\u00eel \u00fb Cel\u00eel\u00ea Cel\u00eel \u00c7end Gotin<br \/>\nBerken Bereh\/J\u00fbra \u015eeb\u00e7iraxan<br \/>\nLeyla Ayd\u0131n\/Din\u00ea P\u00eer e Ne N\u00fbb\u00fbk e<br \/>\nAbdullah \u0130ncekan\/Serab<br \/>\nHafiz\u00ea \u015e\u00eeraz\u00ee\/Cenab\u00ea E\u015fq\u00ea Bilind e (Wergera ji Faris\u00ee: Hayrullah Acar)<br \/>\nAbdullah Can\/Di \u201cD\u00eeroka Amasyay\u00ea\u201d de Kurd \u00fb Kurdistan<br \/>\nSid\u00eeq Gor\u00eecan\/P\u00eanc Ha\u00eek\u00fby\u00ean Bihar\u00ea (Werger ji \u00cengil\u00eez\u00ee)<br \/>\nDr. Ez\u00eez\u00ea Gerdenzer\u00ee: Min destp\u00eaka sal\u00ean 1960\u00ee dest av\u00eate niv\u00ees\u00ea (Hevpeyv\u00een: Nihat<br \/>\nG\u00fcltekin)<br \/>\nAhmed Arif\/\u00c7end B\u00eerewer\u00ee ji Kela Diyarbekir \u00fb Lor\u00eena Pitok\u00ea Adilok (Wergera ji Tirk\u00ee:<br \/>\nTalat \u0130nan\u00e7)<br \/>\nSabri Akbel\/Zeviya Xemg\u00een<br \/>\nMustafa Acar\/Yar<br \/>\nFelat Dilge\u015f\/Li pey Kamber\u00ea Kalo<\/p>\n<p>Leh\u00ee Bohtan\/Bav\u00ea li ser dil b\u00fby\u00ee bar<br \/>\nR\u00eazan Diljen\/haikuy\u00ean li b\u00eera bir\u00eenk\u00fbr z\u00eel dan<br \/>\nKevok Mizg\u00een\/L\u00eestika me<br \/>\nDaw\u00fbd\u00ea Bag\u00fbr\u00ee\/Nameya Mah\u015feref Xanim (Weregra Namey\u00ea: \u00cebrah\u00eem Sunkur)<br \/>\nZana \u015eaybak\/Eq\u00eedenameya Sey\u00eed Ebdullah\u00ea Nehr\u00ee<br \/>\nMela M\u00fcdrik Bak\u0131rhan\/\u00c7adira Felek\u00ea<br \/>\nAsiya Goyan\/Hozanvan<br \/>\nAdem Ya\u015far\/Miriy\u00ea Gor\u00ea<br \/>\nMehmet Feti Ceylan\/Ten\u00eat\u00ee!..<br \/>\nAh Muhsin \u00dcnl\u00fc\/Ferq\u00ean di nabeyna min \u00fb Resul\u00ea Xwed\u00ea da (Wergera ji Tirk\u00ee: \u00ceqlim<br \/>\nMilan\u00ee)<br \/>\nFehmi Ye\u015fil\u00e7\u0131nar\/Ferxik \u00fb Sit\u00ee (Berhevkar)<br \/>\nFar\u00fbq\u00ea Xezalan\/\u00ca Vati\u015f\u00ee n\u00eeya ki<br \/>\nJ. Ahmed Y\u0131ld\u0131z\/R\u00eazgirtinek<br \/>\nKevok Mizg\u00een\/Genc\u00eene<br \/>\nZeynep \u00c7elik\/H\u00eav\u00ee<br \/>\nYildiz \u00c7akar\/Dil\u00een\u00ee<br \/>\nHanifi Ta\u015fk\u0131n\/Tecr\u00fbbey\u00ean Mamostetiy\u00ea<br \/>\nFirat Kekl\u00eek\/Hilco<br \/>\nReceb Dildar\/Berojk -\u00c7end Kurte\u00e7\u00eerok\u00ean N\u00fbjen-<br \/>\nLokman Polat\/Romana Jiyan \u00fb T\u00eako\u015f\u00eena Siltan Selahed\u00een\u00ea Ey\u00fbb\u00ee<br \/>\nMaks\u00eem Gork\u00ee\/Kilama Teyr\u00ea Firton\u00ea (Wergera ji R\u00fbs\u00ee: Casim\u00ea Cel\u00eel. Ji t\u00eep\u00ean Kir\u00eel\u00ee:<br \/>\n\u00d6mer Faruk Feyat)<br \/>\nMustafa Karada\u011fl\u0131\/Boya Kiloran<\/p>\n<p>E-dergi i\u00e7in:<br \/>\nhttps:\/\/play.google.com\/store\/books\/details\/N%C3%BBbihar_Kovar_N%C3%BBbihar_159?id=QThyE<br \/>\nAAAQBAJ<br \/>\nSart\u0131n almak i\u00e7in: https:\/\/www.nubihar.com\/behterkovar\/9601-nubihar-160<\/p>\n","protected":false},"excerpt":{"rendered":"<p>N\u00fbbihar dergisinin 160. say\u0131s\u0131 \u00e7\u0131kt\u0131. Derginin edit\u00f6r\u00fc S\u00fcleyman \u00c7evik sunu\u015f yaz\u0131s\u0131nda di\u011fer say\u0131lara g\u00f6re bu say\u0131da daha \u00e7ok kad\u0131n\u0131n \u015fiir ve yaz\u0131lar\u0131yla dergiye katk\u0131 verdi\u011fini belirtmi\u015f. Leyla Ayd\u0131n Feqiy\u00ea Teyran\u2019\u0131n \u015fiirlerinden yola \u00e7\u0131karak Teyran\u2019\u0131n bu d\u00fcnyaya bak\u0131\u015f\u0131n\u0131 okuyucuya sunuyor. Zana \u015eaybak ise 1800\u2019l\u00fc y\u0131llarda yaz\u0131lan Sey\u00eed Ebdullah\u00ea Nehr\u00ee\u2019nin K\u00fcrt\u00e7e Akide kitab\u0131 \u00fczerine yazm\u0131\u015f. Kevok Mizg\u00een &hellip;<\/p>\n","protected":false},"author":32,"featured_media":22318,"comment_status":"open","ping_status":"open","sticky":false,"template":"","format":"standard","meta":{"footnotes":""},"categories":[5357],"tags":[962,156,5735,1616],"class_list":["post-22317","post","type-post","status-publish","format-standard","has-post-thumbnail","","category-yayincilik","tag-dergi","tag-kovar","tag-kurtce-dergi","tag-manset"],"_links":{"self":[{"href":"https:\/\/candname.com\/tr\/index.php?rest_route=\/wp\/v2\/posts\/22317","targetHints":{"allow":["GET"]}}],"collection":[{"href":"https:\/\/candname.com\/tr\/index.php?rest_route=\/wp\/v2\/posts"}],"about":[{"href":"https:\/\/candname.com\/tr\/index.php?rest_route=\/wp\/v2\/types\/post"}],"author":[{"embeddable":true,"href":"https:\/\/candname.com\/tr\/index.php?rest_route=\/wp\/v2\/users\/32"}],"replies":[{"embeddable":true,"href":"https:\/\/candname.com\/tr\/index.php?rest_route=%2Fwp%2Fv2%2Fcomments&post=22317"}],"version-history":[{"count":0,"href":"https:\/\/candname.com\/tr\/index.php?rest_route=\/wp\/v2\/posts\/22317\/revisions"}],"wp:featuredmedia":[{"embeddable":true,"href":"https:\/\/candname.com\/tr\/index.php?rest_route=\/wp\/v2\/media\/22318"}],"wp:attachment":[{"href":"https:\/\/candname.com\/tr\/index.php?rest_route=%2Fwp%2Fv2%2Fmedia&parent=22317"}],"wp:term":[{"taxonomy":"category","embeddable":true,"href":"https:\/\/candname.com\/tr\/index.php?rest_route=%2Fwp%2Fv2%2Fcategories&post=22317"},{"taxonomy":"post_tag","embeddable":true,"href":"https:\/\/candname.com\/tr\/index.php?rest_route=%2Fwp%2Fv2%2Ftags&post=22317"}],"curies":[{"name":"wp","href":"https:\/\/api.w.org\/{rel}","templated":true}]}}