{"id":22313,"date":"2022-08-24T21:50:54","date_gmt":"2022-08-24T18:50:54","guid":{"rendered":"https:\/\/candname.com\/tr\/?p=22313"},"modified":"2022-08-24T21:50:54","modified_gmt":"2022-08-24T18:50:54","slug":"yeni-kitap-suleymaniyeden-istanbula-bir-kurt-aydini-emin-feyzi-beyin-hatiralari","status":"publish","type":"post","link":"https:\/\/candname.com\/tr\/?p=22313","title":{"rendered":"Yeni Kitap: S\u00fcleymaniye\u2019den \u0130stanbul\u2019a Bir K\u00fcrt Ayd\u0131n\u0131 Emin Feyzi Bey\u2019in Hat\u0131ralar\u0131"},"content":{"rendered":"<p><strong>S\u00fcleymaniye\u2019den \u0130stanbul\u2019a<\/strong><\/p>\n<p><strong>Bir K\u00fcrt Ayd\u0131n\u0131 Emin Feyzi Bey\u2019in Hat\u0131ralar\u0131 (1862-1929)<\/strong><\/p>\n<p><strong>\u00a0<\/strong><\/p>\n<p>Yazar: K\u00fcrdoloji \u00c7al\u0131\u015fmalar\u0131 Grubu \/ Koma Xebat\u00ean Kurdolojiy\u00ea<\/p>\n<p>&nbsp;<\/p>\n<p><strong>Proje Koordinasyonu: <\/strong>Serhat Bozkurt &#8211; Mesut Arslan<\/p>\n<p>&nbsp;<\/p>\n<p>Haz\u0131rlayanlar \/ Amadekar: Ali\u015fan Akp\u0131nar, Mesut Arslan, Tahir Bayku\u015fak, Sezen Bilir, H\u00fcseyin Bozda\u011f, Serhat Bozkurt, Halil \u00c7ubuk, Nam\u0131k Kemal Din\u00e7, Ayhan I\u015f\u0131k, Salih \u0130brahimo\u011flu, Bahad\u00een H. Kerboran\u00ee, Volkan Mantu<\/p>\n<p>&nbsp;<\/p>\n<p><strong>\u00a0<\/strong><\/p>\n<p>S\u00fcleymaniyeli Mehmet Emin Feyzi Bey, Osmanl\u0131&#8217;n\u0131n son d\u00f6neminden Cumhuriyet\u2019e sarkan dalgal\u0131 bir \u00f6mr\u00fcn sahibidir. \u0130mparatorlu\u011fun farkl\u0131 yerlerinde asker, m\u00fchendis, e\u011fitimci ve k\u00fct\u00fcphane memuru olarak g\u00f6rev yapm\u0131\u015f ve pek \u00e7ok olaya \u015fahit olmu\u015ftur: \u0130stibdat, II. Me\u015frutiyet, e\u015fk\u0131ya takipleri, s\u0131k\u0131y\u00f6netim mahkemeleri, ordu ve b\u00fcrokraside adam kay\u0131rmalar, tasfiyeler, Cihan Harbi, Ermeni sorunu, K\u00fcrdistan Teali Cemiyeti, m\u00fctareke, Kurtulu\u015f Sava\u015f\u0131 ve nihayet Cumhuriyet.<\/p>\n<p>Bu kitapta asker\u00ee e\u011fitimden matemati\u011fe, Osmanl\u0131ca \u015fiirlerden ilk K\u00fcrt\u00e7e \u015fiir antolojisine, materyalizme reddiyeye kadar ard\u0131nda \u00e7ok\u00e7a eser b\u0131rakm\u0131\u015f ama unutulmaya y\u00fcz tutmu\u015f bir eski zaman efendisinin hayat\u0131n\u0131, \u015fahsi \u00e7ilesini ve d\u00f6neminin buhranlar\u0131n\u0131 kendi kaleminden okuyacaks\u0131n\u0131z.<\/p>\n<p>Kendisinin yazmas\u0131 m\u00fcmk\u00fcn olmayan sonunu da \u0130bn\u00fclemin Mahmut Kemal yazar:<\/p>\n<p>\u201c<em>\u201cMum\u00e2ileyh, son zam\u00e2nlar\u0131nda \u00dcsk\u00fcd\u00e2r\u2019da bir handa ik\u00e2met eyledi. Felc is\u00e2bet etmekle Haydarpa\u015fa Hastah\u00e2nesine yat\u0131r\u0131ld\u0131. Bil\u00e2hare Bursa, G\u00fcm\u00fc\u015fsuyu, Gurab\u00e2-y\u0131 M\u00fcsl\u00fcm\u00een Hastah\u00e2neleri\u2019ne, daha sonra Bak\u0131rk\u00f6y\u00fc\u2019ndeki \u0130lel-i Akl\u0131yye Hastah\u00e2nesi\u2019ne, nih\u00e2yet D\u00e2r\u00fc\u2019l-\u00c2ceze\u2019ye nakl olundu. 25 Zilkide 1347 (6 May\u0131s 1929)\u2019da D\u00e2r\u00fc\u2019l-\u00c2ceze\u2019de vef\u00e2t etdi. Kas\u0131mpa\u015fa\u2019da Ok Meyd\u00e2n\u0131\u2019n\u0131n alt taraf\u0131ndaki tekke civ\u00e2r\u0131na defnedildi.<\/em>\u201d<\/p>\n<p><strong>Yay\u0131nevi: N\u00fbbihar<\/strong><\/p>\n","protected":false},"excerpt":{"rendered":"<p>S\u00fcleymaniye\u2019den \u0130stanbul\u2019a Bir K\u00fcrt Ayd\u0131n\u0131 Emin Feyzi Bey\u2019in Hat\u0131ralar\u0131 (1862-1929) \u00a0 Yazar: K\u00fcrdoloji \u00c7al\u0131\u015fmalar\u0131 Grubu \/ Koma Xebat\u00ean Kurdolojiy\u00ea &nbsp; Proje Koordinasyonu: Serhat Bozkurt &#8211; Mesut Arslan &nbsp; Haz\u0131rlayanlar \/ Amadekar: Ali\u015fan Akp\u0131nar, Mesut Arslan, Tahir Bayku\u015fak, Sezen Bilir, H\u00fcseyin Bozda\u011f, Serhat Bozkurt, Halil \u00c7ubuk, Nam\u0131k Kemal Din\u00e7, Ayhan I\u015f\u0131k, Salih \u0130brahimo\u011flu, Bahad\u00een H. Kerboran\u00ee, &hellip;<\/p>\n","protected":false},"author":32,"featured_media":22314,"comment_status":"open","ping_status":"open","sticky":false,"template":"","format":"standard","meta":{"footnotes":""},"categories":[25],"tags":[5966,1616],"class_list":["post-22313","post","type-post","status-publish","format-standard","has-post-thumbnail","","category-tarih","tag-kurt-aydini-emin-feyzi-bey","tag-manset"],"_links":{"self":[{"href":"https:\/\/candname.com\/tr\/index.php?rest_route=\/wp\/v2\/posts\/22313","targetHints":{"allow":["GET"]}}],"collection":[{"href":"https:\/\/candname.com\/tr\/index.php?rest_route=\/wp\/v2\/posts"}],"about":[{"href":"https:\/\/candname.com\/tr\/index.php?rest_route=\/wp\/v2\/types\/post"}],"author":[{"embeddable":true,"href":"https:\/\/candname.com\/tr\/index.php?rest_route=\/wp\/v2\/users\/32"}],"replies":[{"embeddable":true,"href":"https:\/\/candname.com\/tr\/index.php?rest_route=%2Fwp%2Fv2%2Fcomments&post=22313"}],"version-history":[{"count":0,"href":"https:\/\/candname.com\/tr\/index.php?rest_route=\/wp\/v2\/posts\/22313\/revisions"}],"wp:featuredmedia":[{"embeddable":true,"href":"https:\/\/candname.com\/tr\/index.php?rest_route=\/wp\/v2\/media\/22314"}],"wp:attachment":[{"href":"https:\/\/candname.com\/tr\/index.php?rest_route=%2Fwp%2Fv2%2Fmedia&parent=22313"}],"wp:term":[{"taxonomy":"category","embeddable":true,"href":"https:\/\/candname.com\/tr\/index.php?rest_route=%2Fwp%2Fv2%2Fcategories&post=22313"},{"taxonomy":"post_tag","embeddable":true,"href":"https:\/\/candname.com\/tr\/index.php?rest_route=%2Fwp%2Fv2%2Ftags&post=22313"}],"curies":[{"name":"wp","href":"https:\/\/api.w.org\/{rel}","templated":true}]}}