{"id":22265,"date":"2022-08-01T08:09:17","date_gmt":"2022-08-01T05:09:17","guid":{"rendered":"https:\/\/candname.com\/tr\/?p=22265"},"modified":"2022-07-31T20:56:37","modified_gmt":"2022-07-31T17:56:37","slug":"iran-seyahat-namesi-5","status":"publish","type":"post","link":"https:\/\/candname.com\/tr\/?p=22265","title":{"rendered":"\u0130ran Seyahat-Namesi (5)"},"content":{"rendered":"<p><strong>S\u00een\u00ea\/Senendec<\/strong><\/p>\n<p>Sabah Divandere\u2019den bir taksi ile anla\u015f\u0131p, Senendec merkezine var\u0131yoruz. Merkeze vard\u0131ktan sonra kahvalt\u0131 yapmak i\u00e7in l\u00fcks bir restorana giriyoruz. Restoran adeta bir antika d\u00fckk\u00e2n\u0131 gibi k\u00fclt\u00fcrel objeler ile dekore edilmi\u015f. Yemek sipari\u015fini Fars\u00e7a olarak vermek istedi\u011fimizde, sipari\u015fi neden K\u00fcrt\u00e7e (kurmanci) vermedi\u011fimizi soran restoran \u00e7al\u0131\u015fan\u0131 ile k\u00fc\u00e7\u00fck bir mizahla\u015fma sonras\u0131 yeme\u011fimiz geliyor. Kendilerine rehberlik etti\u011fim grup \u00fcyelerimizden biri, lavaboda elini y\u0131kad\u0131ktan sonra cep telefonunu Divandere\u2019den bizi taksi ile getiren Seyyid Muhammedi\u2019nin taksisinde unuttu\u011funu s\u00f6ylemesi yeme\u011fin tad\u0131n\u0131 ka\u00e7\u0131ran bir husus olarak bize e\u015flik etti. \u0130rtibat ve diyalo\u011fa ge\u00e7ti\u011fim herkesin ismini sorup, resmini \u00e7ekmek hatta kendilerini videoya almak \u0130ran gezimde edindi\u011fim bir adet oldu\u011fundan taksi \u015fof\u00f6r\u00fc Muhammedi\u2019nin resmini restoran g\u00f6revlisine g\u00f6sterip, tan\u0131y\u0131p tan\u0131mad\u0131\u011f\u0131n\u0131 soruyorum. G\u00f6revli bu \u015fehrin bir bu\u00e7uk milyon oldu\u011funu, telefonu unutmam\u0131z gerekti\u011fini s\u00f6yl\u00fcyor. Yeme\u011fimizi yedikten sonra telefonun izini s\u00fcrmek i\u00e7in taksicilerin yan\u0131na gidiyoruz. \u0130ran\u2019da iki t\u00fcrl\u00fc taksicilik faaliyeti oldu\u011funu, bunlardan biri sar\u0131 renkli taksiler di\u011feri ise arabas\u0131 olup da ek i\u015f olarak taksicilik yapan di\u011fer herkesi kapsad\u0131\u011f\u0131n\u0131 belirtelim. Kendisiyle Senendec\u2019e geldi\u011fimiz taksi malesef ki sar\u0131 renkli taksilerden de\u011fildi. Yani bulunmas\u0131 \u00e7ok daha zor. Bu arada bizim telefonu kaybetmemizin \u00fczerinden yakla\u015f\u0131k iki saat ge\u00e7mi\u015f olmaktayd\u0131. Muhammedi\u2019nin resmini bir taksiciye daha g\u00f6sterip, meseleyi anlat\u0131p, tan\u0131y\u0131p tan\u0131mad\u0131\u011f\u0131n\u0131 soruyorum. Taksici onu tan\u0131d\u0131\u011f\u0131n\u0131, evinin 30 km uzakta oldu\u011funu, istesek bizi oraya g\u00f6t\u00fcrebilece\u011fini s\u00f6ylese de bizim grup elemanlar\u0131 korku ve temkin aras\u0131 bir hisle gitmememiz gerekti\u011fini s\u00f6yl\u00fcyor. Ben taksiciye \u015fayet telefonu bize getirirse kendisine talep etti\u011fi takdirde telefon \u00fccreti kadar bir \u00fccreti verece\u011fimi s\u00f6yleyip, telefon numaram\u0131 kendisine verip onun da telefon numaras\u0131n\u0131 al\u0131yorum.<\/p>\n<p>Yine kaybolan telefonu ayr\u0131 bir halkada aramak i\u00e7in polis kontrol noktas\u0131ndan da yard\u0131m istemeye gidiyoruz. Polise durumu anlatt\u0131\u011f\u0131m vakit yapt\u0131\u011f\u0131 ilk hareket bize \u015f\u00fcphe ile yakla\u015f\u0131p, pasaportuma bakmak oldu. Bense g\u00fczel ifadelerle bize yard\u0131mc\u0131 olmas\u0131 i\u00e7in kendisine gelmedi\u011fimi ifade ediyordum. Bu \u015fekilde polis de bize herhangi bir yard\u0131m\u0131n\u0131n olamayaca\u011f\u0131n\u0131 s\u00f6yledi&#8230; Biz telefon bir daha bulunmaz hissiyle bir d\u00fckkana girip \u00e7anta almaya gidiyoruz. Yakla\u015f\u0131k 30 dk sonra Muhammedi\u2019nin evini bildi\u011fini s\u00f6yleyen di\u011fer taksiciyi aray\u0131p ne yapt\u0131\u011f\u0131n\u0131 sordu\u011fumda, yolda oldu\u011funu beni arayaca\u011f\u0131n\u0131 s\u00f6yl\u00fcyordu. Bir 30 dk daha ge\u00e7tikten sonra \u00e7alan telefonumu a\u00e7t\u0131\u011f\u0131mda arayan ki\u015fi telefonu buldu\u011funu ve gelip alabilece\u011fimizi s\u00f6yl\u00fcyordu. Biz 10 dk sonra taksicinin bize tarif etti\u011fi yere gidip, kendisini \u00fcmit ile bekleyip, kameralar\u0131m\u0131z a\u00e7\u0131k bir \u015fekilde beklemeye koyulduk. Zira bizim i\u00e7in \u00f6nemli olan ve bir\u00e7ok ki\u015finin ba\u015f\u0131na gelme ihtimali olan bu durumu video ile kay\u0131t alt\u0131na almak istiyorduk. On dk sonra gelen adam ile hasbihal edip, elindeki telefonu bana uzatt\u0131\u011f\u0131 zaman hemen ald\u0131m, oysa o telefon kendisinindi \u00a0Cebinden bizim telefonu \u00e7\u0131kard\u0131\u011f\u0131 vakit olduk\u00e7a g\u00fczel, nostaljik ve merdane bir atmosfer olu\u015ftu. Kendisine kalbi te\u015fekk\u00fcrlerimizi sunup, gitti\u011fi yolun iki kat\u0131 bir \u00fccreti de te\u015fekk\u00fcr bab\u0131nda kendisine uzatt\u0131\u011f\u0131m\u0131zda almak istemese de \u0131srarlar\u0131m\u0131z sonucu kabul etti. Ard\u0131ndan bize K\u00fcrtlerin mert olduklar\u0131n\u0131, rojava, rojh\u0131lat, ba\u015fur ve bakur\u2019un bir ve ayn\u0131 oldu\u011funu s\u00f6yleyip k\u00fclt\u00fcrel tabandan siyasi cenaha ge\u00e7en otantik bir konu\u015fma da yapt\u0131. Kendisine tekrardan, bu yaz\u0131 sebebiyle te\u015fekk\u00fcrlerimi g\u00f6nderiyorum.<\/p>\n<p>Senendec Mahabad\u2019\u0131n siyasi miras\u0131n\u0131 k\u00fclt\u00fcrel forma d\u00f6n\u00fc\u015ft\u00fcren bir bu\u00e7uk milyonluk bir \u015fehir. \u0130ran\u2019\u0131n Diyarbak\u0131r\u2019\u0131 diyece\u011fim ama Diyarbak\u0131r Senendec gibi maalesef, m\u00fcteessifane, mixabin olam\u0131yor. Sebepler bir kitab\u0131n i\u00e7eri\u011fine doldurabilecek kadar \u00e7ok&#8230; Senendec\u2019te bir iki par\u00e7a bir \u015feyler al\u0131p, t\u00fcmen bozduruyoruz. T\u00fcmen bozdurdu\u011fum biri karizmas\u0131yla ve sordu\u011fu sorularla beni \u015fa\u015f\u0131rt\u0131yor. Sordu\u011fu siyasi sorular\u0131 ve yine kendisinin verdi\u011fi cevaplar\u0131 belki sonra yazar\u0131m. Gidilecek yerleri tespit ediyoruz. En \u00f6nemlisi K\u00fcrt M\u00fczesi. K\u00fcrt tarihinin en az\u0131ndan \u0130ran k\u0131sm\u0131n\u0131n \u00f6nemli bir b\u00f6l\u00fcm\u00fc, ortas\u0131nda k\u00fc\u00e7\u00fck bir havuz, d\u00f6rt taraf\u0131n\u0131n iki katl\u0131 olarak \u00e7evrelendi\u011fi bir mekan ile muhafaza alt\u0131na al\u0131nm\u0131\u015f. Senendec K\u00fcrdistan Eyaleti\u2019nin merkezi. K\u00fclt\u00fcr ve sanat merkezi. Diyarbak\u0131r B.\u015fehir belediye neden bir K\u00fcrt M\u00fczesi yap\u0131lmad\u0131\u011f\u0131n\u0131 sormak laz\u0131m. Elbette bu felsefe ve feraset i\u015fi oldu\u011fundan, topu siyasi cenah\u0131n bask\u0131s\u0131na atmadan cevaplamaya \u00e7al\u0131\u015fmak laz\u0131m. K\u00fcrt Evi\u2019ni itina ve \u015fa\u015fk\u0131nl\u0131k i\u00e7erisinde geziyor ve video ile kay\u0131t alt\u0131na al\u0131yorum. K\u00fcrt M\u00fczesi\u2019nde adeta yok yok&#8230; K\u00fcrt k\u00fclt\u00fcr\u00fcne ait isim, resim, \u015fekil, mimari, sanat\u00e7\u0131 ve siyasi \u00f6znelerin \u00e7o\u011fu kay\u0131t alt\u0131na al\u0131n\u0131p, k\u00fc\u00e7\u00fck bir \u00fccret mukabilinde sergilenmi\u015f.<\/p>\n<p>&nbsp;<\/p>\n<p><img loading=\"lazy\" decoding=\"async\" class=\"alignnone wp-image-22267\" src=\"https:\/\/candname.com\/tr\/wp-content\/uploads\/2022\/07\/294495734_10228135483628443_2141478606032926028_n.jpg\" alt=\"\" width=\"736\" height=\"414\" srcset=\"https:\/\/candname.com\/tr\/wp-content\/uploads\/2022\/07\/294495734_10228135483628443_2141478606032926028_n.jpg 2048w, https:\/\/candname.com\/tr\/wp-content\/uploads\/2022\/07\/294495734_10228135483628443_2141478606032926028_n-1536x865.jpg 1536w\" sizes=\"auto, (max-width: 736px) 100vw, 736px\" \/> <img loading=\"lazy\" decoding=\"async\" class=\"alignnone wp-image-22269\" src=\"https:\/\/candname.com\/tr\/wp-content\/uploads\/2022\/07\/294120534_10228135483948451_6155035317154294344_n.jpg\" alt=\"\" width=\"546\" height=\"308\" srcset=\"https:\/\/candname.com\/tr\/wp-content\/uploads\/2022\/07\/294120534_10228135483948451_6155035317154294344_n.jpg 2048w, https:\/\/candname.com\/tr\/wp-content\/uploads\/2022\/07\/294120534_10228135483948451_6155035317154294344_n-1536x866.jpg 1536w\" sizes=\"auto, (max-width: 546px) 100vw, 546px\" \/> <img loading=\"lazy\" decoding=\"async\" class=\"alignnone wp-image-22271\" src=\"https:\/\/candname.com\/tr\/wp-content\/uploads\/2022\/07\/294646815_10228135478828323_591459764018292361_n.jpg\" alt=\"\" width=\"555\" height=\"313\" srcset=\"https:\/\/candname.com\/tr\/wp-content\/uploads\/2022\/07\/294646815_10228135478828323_591459764018292361_n.jpg 2048w, https:\/\/candname.com\/tr\/wp-content\/uploads\/2022\/07\/294646815_10228135478828323_591459764018292361_n-1536x866.jpg 1536w\" sizes=\"auto, (max-width: 555px) 100vw, 555px\" \/><\/p>\n<p>D\u00f6rt taraf\u0131 mamur bir \u015fekilde arz-\u0131 endam eden M\u00fcze Evi\u2019nin i\u00e7ini video ile kay\u0131t alt\u0131na ald\u0131ktan sonra avluya \u00e7\u0131k\u0131yoruz. Avluda \u00e7e\u015fitli yerlerden ve \u015fehirlerden gelen ziyaret\u00e7iler var. Birine selam verip, kim oldu\u011funu ve M\u00fczeyi g\u00f6rme amac\u0131n\u0131n ne oldu\u011funu soruyorum. Yirmili ya\u015flarda olan gen\u00e7 k\u0131z, isminin Tara oldu\u011funu ve milli hissiyatlar\u0131n\u0131 g\u00fc\u00e7lendirdi\u011fi, kendisini iyi hissettirdi\u011fi i\u00e7in belirli aral\u0131klarla K\u00fcrt M\u00fczesi\u2019ni ziyaret geldi\u011fini ifade ediyor. Aslen Senendec\u2019li olup, Tahran\u2019da Elbise Tasar\u0131mc\u0131s\u0131 olarak \u00e7al\u0131\u015fan Tara\u2019dan bu engin ferasetli a\u00e7\u0131klamalar\u0131n\u0131 da video ile kay\u0131t alt\u0131na ald\u0131ktan sonra, bize taksisi ile binlerce y\u0131ll\u0131k k\u00f6ylere (elbette k\u00f6y demeye milyon \u015fahit ister) e\u015flik edecek olan sevgili Puya ile Pal\u0131ngan\u2019a do\u011fru yola \u00e7\u0131k\u0131yoruz.<\/p>\n<p>&nbsp;<\/p>\n<p><img loading=\"lazy\" decoding=\"async\" class=\"alignnone wp-image-22270\" src=\"https:\/\/candname.com\/tr\/wp-content\/uploads\/2022\/07\/294674952_10228135477828298_224943298422647919_n.jpg\" alt=\"\" width=\"588\" height=\"441\" srcset=\"https:\/\/candname.com\/tr\/wp-content\/uploads\/2022\/07\/294674952_10228135477828298_224943298422647919_n.jpg 2048w, https:\/\/candname.com\/tr\/wp-content\/uploads\/2022\/07\/294674952_10228135477828298_224943298422647919_n-1536x1152.jpg 1536w\" sizes=\"auto, (max-width: 588px) 100vw, 588px\" \/><\/p>\n<p>-Devam\u0131 var-<\/p>\n<p><strong>R\u0131dvan Y\u0131ld\u0131z<\/strong><\/p>\n<p><strong>instgram: ridvanyildiz2121<\/strong><\/p>\n<p><strong>\u00a0<\/strong><\/p>\n","protected":false},"excerpt":{"rendered":"<p>S\u00een\u00ea\/Senendec Sabah Divandere\u2019den bir taksi ile anla\u015f\u0131p, Senendec merkezine var\u0131yoruz. Merkeze vard\u0131ktan sonra kahvalt\u0131 yapmak i\u00e7in l\u00fcks bir restorana giriyoruz. Restoran adeta bir antika d\u00fckk\u00e2n\u0131 gibi k\u00fclt\u00fcrel objeler ile dekore edilmi\u015f. Yemek sipari\u015fini Fars\u00e7a olarak vermek istedi\u011fimizde, sipari\u015fi neden K\u00fcrt\u00e7e (kurmanci) vermedi\u011fimizi soran restoran \u00e7al\u0131\u015fan\u0131 ile k\u00fc\u00e7\u00fck bir mizahla\u015fma sonras\u0131 yeme\u011fimiz geliyor. Kendilerine rehberlik etti\u011fim &hellip;<\/p>\n","protected":false},"author":32,"featured_media":22266,"comment_status":"open","ping_status":"open","sticky":false,"template":"","format":"standard","meta":{"footnotes":""},"categories":[65],"tags":[1616,5955,5552,5956],"class_list":["post-22265","post","type-post","status-publish","format-standard","has-post-thumbnail","","category-forum","tag-manset","tag-senendec","tag-sine","tag-sine-senendec"],"_links":{"self":[{"href":"https:\/\/candname.com\/tr\/index.php?rest_route=\/wp\/v2\/posts\/22265","targetHints":{"allow":["GET"]}}],"collection":[{"href":"https:\/\/candname.com\/tr\/index.php?rest_route=\/wp\/v2\/posts"}],"about":[{"href":"https:\/\/candname.com\/tr\/index.php?rest_route=\/wp\/v2\/types\/post"}],"author":[{"embeddable":true,"href":"https:\/\/candname.com\/tr\/index.php?rest_route=\/wp\/v2\/users\/32"}],"replies":[{"embeddable":true,"href":"https:\/\/candname.com\/tr\/index.php?rest_route=%2Fwp%2Fv2%2Fcomments&post=22265"}],"version-history":[{"count":0,"href":"https:\/\/candname.com\/tr\/index.php?rest_route=\/wp\/v2\/posts\/22265\/revisions"}],"wp:featuredmedia":[{"embeddable":true,"href":"https:\/\/candname.com\/tr\/index.php?rest_route=\/wp\/v2\/media\/22266"}],"wp:attachment":[{"href":"https:\/\/candname.com\/tr\/index.php?rest_route=%2Fwp%2Fv2%2Fmedia&parent=22265"}],"wp:term":[{"taxonomy":"category","embeddable":true,"href":"https:\/\/candname.com\/tr\/index.php?rest_route=%2Fwp%2Fv2%2Fcategories&post=22265"},{"taxonomy":"post_tag","embeddable":true,"href":"https:\/\/candname.com\/tr\/index.php?rest_route=%2Fwp%2Fv2%2Ftags&post=22265"}],"curies":[{"name":"wp","href":"https:\/\/api.w.org\/{rel}","templated":true}]}}