{"id":22258,"date":"2022-07-30T09:41:26","date_gmt":"2022-07-30T06:41:26","guid":{"rendered":"https:\/\/candname.com\/tr\/?p=22258"},"modified":"2022-07-30T09:42:35","modified_gmt":"2022-07-30T06:42:35","slug":"7-agustosta-bitliste-tarih-konferansi","status":"publish","type":"post","link":"https:\/\/candname.com\/tr\/?p=22258","title":{"rendered":"7 A\u011eUSTOS\u2019TA B\u0130TL\u0130S\u2019TE TAR\u0130H KONFERANSI"},"content":{"rendered":"<p>Bitlis\u2019te 7 A\u011fustos Pazar g\u00fcn\u00fc ger\u00e7ekle\u015ftirilecek olan tarih konferans\u0131nda, Malazgirt Sava\u015f\u0131\u2019n\u0131 ve o d\u00f6nemi konu\u015faca\u011f\u0131z.<\/p>\n<p>Bitlis D\u00fc\u015f\u00fcnce ve Akademik \u00c7al\u0131\u015fma Grubu, B\u0130TL\u0130SNAME ve B\u0130TL\u0130SKON ortak organizasyonu ile ger\u00e7ekle\u015fecek olan tarih konferans\u0131m\u0131za bekleriz.<\/p>\n<p>1071\u2019in Malazgirt\u2019i ve \u00e7evresine kim hakimdi? Tarihte \u201cMalazgirt sava\u015f\u0131\u201d olarak bilinen hadisenin taraflar\u0131 kimlerdi?<\/p>\n<p><strong>-Prof. ABDULLAH KIRAN<\/strong><\/p>\n<p><strong>-Tarih ara\u015ft\u0131rmac\u0131s\u0131 <\/strong><strong>MURAD C\u0130WAN\u00a0\u00a0<\/strong><\/p>\n<p><strong>-Dr. YUSUF BALUKEN\u00a0\u00a0<\/strong><\/p>\n<p><strong>-Tarih ara\u015ft\u0131rmac\u0131s\u0131 <\/strong><strong>BARAN ZEYDANLIO\u011eLU\u00a0\u00a0<\/strong><\/p>\n<p>&nbsp;<\/p>\n<p><strong>Moderat\u00f6r:\u00a0\u00a0\u00a0Nimetullah\u00a0ATAL<\/strong><\/p>\n<p>&nbsp;<\/p>\n<p>Tarih: 7 A\u011fustos Pazar, 2022<\/p>\n<p>Saat: 13:00 17:00<\/p>\n<p>Yer: Pa\u015fahan Cafe, Bitlis<\/p>\n","protected":false},"excerpt":{"rendered":"<p>Bitlis\u2019te 7 A\u011fustos Pazar g\u00fcn\u00fc ger\u00e7ekle\u015ftirilecek olan tarih konferans\u0131nda, Malazgirt Sava\u015f\u0131\u2019n\u0131 ve o d\u00f6nemi konu\u015faca\u011f\u0131z. Bitlis D\u00fc\u015f\u00fcnce ve Akademik \u00c7al\u0131\u015fma Grubu, B\u0130TL\u0130SNAME ve B\u0130TL\u0130SKON ortak organizasyonu ile ger\u00e7ekle\u015fecek olan tarih konferans\u0131m\u0131za bekleriz. 1071\u2019in Malazgirt\u2019i ve \u00e7evresine kim hakimdi? Tarihte \u201cMalazgirt sava\u015f\u0131\u201d olarak bilinen hadisenin taraflar\u0131 kimlerdi? -Prof. ABDULLAH KIRAN -Tarih ara\u015ft\u0131rmac\u0131s\u0131 MURAD C\u0130WAN\u00a0\u00a0 -Dr. YUSUF &hellip;<\/p>\n","protected":false},"author":32,"featured_media":22259,"comment_status":"open","ping_status":"open","sticky":false,"template":"","format":"standard","meta":{"footnotes":""},"categories":[65],"tags":[589,5950,5951,5489,1616],"class_list":["post-22258","post","type-post","status-publish","format-standard","has-post-thumbnail","","category-forum","tag-bitlis","tag-konferans","tag-malazgirit","tag-malazgirt-savasi","tag-manset"],"_links":{"self":[{"href":"https:\/\/candname.com\/tr\/index.php?rest_route=\/wp\/v2\/posts\/22258","targetHints":{"allow":["GET"]}}],"collection":[{"href":"https:\/\/candname.com\/tr\/index.php?rest_route=\/wp\/v2\/posts"}],"about":[{"href":"https:\/\/candname.com\/tr\/index.php?rest_route=\/wp\/v2\/types\/post"}],"author":[{"embeddable":true,"href":"https:\/\/candname.com\/tr\/index.php?rest_route=\/wp\/v2\/users\/32"}],"replies":[{"embeddable":true,"href":"https:\/\/candname.com\/tr\/index.php?rest_route=%2Fwp%2Fv2%2Fcomments&post=22258"}],"version-history":[{"count":0,"href":"https:\/\/candname.com\/tr\/index.php?rest_route=\/wp\/v2\/posts\/22258\/revisions"}],"wp:featuredmedia":[{"embeddable":true,"href":"https:\/\/candname.com\/tr\/index.php?rest_route=\/wp\/v2\/media\/22259"}],"wp:attachment":[{"href":"https:\/\/candname.com\/tr\/index.php?rest_route=%2Fwp%2Fv2%2Fmedia&parent=22258"}],"wp:term":[{"taxonomy":"category","embeddable":true,"href":"https:\/\/candname.com\/tr\/index.php?rest_route=%2Fwp%2Fv2%2Fcategories&post=22258"},{"taxonomy":"post_tag","embeddable":true,"href":"https:\/\/candname.com\/tr\/index.php?rest_route=%2Fwp%2Fv2%2Ftags&post=22258"}],"curies":[{"name":"wp","href":"https:\/\/api.w.org\/{rel}","templated":true}]}}