{"id":22225,"date":"2022-07-26T22:05:24","date_gmt":"2022-07-26T19:05:24","guid":{"rendered":"https:\/\/candname.com\/tr\/?p=22225"},"modified":"2022-07-26T22:19:41","modified_gmt":"2022-07-26T19:19:41","slug":"iran-seyahat-namesi-1","status":"publish","type":"post","link":"https:\/\/candname.com\/tr\/?p=22225","title":{"rendered":"\u0130ran Seyahat-Namesi (1)"},"content":{"rendered":"<p><strong>Malabad\u00ea \u2013 Tatvan \u2013 Ahlat Mezarl\u0131\u011f\u0131 &#8211;\u00a0 Muradiye \u015eelalesi\u00a0<\/strong><\/p>\n<p>Mala-Bad\u00ea\u2019den (Malabad\u00ea\u2019nin Mervani ve y\u00f6netim erki ile ili\u015fkisi \u00fczerine bir video da \u00e7ektik) Tatvan\u2019a ge\u00e7ip, bir gece konaklad\u0131k. Gola Wan\u00ea (Van G\u00f6l\u00fc)\u2019n\u00fcn yahut Vanl\u0131 arkada\u015flar\u0131n deyimiyle Van Denizinin) sahilinde biraz turlad\u0131k. G\u00f6l\u00fcn su seviyesinin d\u00fc\u015fm\u00fc\u015f oldu\u011funu g\u00f6zlemledik. \u0130leri tarihteki bir su \u00e7ekilmesi olabilece\u011finden bu husus \u00f6nemlidir (Bkz. Urmiye G\u00f6l\u00fc ve K\u00fcresel Is\u0131nma verileri).<\/p>\n<p><img loading=\"lazy\" decoding=\"async\" class=\"alignnone size-full wp-image-22226\" src=\"https:\/\/candname.com\/tr\/wp-content\/uploads\/2022\/07\/IMG_7527.jpg\" alt=\"\" width=\"500\" height=\"333\" srcset=\"https:\/\/candname.com\/tr\/wp-content\/uploads\/2022\/07\/IMG_7527.jpg 500w, https:\/\/candname.com\/tr\/wp-content\/uploads\/2022\/07\/IMG_7527-310x205.jpg 310w\" sizes=\"auto, (max-width: 500px) 100vw, 500px\" \/><\/p>\n<p>Tetwan (Tatvan)\u2019dan \u00f6\u011fle vakti \u00e7\u0131k\u0131p, Wan (Van) merkezden 80 km uzakta bulunan Muradiye \u0130l\u00e7esindeki Muradiye \u015eelalesi\u2019nin oldu\u011fu muhitte birka\u00e7 saat konaklad\u0131k. \u015eelale\u2019nin bulundu\u011fu muhit olduk\u00e7a kalabal\u0131kt\u0131. Bel\u00e7ika ve Hollanda\u2019dan 30 lu ya\u015flar\u0131n sonuna gelmi\u015f iki erkek turist ile denk geldik. Bu turistler ile instagram \u00fczerinden takiple\u015ftik ve kendilerinin d\u00fcnyan\u0131n bir\u00e7ok \u00fclke ve b\u00f6lgesini gezdiklerini g\u00f6rd\u00fck. \u0130leri d\u00fcnya vatanda\u015flar\u0131 i\u00e7in gezmek, g\u00f6rmek normal durumlar iken fakir b\u0131rak\u0131lan, geri b\u0131rak\u0131lan \u00fclke ve b\u00f6lgelerde ise maalesef ki l\u00fcks bir duruma d\u00fc\u015f\u00fcr\u00fclm\u00fc\u015ft\u00fcr. \u201c\u0130lerlemi\u015f\u201d ve \u201cgeri b\u0131rak\u0131lm\u0131\u015f\u201d \u00fclke tan\u0131mlar\u0131 \u00fczerine elbette Malabad\u00ea kenar\u0131nda iken derinlemesine d\u00fc\u015f\u00fcnme f\u0131rsat\u0131 bulduk.<\/p>\n<p>Muradiye \u015eelalesi\u2019ni gezdikten sonra yol \u00fczerinde bulunan, ilgin\u00e7 mezar ta\u015flar\u0131yla bilinen Gor\u00eestana Exlat\u00ea (Ahlat Mezarl\u0131\u011f\u0131)\u2019na da u\u011frad\u0131k. Bir\u00e7ok mezar ta\u015f\u0131n\u0131n bulundu\u011fu bu mezarl\u0131k alan i\u00e7erisinde Rojk\u00ee a\u015firetinin liderlerinden birinin mezar\u0131na da denk geliyoruz. Rojk\u00ee A\u015fireti Serhed b\u00f6lgesindeki en b\u00fcy\u00fck a\u015firet olma \u00f6zelli\u011fiyle bilinir ve Hekkar\u00ee (Hakkari)\u2019den Bel\u00ees\u00ea (Bitlis) ve Wan (Van)\u2019a kadar bir muhite \u015famildir.<\/p>\n<p><img loading=\"lazy\" decoding=\"async\" class=\"alignnone size-medium wp-image-22228\" src=\"https:\/\/candname.com\/tr\/wp-content\/uploads\/2022\/07\/IMG_7610.jpg\" alt=\"\" width=\"500\" height=\"333\" srcset=\"https:\/\/candname.com\/tr\/wp-content\/uploads\/2022\/07\/IMG_7610.jpg 500w, https:\/\/candname.com\/tr\/wp-content\/uploads\/2022\/07\/IMG_7610-310x205.jpg 310w\" sizes=\"auto, (max-width: 500px) 100vw, 500px\" \/><\/p>\n<p>23 Haziran tarihinde Baz\u00eed\u2019te bulunan G\u00fcrbulak siyasi s\u0131n\u0131r kap\u0131s\u0131na geldi\u011fimizde 2 adet a\u015f\u0131m olmas\u0131na ra\u011fmen g\u00f6revlinin PCR testi zorunlulu\u011funu, onu ikna ederek \u0130nisiyatif almas\u0131n\u0131 sa\u011flad\u0131m. B\u00f6ylelikle hem g\u00fcn kayb\u0131m\u0131z olmad\u0131 hem de ki\u015fi ba\u015f\u0131 170 TL olan PCR test \u00fccretinden kurtulmu\u015f olduk.<\/p>\n<p><strong>-Devam\u0131 var-<\/strong><\/p>\n<p><strong>R\u0131dvan Y\u0131ld\u0131z<\/strong><\/p>\n<p><strong>instgram: ridvanyildiz2121<\/strong><\/p>\n","protected":false},"excerpt":{"rendered":"<p>Malabad\u00ea \u2013 Tatvan \u2013 Ahlat Mezarl\u0131\u011f\u0131 &#8211;\u00a0 Muradiye \u015eelalesi\u00a0 Mala-Bad\u00ea\u2019den (Malabad\u00ea\u2019nin Mervani ve y\u00f6netim erki ile ili\u015fkisi \u00fczerine bir video da \u00e7ektik) Tatvan\u2019a ge\u00e7ip, bir gece konaklad\u0131k. Gola Wan\u00ea (Van G\u00f6l\u00fc)\u2019n\u00fcn yahut Vanl\u0131 arkada\u015flar\u0131n deyimiyle Van Denizinin) sahilinde biraz turlad\u0131k. G\u00f6l\u00fcn su seviyesinin d\u00fc\u015fm\u00fc\u015f oldu\u011funu g\u00f6zlemledik. \u0130leri tarihteki bir su \u00e7ekilmesi olabilece\u011finden bu husus \u00f6nemlidir &hellip;<\/p>\n","protected":false},"author":32,"featured_media":22231,"comment_status":"open","ping_status":"open","sticky":false,"template":"","format":"standard","meta":{"footnotes":""},"categories":[65],"tags":[1616,5949,4331],"class_list":["post-22225","post","type-post","status-publish","format-standard","has-post-thumbnail","","category-forum","tag-manset","tag-seyehat","tag-seyehatname"],"_links":{"self":[{"href":"https:\/\/candname.com\/tr\/index.php?rest_route=\/wp\/v2\/posts\/22225","targetHints":{"allow":["GET"]}}],"collection":[{"href":"https:\/\/candname.com\/tr\/index.php?rest_route=\/wp\/v2\/posts"}],"about":[{"href":"https:\/\/candname.com\/tr\/index.php?rest_route=\/wp\/v2\/types\/post"}],"author":[{"embeddable":true,"href":"https:\/\/candname.com\/tr\/index.php?rest_route=\/wp\/v2\/users\/32"}],"replies":[{"embeddable":true,"href":"https:\/\/candname.com\/tr\/index.php?rest_route=%2Fwp%2Fv2%2Fcomments&post=22225"}],"version-history":[{"count":0,"href":"https:\/\/candname.com\/tr\/index.php?rest_route=\/wp\/v2\/posts\/22225\/revisions"}],"wp:featuredmedia":[{"embeddable":true,"href":"https:\/\/candname.com\/tr\/index.php?rest_route=\/wp\/v2\/media\/22231"}],"wp:attachment":[{"href":"https:\/\/candname.com\/tr\/index.php?rest_route=%2Fwp%2Fv2%2Fmedia&parent=22225"}],"wp:term":[{"taxonomy":"category","embeddable":true,"href":"https:\/\/candname.com\/tr\/index.php?rest_route=%2Fwp%2Fv2%2Fcategories&post=22225"},{"taxonomy":"post_tag","embeddable":true,"href":"https:\/\/candname.com\/tr\/index.php?rest_route=%2Fwp%2Fv2%2Ftags&post=22225"}],"curies":[{"name":"wp","href":"https:\/\/api.w.org\/{rel}","templated":true}]}}