{"id":22195,"date":"2022-05-25T23:33:21","date_gmt":"2022-05-25T20:33:21","guid":{"rendered":"https:\/\/candname.com\/tr\/?p=22195"},"modified":"2022-05-25T23:33:21","modified_gmt":"2022-05-25T20:33:21","slug":"nubihar-dernegiinden-yaz-donemi-kurtce-kurslari","status":"publish","type":"post","link":"https:\/\/candname.com\/tr\/?p=22195","title":{"rendered":"N\u00fbbihar Derne\u011fi\u2019inden Yaz D\u00f6nemi Kurt\u00e7e Kurslar\u0131"},"content":{"rendered":"<p>Derne\u011fin b\u00fcnyesindeki Online K\u00fcrt\u00e7e Dil At\u00f6lyesinde hem yeti\u015fkinlere hem de \u00e7ocuklara y\u00f6nelik kurslar var. Yeti\u015fkinler i\u00e7in Kurmanc\u00ee, Zazak\u00ee, Soran\u00ee ve Kelhur\u00ee leh\u00e7elerinde farkl\u0131 seviyelerde kurslar: \u00e7ocuklar i\u00e7in ise temel d\u00fczeyde bir kurs a\u00e7\u0131lacak.<\/p>\n<p>Kurs d\u00f6nemi 11 Haziran &#8211; 31 A\u011fustos \u00a02022 olup ve kurslarda ba\u015far\u0131l\u0131 olanlara sertifika verilecek. K\u00fcrt\u00e7e Kurs kay\u0131tlar\u0131 25.05 2022\u2019den ba\u015flay\u0131p 10 Haziran 2022\u2019ye kadar devam edilecektir.<\/p>\n<p>Dernek\u00e7e d\u00fczenlenen K\u0131\u015f K\u00fcrt\u00e7e kay\u0131tlar\u0131 halk taraf\u0131ndan b\u00fcy\u00fck ilgi g\u00f6r\u00fclm\u00fc\u015f ve b\u00fcy\u00fck kat\u0131l\u0131m sa\u011flanm\u0131\u015ft\u0131.<\/p>\n<p>&nbsp;<\/p>\n<p>Kay\u0131t i\u00e7in whatsaap &amp; Tel. 05528467532\u00a0 (12:00-19.00 saatleri aras\u0131)<\/p>\n<p>N\u00fbbihar Derne\u011fi Genel Merkezi-Diyarbak\u0131r<\/p>\n<p>www.komanibihar.org<\/p>\n","protected":false},"excerpt":{"rendered":"<p>Derne\u011fin b\u00fcnyesindeki Online K\u00fcrt\u00e7e Dil At\u00f6lyesinde hem yeti\u015fkinlere hem de \u00e7ocuklara y\u00f6nelik kurslar var. Yeti\u015fkinler i\u00e7in Kurmanc\u00ee, Zazak\u00ee, Soran\u00ee ve Kelhur\u00ee leh\u00e7elerinde farkl\u0131 seviyelerde kurslar: \u00e7ocuklar i\u00e7in ise temel d\u00fczeyde bir kurs a\u00e7\u0131lacak. Kurs d\u00f6nemi 11 Haziran &#8211; 31 A\u011fustos \u00a02022 olup ve kurslarda ba\u015far\u0131l\u0131 olanlara sertifika verilecek. K\u00fcrt\u00e7e Kurs kay\u0131tlar\u0131 25.05 2022\u2019den ba\u015flay\u0131p 10 &hellip;<\/p>\n","protected":false},"author":32,"featured_media":0,"comment_status":"open","ping_status":"open","sticky":false,"template":"","format":"standard","meta":{"footnotes":""},"categories":[1728],"tags":[1616],"class_list":["post-22195","post","type-post","status-publish","format-standard","","category-kurtce-dersleri","tag-manset"],"_links":{"self":[{"href":"https:\/\/candname.com\/tr\/index.php?rest_route=\/wp\/v2\/posts\/22195","targetHints":{"allow":["GET"]}}],"collection":[{"href":"https:\/\/candname.com\/tr\/index.php?rest_route=\/wp\/v2\/posts"}],"about":[{"href":"https:\/\/candname.com\/tr\/index.php?rest_route=\/wp\/v2\/types\/post"}],"author":[{"embeddable":true,"href":"https:\/\/candname.com\/tr\/index.php?rest_route=\/wp\/v2\/users\/32"}],"replies":[{"embeddable":true,"href":"https:\/\/candname.com\/tr\/index.php?rest_route=%2Fwp%2Fv2%2Fcomments&post=22195"}],"version-history":[{"count":0,"href":"https:\/\/candname.com\/tr\/index.php?rest_route=\/wp\/v2\/posts\/22195\/revisions"}],"wp:attachment":[{"href":"https:\/\/candname.com\/tr\/index.php?rest_route=%2Fwp%2Fv2%2Fmedia&parent=22195"}],"wp:term":[{"taxonomy":"category","embeddable":true,"href":"https:\/\/candname.com\/tr\/index.php?rest_route=%2Fwp%2Fv2%2Fcategories&post=22195"},{"taxonomy":"post_tag","embeddable":true,"href":"https:\/\/candname.com\/tr\/index.php?rest_route=%2Fwp%2Fv2%2Ftags&post=22195"}],"curies":[{"name":"wp","href":"https:\/\/api.w.org\/{rel}","templated":true}]}}