{"id":22191,"date":"2022-05-17T09:22:50","date_gmt":"2022-05-17T06:22:50","guid":{"rendered":"https:\/\/candname.com\/tr\/?p=22191"},"modified":"2022-05-17T09:22:50","modified_gmt":"2022-05-17T06:22:50","slug":"nubihar-dernegi-batman-subesinin-15-mayis-kurtce-dil-bayrami-basin-aciklamasi","status":"publish","type":"post","link":"https:\/\/candname.com\/tr\/?p=22191","title":{"rendered":"N\u00fbbihar Derne\u011fi Batman \u015eubesi&#8217;n\u0131n \u201c15 May\u0131s K\u00fcrt\u00e7e dil Bayram\u0131\u201d Bas\u0131n A\u00e7\u0131klamas\u0131"},"content":{"rendered":"<p>Bilindi\u011fi gibi 15 May\u0131s K\u00fcrt Dil Bayram\u0131 olarak kutlanmaktad\u0131r. 1932 y\u0131l\u0131nda \u015eam\u2019da Celadet Ali Bedirhan taraf\u0131ndan \u201cHawar\u201d dergisinin \u00e7\u0131kar\u0131lmas\u0131 bu tarihin K\u00fcrt Dil Bayram\u0131 olarak kutlamas\u0131n\u0131n milad\u0131 olarak kabul edilmektedir.<\/p>\n<p>2006 y\u0131l\u0131ndan bu yana K\u00fcrt Dil Bayram\u0131 kutlanmaktad\u0131r Bu vesileyle anadilin \u00f6nemine dikkat \u00e7ekilerek, anadilin korunmas\u0131 ve kullan\u0131lmas\u0131 \u00e7a\u011fr\u0131s\u0131 yap\u0131l\u0131p \u00e7e\u015fitli etkinlikler yap\u0131l\u0131r.<\/p>\n<p>Asl\u0131nda bu t\u00fcr etkinlikler dilin ya\u015famas\u0131 i\u00e7in her zaman yap\u0131lmal\u0131d\u0131r<\/p>\n<p>Bir dilin ya\u015famas\u0131 o dilin hayat\u0131n her a\u015famas\u0131nda kullan\u0131lmas\u0131yla m\u00fcmk\u00fcnd\u00fcr. \u00d6ncelikli olarak kendimizden ba\u015flamal\u0131, evlerimizi birer okul haline getirmeli, anne ve babalar\u0131m\u0131z da birer \u00f6\u011fretmen olmal\u0131 ki bu dil yeni nesillerin zihinlerine k\u00f6k salabilsin.<\/p>\n<p>Me\u015fhur molla Bedi\u00fczzaman\u00a0 Said-i K\u00fcrdi anadil hakk\u0131nda \u015f\u00f6yle diyor : \u201d Dil insanda kaderin m\u00fchr\u00fcd\u00fcr. Edebiyat meyvelerinin a\u011fac\u0131d\u0131r. Milli duygular\u0131n nurunun aynas\u0131d\u0131r<\/p>\n<p>Bir toplumun ana dili, o toplumun ge\u00e7mi\u015fini ve gelece\u011fini i\u00e7inde saklayan bir kader gibidir. Ge\u00e7mi\u015fin \u00f6rf ve ananesi, tecr\u00fcbe ve birikimi dile yans\u0131r ve onunla gelece\u011fe intikal eder. \u00d6yle ise bir insan\u0131n do\u011fup b\u00fcy\u00fcd\u00fc\u011f\u00fc k\u00fclt\u00fcr ve dil, insan\u0131n d\u00fc\u015f\u00fcnce ve duygular\u0131nda \u00f6nemli bir hoca ve \u00f6nemli bir mekteptir. Ki\u015fi anas\u0131ndan ve ailesinden \u00f6\u011frendi\u011fi dil ile karakter kazan\u0131r. Ana dilin verdi\u011fi mesaj ve berrakl\u0131k sonradan \u00f6\u011frenilen dilde yoktur.<\/p>\n<p>Kuran\u0131 Kerim\u2019de Rum S\u00fcresi 22. Ayette; G\u00f6klerin ve yerin yarat\u0131lmas\u0131, dillerinizin ve renklerinizin farkl\u0131 olmas\u0131 da O\u2019nun (varl\u0131\u011f\u0131n\u0131n ve kudretinin) delillerindendir. \u015e\u00fcphesiz bunda bilenler i\u00e7in elbette ibretler vard\u0131r. Diye buyrulmaktad\u0131r. Dolay\u0131s\u0131yla dilimize sahip \u00e7\u0131kmak dinimizin de bir gere\u011fidir.<\/p>\n<p>Her halk gibi K\u00fcrtler de kendi dillerini se\u00e7meli olarak de\u011fil, tam aksine anaokulundan \u00fcniversiteye kadar\u00a0 e\u011fitim dili olarak kullanmal\u0131 kendi anadili ile e\u011fitim g\u00f6rebilmeli ve bu f\u0131tri talepler anayasal g\u00fcvence alt\u0131na al\u0131nmal\u0131.<\/p>\n<p>Bu vesileyle halk\u0131m\u0131z\u0131n 15 May\u0131s K\u00fcrt Dil Bayram\u0131n\u0131 kutluyoruz.<\/p>\n<p><strong>N\u00fbbihar Derne\u011fi Batman \u015eubesi<\/strong><\/p>\n","protected":false},"excerpt":{"rendered":"<p>Bilindi\u011fi gibi 15 May\u0131s K\u00fcrt Dil Bayram\u0131 olarak kutlanmaktad\u0131r. 1932 y\u0131l\u0131nda \u015eam\u2019da Celadet Ali Bedirhan taraf\u0131ndan \u201cHawar\u201d dergisinin \u00e7\u0131kar\u0131lmas\u0131 bu tarihin K\u00fcrt Dil Bayram\u0131 olarak kutlamas\u0131n\u0131n milad\u0131 olarak kabul edilmektedir. 2006 y\u0131l\u0131ndan bu yana K\u00fcrt Dil Bayram\u0131 kutlanmaktad\u0131r Bu vesileyle anadilin \u00f6nemine dikkat \u00e7ekilerek, anadilin korunmas\u0131 ve kullan\u0131lmas\u0131 \u00e7a\u011fr\u0131s\u0131 yap\u0131l\u0131p \u00e7e\u015fitli etkinlikler yap\u0131l\u0131r. Asl\u0131nda bu &hellip;<\/p>\n","protected":false},"author":32,"featured_media":22192,"comment_status":"open","ping_status":"open","sticky":false,"template":"","format":"standard","meta":{"footnotes":""},"categories":[5371],"tags":[5944,1616,180,5457],"class_list":["post-22191","post","type-post","status-publish","format-standard","has-post-thumbnail","","category-alinti-yazilar","tag-kurt-dil-bayrami","tag-manset","tag-nubihar","tag-nubihar-dernegi"],"_links":{"self":[{"href":"https:\/\/candname.com\/tr\/index.php?rest_route=\/wp\/v2\/posts\/22191","targetHints":{"allow":["GET"]}}],"collection":[{"href":"https:\/\/candname.com\/tr\/index.php?rest_route=\/wp\/v2\/posts"}],"about":[{"href":"https:\/\/candname.com\/tr\/index.php?rest_route=\/wp\/v2\/types\/post"}],"author":[{"embeddable":true,"href":"https:\/\/candname.com\/tr\/index.php?rest_route=\/wp\/v2\/users\/32"}],"replies":[{"embeddable":true,"href":"https:\/\/candname.com\/tr\/index.php?rest_route=%2Fwp%2Fv2%2Fcomments&post=22191"}],"version-history":[{"count":0,"href":"https:\/\/candname.com\/tr\/index.php?rest_route=\/wp\/v2\/posts\/22191\/revisions"}],"wp:featuredmedia":[{"embeddable":true,"href":"https:\/\/candname.com\/tr\/index.php?rest_route=\/wp\/v2\/media\/22192"}],"wp:attachment":[{"href":"https:\/\/candname.com\/tr\/index.php?rest_route=%2Fwp%2Fv2%2Fmedia&parent=22191"}],"wp:term":[{"taxonomy":"category","embeddable":true,"href":"https:\/\/candname.com\/tr\/index.php?rest_route=%2Fwp%2Fv2%2Fcategories&post=22191"},{"taxonomy":"post_tag","embeddable":true,"href":"https:\/\/candname.com\/tr\/index.php?rest_route=%2Fwp%2Fv2%2Ftags&post=22191"}],"curies":[{"name":"wp","href":"https:\/\/api.w.org\/{rel}","templated":true}]}}