{"id":22183,"date":"2022-05-01T14:17:45","date_gmt":"2022-05-01T11:17:45","guid":{"rendered":"https:\/\/candname.com\/tr\/?p=22183"},"modified":"2022-05-01T14:17:45","modified_gmt":"2022-05-01T11:17:45","slug":"arap-aydinlari-kahirede-kurdistan-adiyla-dergi-cikardi","status":"publish","type":"post","link":"https:\/\/candname.com\/tr\/?p=22183","title":{"rendered":"Arap ayd\u0131nlar\u0131 Kahire\u2019de \u2018K\u00fcrdistan\u2019 ad\u0131yla dergi \u00e7\u0131kard\u0131"},"content":{"rendered":"<p>Bir grup Arap ara\u015ft\u0131rmac\u0131 ve yazar taraf\u0131ndan haz\u0131rlanan Arap\u00e7a K\u00fcrdistan Dergisi\u2019nin ilk say\u0131s\u0131 M\u0131s\u0131r\u2019\u0131n ba\u015fkenti Kahire\u2019de bas\u0131ld\u0131. Derginin yay\u0131n y\u00f6netmeni Seyid Abdulfettah, K\u00fcrdistan Gazetesi\u2019nin 124\u2019\u00fcnc\u00fc y\u0131ld\u00f6n\u00fcm\u00fcnde \u00e7\u0131kard\u0131klar\u0131n\u0131 s\u00f6yledi.<\/p>\n<p>K\u00fcrdistan Gazetesi\u2019nin ilk say\u0131s\u0131 22 Nisan 1898&#8217;de M\u0131s\u0131r&#8217;\u0131n ba\u015fkenti Kahire&#8217;de Mikdad Mithad Bedirhan taraf\u0131ndan yay\u0131mlanm\u0131\u015ft\u0131.<\/p>\n<p>Kahire\u2019de bu defa bir grup Arap ayd\u0131n, \u201cK\u00fcrdistan\u201d ismiyle dergi \u00e7\u0131kard\u0131.<\/p>\n<p>R\u00fbdaw Radyo program\u0131na konuk olan derginin yay\u0131n y\u00f6netmeni Seyid Abdulfettah, \u201cArap-M\u0131s\u0131r merkezli bir ara\u015ft\u0131rma merkezimiz var ve bu merkez K\u00fcrtlere \u00f6nem veriyor. Bir s\u00fcreden beridir K\u00fcrtler hakk\u0131nda ara\u015ft\u0131rmalara yer veren bir dergi \u00e7\u0131karma plan\u0131m\u0131z vard\u0131. Bunu da ilk K\u00fcrt\u00e7e gazete olan K\u00fcrdistan Gazetesi\u2019nin 124\u2019\u00fcnc\u00fc y\u0131ld\u00f6n\u00fcm\u00fcnde \u00e7\u0131karmay\u0131 ba\u015fard\u0131k\u201d dedi.<\/p>\n<p>Dergi ile K\u00fcrt halk\u0131n\u0131n mesaj\u0131n\u0131 M\u0131s\u0131r ve Arap toplumuna ula\u015ft\u0131rmay\u0131 hedeflediklerini belirten Abdulfettah, \u201cK\u00fcrt ve M\u0131s\u0131r halklar\u0131 aras\u0131ndaki k\u00fclt\u00fcrel ili\u015fkilerin geli\u015ftirilmesi i\u00e7in daha \u00e7ok \u00e7abaya ihtiya\u00e7 var. Biz bu sayede M\u0131s\u0131rl\u0131lara K\u00fcrtleri, K\u00fcrt k\u00fclt\u00fcr\u00fcn\u00fc ve davas\u0131n\u0131 anlatmaya \u00e7al\u0131\u015f\u0131yoruz\u201d \u015feklinde konu\u015ftu.<\/p>\n<p>Derginin ba\u015ftan sonra K\u00fcrtleri, tarih, co\u011frafya ve tarihlerini konu alan yaz\u0131lardan olu\u015ftu\u011funu anlatan Seyid Abdulfettah, ilk say\u0131 i\u00e7in olumlu tepkiler ald\u0131klar\u0131n\u0131 dile getirdi.<\/p>\n<p>\u201cK\u00fcrt meselesi Arap iktidarlar taraf\u0131ndan her zaman \u00e7arp\u0131t\u0131lm\u0131\u015f\u201d diyen K\u00fcrdistan dergisinin yay\u0131n y\u00f6netmeni, \u201c\u00c7\u00fcnk\u00fc bas\u0131n ve medya her zaman iktidarlar\u0131n elinde olmu\u015ftur ve onlar istedikleri simay\u0131 diledikleri gibi yans\u0131tm\u0131\u015flard\u0131r. Bu nedenle M\u0131s\u0131r ve Arap toplumu g\u00f6z\u00fcnde \u00e7arp\u0131t\u0131lm\u0131\u015f \u00e7ok konu var. Biz K\u00fcrtler hakk\u0131ndaki alg\u0131y\u0131 d\u00fczeltmek istiyoruz. Bunu yaparken K\u00fcrtlerin kendilerini anlatmas\u0131n\u0131, bizlerin de dinlemesini esas al\u0131yoruz\u201d ifadelerini kulland\u0131.<\/p>\n<p>25 Eyl\u00fcl 2017\u2019de G\u00fcney K\u00fcrdistan\u2019da ger\u00e7ekle\u015ftirilen Ba\u011f\u0131ms\u0131zl\u0131k Referandumunu destekledi\u011fini vurgulayan Seyid Abdulfettah, bu y\u00fczden M\u0131s\u0131rl\u0131 baz\u0131 ayd\u0131nlar taraf\u0131ndan ele\u015ftirildi\u011fini ancak do\u011frusunu yapt\u0131\u011f\u0131na inand\u0131\u011f\u0131n\u0131 s\u00f6yledi.<\/p>\n<p>Seyid Abdulfettah, Kahire\u2019nin en b\u00fcy\u00fck Arap ba\u015fkentlerinden biri oldu\u011funa dikkat \u00e7ekerek, \u00fclkede K\u00fcrt medyas\u0131n\u0131n da daha g\u00fc\u00e7l\u00fc olmas\u0131 gerekti\u011fini ifade etti.<\/p>\n<p>Abdulfettah, \u201c\u00d6rne\u011fin R\u00fbdaw gibi b\u00fcy\u00fck bir K\u00fcrt medyas\u0131 M\u0131s\u0131r\u2019da olmal\u0131. \u00c7\u00fcnk\u00fc bu, K\u00fcrtlerin ger\u00e7ek simas\u0131n\u0131n M\u0131s\u0131r halk\u0131na yans\u0131mas\u0131 noktas\u0131nda etkili olur. O zaman insanlar ve tabi ki ayd\u0131nlar Irak\u2019ta K\u00fcrdistan diye bir yer oldu\u011funu bilir ve K\u00fcrt davas\u0131n\u0131 iyi anlar\u201d dedi.<\/p>\n<p>M\u0131s\u0131r\u2019da K\u00fcrtlerin varl\u0131\u011f\u0131n\u0131n eskiye dayand\u0131\u011f\u0131n\u0131 anlatan Abdulfettah, baz\u0131 ara\u015ft\u0131rmalara g\u00f6re halen 2 milyon M\u0131s\u0131rl\u0131n\u0131n k\u00f6ken olarak K\u00fcrt oldu\u011funu s\u00f6yledi.<\/p>\n<p>K\u00fcrdistan Dersigi yay\u0131n y\u00f6netmeni Seyid Abdulfettah, \u201cAra\u015ft\u0131rmac\u0131lar, Firavun Amonhotep&#8217;in e\u015fi Nefertiti\u2019nin K\u00fcrt oldu\u011funu yaz\u0131yor. Selahaddin-i Eyyubi K\u00fcrt\u2019t\u00fc. M\u0131s\u0131r\u2019\u0131n kurucular\u0131ndan Muhammed Ali, f\u0131k\u0131h ve \u0130slam hakk\u0131nd a\u00f6nemli \u00e7al\u0131\u015fmalar\u0131 olan \u015eeyh Muhammed Abdo, kad\u0131n haklar\u0131 konusunda \u00f6nemli rol \u00fcstlenen Kas\u0131m Emin, b\u00fcy\u00fck \u015fairlerden Ahmed \u015eevki, Abbas Mahmud Aqad, K\u00fcrt\u2019t\u00fc. Yine k\u00fclt\u00fcr ve sanat alan\u0131nda \u00f6nemli \u00e7al\u0131\u015fmalara imza atan Suad H\u00fcsn\u00fc, Leyla Fevzi ve Bedirhan ailesi K\u00fcrt\u2019t\u00fc. Halka M\u0131s\u0131r\u2019da isimleri K\u00fcrt\u00e7e olan, k\u00f6y, sokak ve yerle\u015fim yerleri var\u201d diye konu\u015ftu.<\/p>\n<p>Abdulfettah, \u201cK\u00fcrtler Selahaddin d\u00f6neminde M\u0131s\u0131r\u2019da devletin temellerini att\u0131. M\u0131s\u0131r\u2019\u0131n kurucular\u0131ndan Muhammed Ali, kendisi ile birlikte b\u00fcy\u00fck bir K\u00fcrt n\u00fcfusunu da \u00fclkeye getirdi ama hepsi zamanla M\u0131s\u0131r toplumuna kar\u0131\u015ft\u0131\u201d dedi.<\/p>\n<div><\/div>\n<div class=\"status-owner text-secondary\">Rudaw<\/div>\n","protected":false},"excerpt":{"rendered":"<p>Bir grup Arap ara\u015ft\u0131rmac\u0131 ve yazar taraf\u0131ndan haz\u0131rlanan Arap\u00e7a K\u00fcrdistan Dergisi\u2019nin ilk say\u0131s\u0131 M\u0131s\u0131r\u2019\u0131n ba\u015fkenti Kahire\u2019de bas\u0131ld\u0131. Derginin yay\u0131n y\u00f6netmeni Seyid Abdulfettah, K\u00fcrdistan Gazetesi\u2019nin 124\u2019\u00fcnc\u00fc y\u0131ld\u00f6n\u00fcm\u00fcnde \u00e7\u0131kard\u0131klar\u0131n\u0131 s\u00f6yledi. K\u00fcrdistan Gazetesi\u2019nin ilk say\u0131s\u0131 22 Nisan 1898&#8217;de M\u0131s\u0131r&#8217;\u0131n ba\u015fkenti Kahire&#8217;de Mikdad Mithad Bedirhan taraf\u0131ndan yay\u0131mlanm\u0131\u015ft\u0131. Kahire\u2019de bu defa bir grup Arap ayd\u0131n, \u201cK\u00fcrdistan\u201d ismiyle dergi \u00e7\u0131kard\u0131. R\u00fbdaw &hellip;<\/p>\n","protected":false},"author":2,"featured_media":22184,"comment_status":"open","ping_status":"open","sticky":false,"template":"","format":"standard","meta":{"footnotes":""},"categories":[158,3,5357],"tags":[5941,5942,1616,3001],"class_list":["post-22183","post","type-post","status-publish","format-standard","has-post-thumbnail","","category-dergicilik","category-haber","category-yayincilik","tag-dergicilik","tag-kurdistan-dergisi","tag-manset","tag-yayincilik"],"_links":{"self":[{"href":"https:\/\/candname.com\/tr\/index.php?rest_route=\/wp\/v2\/posts\/22183","targetHints":{"allow":["GET"]}}],"collection":[{"href":"https:\/\/candname.com\/tr\/index.php?rest_route=\/wp\/v2\/posts"}],"about":[{"href":"https:\/\/candname.com\/tr\/index.php?rest_route=\/wp\/v2\/types\/post"}],"author":[{"embeddable":true,"href":"https:\/\/candname.com\/tr\/index.php?rest_route=\/wp\/v2\/users\/2"}],"replies":[{"embeddable":true,"href":"https:\/\/candname.com\/tr\/index.php?rest_route=%2Fwp%2Fv2%2Fcomments&post=22183"}],"version-history":[{"count":0,"href":"https:\/\/candname.com\/tr\/index.php?rest_route=\/wp\/v2\/posts\/22183\/revisions"}],"wp:featuredmedia":[{"embeddable":true,"href":"https:\/\/candname.com\/tr\/index.php?rest_route=\/wp\/v2\/media\/22184"}],"wp:attachment":[{"href":"https:\/\/candname.com\/tr\/index.php?rest_route=%2Fwp%2Fv2%2Fmedia&parent=22183"}],"wp:term":[{"taxonomy":"category","embeddable":true,"href":"https:\/\/candname.com\/tr\/index.php?rest_route=%2Fwp%2Fv2%2Fcategories&post=22183"},{"taxonomy":"post_tag","embeddable":true,"href":"https:\/\/candname.com\/tr\/index.php?rest_route=%2Fwp%2Fv2%2Ftags&post=22183"}],"curies":[{"name":"wp","href":"https:\/\/api.w.org\/{rel}","templated":true}]}}