{"id":22160,"date":"2022-02-08T08:55:22","date_gmt":"2022-02-08T05:55:22","guid":{"rendered":"https:\/\/candname.com\/tr\/?p=22160"},"modified":"2022-02-08T08:55:22","modified_gmt":"2022-02-08T05:55:22","slug":"suleyman-cevik-dil-kampanyasi-herkesi-ortak-paydada-bulusturdu","status":"publish","type":"post","link":"https:\/\/candname.com\/tr\/?p=22160","title":{"rendered":"S\u00fcleyman \u00c7evik: Dil kampanyas\u0131 herkesi ortak paydada bulu\u015fturdu"},"content":{"rendered":"<p>N\u00fbbihar Yay\u0131nlar\u0131 Genel Yay\u0131n Y\u00f6netmeni S\u00fcleyman \u00c7evik, K\u00fcrt\u00e7e se\u00e7meli dersler i\u00e7in y\u00fcr\u00fct\u00fclen kampanyaya ili\u015fkin, \u201cBu e\u011filim ve ilgi \u00f6nceki y\u0131llarda da olsayd\u0131 belki bug\u00fcn K\u00fcrt\u00e7e e\u011fitim dili olurdu\u201d dedi.<\/p>\n<p>T\u00fcrkiye&#8217;de K\u00fcrt yay\u0131nc\u0131l\u0131\u011f\u0131na \u00f6nemli hizmetler veren N\u00fbbihar Yay\u0131nevi ve Dergisi 30\u2019uncu y\u0131l\u0131n\u0131 geride b\u0131rakt\u0131.<\/p>\n<p>R\u00fbdaw TV yay\u0131nlanan \u00f6zel r\u00f6portajda Rawin Sterk\u2019in konu\u011fu olan N\u00fbbihar Yay\u0131nlar\u0131 Genel Yay\u0131n Y\u00f6netmeni S\u00fcleyman \u00c7evik, 3 ayda bir \u00e7\u0131kan ve K\u00fcrt\u00e7e en uzun soluklu dergi olan N\u00fbbihar dergisinin 159\u2019uncu say\u0131s\u0131n\u0131 haz\u0131rlad\u0131klar\u0131n\u0131, farkl\u0131 leh\u00e7elerde 6 ayda bir \u00e7\u0131kan \u201cN\u00fbbihar Akadem\u00eek\u201d dergisinin de \u015fu ana kadar 16 say\u0131 \u00e7\u0131kt\u0131\u011f\u0131n\u0131 hat\u0131rlatt\u0131.<\/p>\n<p>Edebiyat, folklor, tarih, e\u011fitim ve daha bir\u00e7ok kategoride kitaplar yay\u0131mlad\u0131klar\u0131n\u0131 anlatan \u00c7evik, ancak \u00f6zellikle de \u00e7ocuk kitaplar\u0131 ve romanlarla ilgili eksikler oldu\u011funu bunlar\u0131 da \u00e7al\u0131\u015fmalar\u0131na eklemek istediklerini s\u00f6yledi.<\/p>\n<p>T\u00fcrkiye\u2019de Milli E\u011fitim Bakanl\u0131\u011f\u0131\u2019na ba\u011fl\u0131 ortaokullarda 2022-2023 e\u011fitim ve \u00f6\u011fretim y\u0131l\u0131nda okutulacak K\u00fcrt\u00e7e se\u00e7meli dersler i\u00e7in ba\u015flat\u0131lan kampanyay\u0131 de\u011ferlendiren \u00c7evik, kampanyan\u0131n son derece olumlu oldu\u011funu vurgulad\u0131.<\/p>\n<p>S\u00fcleyman \u00c7evik, \u201cNormal bir ortamda bir biri ile selamla\u015famayan, birbirleriyle konu\u015famayan kesimler bile dil konusunda ortak bir paydada bulu\u015ftu, herkes &#8216;dilinizi tercih edin dedi. Bu \u00e7ok iyiydi. Bir\u00e7ok ki\u015fi bu derslerin varl\u0131\u011f\u0131ndan haberdar de\u011fildi. Kurum, dernek, \u00f6rg\u00fctler, platform ve \u015fahsiyetler bu konuyu K\u00fcrtlerin g\u00fcndemine oturttu. Elbet istedi\u011fimiz gibi olmad\u0131 ama daha \u00f6nceki y\u0131llarda b\u00f6yle bir kampanya yap\u0131lsayd\u0131, belki de K\u00fcrt\u00e7e bug\u00fcn ba\u015fka bir boyuta ta\u015f\u0131y\u0131p e\u011fitim dili olabilirdi. Dolay\u0131s\u0131yla halk nezdinde me\u015fru kabul edilecek ve K\u00fcrtler de bunu g\u00f6recekti. K\u00fcrt \u00e7ocuklar\u0131 haftada 2 saat de olsa K\u00fcrt\u00e7e ders g\u00f6rd\u00fcklerinde \u2018bizim de dilimiz, gramerimiz var, okuyabiliyoruz&#8217; diyebilecek. Bu nedenle kampanya herkese, ailelere, \u00e7ocuklara, kurum, dernek ve yay\u0131nevlerine de fayda sa\u011flayacakt\u0131r\u201d ifadelerini kulland\u0131.<\/p>\n<p>K\u00fcrt\u00e7e ders konusunda ailelerin korku duvar\u0131n\u0131 k\u0131smen a\u015ft\u0131\u011f\u0131n\u0131 ancak hala kat edilmesi gereken \u00e7ok mesafe oldu\u011funu dile getiren \u00c7evik, fakat bu y\u0131l K\u00fcrt\u00e7e derse olan ilginin bir\u00e7ok kesimi \u015fa\u015f\u0131rtt\u0131\u011f\u0131n\u0131 s\u00f6yledi.<\/p>\n<p>N\u00fbbihar Yay\u0131nlar\u0131 Genel Yay\u0131n Y\u00f6netmeni S\u00fcleyman \u00c7evik, se\u00e7meli K\u00fcrt\u00e7e dersi tercih eden \u00f6\u011frenciler i\u00e7in ba\u015flat\u0131lan destek kampanyas\u0131na kendilerinin de 5 bin kitap deste\u011fi ile kat\u0131ld\u0131klar\u0131n\u0131 an\u0131msatt\u0131.<\/p>\n<p>K\u00fcrt\u00e7enin e\u011fitim dili olmas\u0131 gerekti\u011fini belirten \u00c7evik, bu konuda K\u00fcrdistan B\u00f6lgesi deneyiminden faydalan\u0131labilece\u011fini dile getirdi.<\/p>\n<p>Se\u00e7meli dersler i\u00e7in yar\u0131n son g\u00fcn oldu\u011funu hat\u0131rlatan \u00c7evik, \u201cHala ders tercihini yapmayanlar bunu ihmal etmemeli. Yine de K\u00fcrt\u00e7enin e\u011fitim dili olmas\u0131 i\u00e7in bir proje haz\u0131rlanmal\u0131. Bunu kendimize dert ve ama\u00e7 edinmeliyiz\u201d dedi.<\/p>\n<p><strong>Rudaw<\/strong><\/p>\n","protected":false},"excerpt":{"rendered":"<p>N\u00fbbihar Yay\u0131nlar\u0131 Genel Yay\u0131n Y\u00f6netmeni S\u00fcleyman \u00c7evik, K\u00fcrt\u00e7e se\u00e7meli dersler i\u00e7in y\u00fcr\u00fct\u00fclen kampanyaya ili\u015fkin, \u201cBu e\u011filim ve ilgi \u00f6nceki y\u0131llarda da olsayd\u0131 belki bug\u00fcn K\u00fcrt\u00e7e e\u011fitim dili olurdu\u201d dedi. T\u00fcrkiye&#8217;de K\u00fcrt yay\u0131nc\u0131l\u0131\u011f\u0131na \u00f6nemli hizmetler veren N\u00fbbihar Yay\u0131nevi ve Dergisi 30\u2019uncu y\u0131l\u0131n\u0131 geride b\u0131rakt\u0131. R\u00fbdaw TV yay\u0131nlanan \u00f6zel r\u00f6portajda Rawin Sterk\u2019in konu\u011fu olan N\u00fbbihar Yay\u0131nlar\u0131 Genel &hellip;<\/p>\n","protected":false},"author":32,"featured_media":22161,"comment_status":"open","ping_status":"open","sticky":false,"template":"","format":"standard","meta":{"footnotes":""},"categories":[5371],"tags":[161,141,1616,180,5930,3189,847,244],"class_list":["post-22160","post","type-post","status-publish","format-standard","has-post-thumbnail","","category-alinti-yazilar","tag-kurmanci","tag-kurtce","tag-manset","tag-nubihar","tag-nubihar-komele","tag-rudaw","tag-sorani","tag-zazaki"],"_links":{"self":[{"href":"https:\/\/candname.com\/tr\/index.php?rest_route=\/wp\/v2\/posts\/22160","targetHints":{"allow":["GET"]}}],"collection":[{"href":"https:\/\/candname.com\/tr\/index.php?rest_route=\/wp\/v2\/posts"}],"about":[{"href":"https:\/\/candname.com\/tr\/index.php?rest_route=\/wp\/v2\/types\/post"}],"author":[{"embeddable":true,"href":"https:\/\/candname.com\/tr\/index.php?rest_route=\/wp\/v2\/users\/32"}],"replies":[{"embeddable":true,"href":"https:\/\/candname.com\/tr\/index.php?rest_route=%2Fwp%2Fv2%2Fcomments&post=22160"}],"version-history":[{"count":0,"href":"https:\/\/candname.com\/tr\/index.php?rest_route=\/wp\/v2\/posts\/22160\/revisions"}],"wp:featuredmedia":[{"embeddable":true,"href":"https:\/\/candname.com\/tr\/index.php?rest_route=\/wp\/v2\/media\/22161"}],"wp:attachment":[{"href":"https:\/\/candname.com\/tr\/index.php?rest_route=%2Fwp%2Fv2%2Fmedia&parent=22160"}],"wp:term":[{"taxonomy":"category","embeddable":true,"href":"https:\/\/candname.com\/tr\/index.php?rest_route=%2Fwp%2Fv2%2Fcategories&post=22160"},{"taxonomy":"post_tag","embeddable":true,"href":"https:\/\/candname.com\/tr\/index.php?rest_route=%2Fwp%2Fv2%2Ftags&post=22160"}],"curies":[{"name":"wp","href":"https:\/\/api.w.org\/{rel}","templated":true}]}}