{"id":22153,"date":"2022-01-17T20:12:45","date_gmt":"2022-01-17T17:12:45","guid":{"rendered":"https:\/\/candname.com\/tr\/?p=22153"},"modified":"2022-01-17T20:12:45","modified_gmt":"2022-01-17T17:12:45","slug":"kurtce-podcast","status":"publish","type":"post","link":"https:\/\/candname.com\/tr\/?p=22153","title":{"rendered":"K\u00fcrt\u00e7e Podcast"},"content":{"rendered":"<blockquote>\n<p class=\"entry-title h1\">\u2018Guhdar\u00ean ez\u00eez, ev der Podcast Kurd\u00ee ye\u2019<\/p>\n<\/blockquote>\n<h5>D\u00fcnyada en h\u0131zl\u0131 b\u00fcy\u00fcyen dijital i\u00e7erik formatlar\u0131ndan biri podcast. T\u00fcrkiye\u2019de de bir podcast patlamas\u0131 ya\u015fan\u0131yor. Art\u0131k K\u00fcrt\u00e7e podcastler de var. Bunlar aras\u0131nda en geni\u015f ekibe sahip olanlardan birini mercek alt\u0131na ald\u0131k: Podcast Kurd\u00ee. 21 Mart\u2019ta \u201cGuhdar\u00ean ez\u00eez, ev der Podcast Kurd\u00ee ye!\u201d (De\u011ferli dinleyiciler, buras\u0131 Podcast Kurd\u00ee) slogan\u0131yla yay\u0131na ba\u015flayan <strong>ekipten gazeteci Mevl\u00fct O\u011fuz, <\/strong>\u201cDerdimiz, anlatmak istediklerimiz, payla\u015fmak istedi\u011fimiz \u015feyler var\u201d diyor. \u201cY<strong>eter ki dinleyicilerimiz bizi yaln\u0131z b\u0131rakmas\u0131n; dinlesin ve ele\u015ftirsin\u201d diye ekliyor.<\/strong><\/h5>\n<p>Haber, yorum, k\u00fclt\u00fcr, sanat, edebiyat ve m\u00fczik gibi konularda i\u00e7eriklere yer veren <a href=\"http:\/\/www.podcastkurdi.com\/\" target=\"_blank\" rel=\"noopener noreferrer nofollow\">Podcast Kurd\u00ee<\/a>\u2018nin genel yay\u0131n koordinat\u00f6rl\u00fc\u011f\u00fcn\u00fc gazeteci Mehmed Salih Bedirxan ve Rabia \u00c7etin yap\u0131yor. Fato\u015f Y\u0131ld\u0131z, Roza Sierra ve Mevl\u00fct O\u011fuz projede edit\u00f6r olarak yer al\u0131yor. Yay\u0131n dan\u0131\u015fmanlar\u0131 da Mahmut Bozarslan, Hatice Kamer ve Murat Bayram gibi gazeteciler. Teknik sorumlu, Hozar Adar.<\/p>\n<p>T\u00fcm bu isimler ayn\u0131 zamanda K\u00fcrt diline, k\u00fclt\u00fcr\u00fcne, tarihine ve m\u00fczi\u011fine v\u00e2k\u0131f. Her ne kadar podcast yay\u0131nc\u0131l\u0131\u011f\u0131 K\u00fcrt\u00e7e i\u00e7in yeni bir alan olarak kar\u015f\u0131m\u0131za \u00e7\u0131ksa da K\u00fcrtler sesli i\u00e7eriklere a\u015fina. Ba\u011fdat Radyosu, Erivan Radyosu ve Kahire Radyosu\u2019nun K\u00fcrt\u00e7e yay\u0131nlar\u0131 h\u00e2l\u00e2 haf\u0131zalarda. Ge\u00e7mi\u015fteki o kay\u0131tlar bug\u00fcn dahi \u00e7e\u015fitli dijital mecralarda dinleyicilerin ilgisini \u00e7ekmeye devam ediyor.<\/p>\n<p>Podcast Kurd\u00ee, bu yay\u0131nc\u0131lar\u0131n b\u0131rakt\u0131\u011f\u0131 i\u015fi devam etme iddias\u0131nda. \u015eu a\u015famada herhangi bir yerden fon alm\u0131yorlar. Bir sponsorlar\u0131 da yok. \u0130leride gelebilecek fon ve reklam tekliflerine a\u00e7\u0131k olduklar\u0131n\u0131 s\u00f6yl\u00fcyorlar. Motivasyonlar\u0131, dinleyicilerden ald\u0131klar\u0131 olumlu geri d\u00f6n\u00fc\u015fler. Kendi ifadeleriyle bu, onlar i\u00e7in paradan daha de\u011ferli.<\/p>\n<p>Televizyon izlenme oranlar\u0131n\u0131n d\u00fc\u015ft\u00fc\u011f\u00fc, sesli i\u00e7eriklerin eri\u015fiminin artt\u0131\u011f\u0131 bir d\u00f6nemde T\u00fcrkiye\u2019de K\u00fcrt\u00e7e podcast yapmaya ba\u015flayan Podcast Kurd\u00ee \u00e7al\u0131\u015fanlar\u0131yla bu maceray\u0131 konu\u015ftuk.<\/p>\n<h4>Roza Sierra: Hepimiz i\u00e7in yeni bir mecrayd\u0131<\/h4>\n<p>Projede edit\u00f6r olarak yer alan Roza Sierra, K\u00fcrtlerin yak\u0131ndan tan\u0131d\u0131\u011f\u0131 bir isim. Mardin Artuklu \u00dcniversitesi\u2019nin K\u00fcrt Dili ve Edebiyat\u0131 b\u00f6l\u00fcm\u00fcnden mezun. Ayn\u0131 zamanda bir YouTuber. Derleme \u00e7al\u0131\u015fmalar\u0131 da olan Sierra, projeye dahil olma s\u00fcrecini \u015f\u00f6yle anlat\u0131yor:<\/p>\n<p>\u201cGenel yay\u0131n koordinat\u00f6rlerimiz Mehmet Salih ve Rabia ile Podcast Kurd\u00ee \u00f6nerisi \u00fczerine toplan\u0131p isti\u015farelerimizi yapt\u0131k, ekibimizi kurduk. Fikir a\u015famas\u0131nda \u00e7ok heyecanl\u0131yd\u0131k. Hepimiz i\u00e7in yeni bir mecrayd\u0131. Podcast yay\u0131n\u0131 Amerika, Avrupa ve di\u011fer \u00fclkelerde yayg\u0131n olsa da T\u00fcrkiye medyas\u0131nda ve K\u00fcrtlerin medyas\u0131nda yayg\u0131n bir platform de\u011fil. Gerekli haz\u0131rl\u0131klar\u0131n ve okumalar\u0131n ard\u0131ndan Podcast Kurd\u00ee\u2019nin yay\u0131n i\u00e7eri\u011fi i\u00e7in haz\u0131rl\u0131klar\u0131na ba\u015flad\u0131k. Program ve i\u00e7erik \u00fczerine fikir al\u0131\u015fveri\u015finde bulunduk. Keyifli ve yo\u011fun bir s\u00fcre\u00e7 i\u00e7erisine girdik. Her birimiz alanlar\u0131m\u0131z\u0131 belirleyip i\u00e7eriklerimizi haz\u0131rlay\u0131p 21 Mart\u2019ta yay\u0131na ba\u015flad\u0131k.\u201d<\/p>\n<figure id=\"attachment_25892\" class=\"wp-caption aligncenter\" aria-describedby=\"caption-attachment-25892\">\n<figure id=\"attachment_25892\" aria-describedby=\"caption-attachment-25892\" style=\"width: 403px\" class=\"wp-caption aligncenter\"><img loading=\"lazy\" decoding=\"async\" class=\"wp-image-25892 size-full\" src=\"https:\/\/i1.wp.com\/journo.com.tr\/wp-content\/uploads\/2020\/07\/roza-sierra.jpg?resize=403%2C367&amp;ssl=1\" sizes=\"auto, (max-width: 403px) 100vw, 403px\" srcset=\"https:\/\/i1.wp.com\/journo.com.tr\/wp-content\/uploads\/2020\/07\/roza-sierra.jpg?w=403&amp;ssl=1 403w, https:\/\/i1.wp.com\/journo.com.tr\/wp-content\/uploads\/2020\/07\/roza-sierra.jpg?resize=300%2C273&amp;ssl=1 300w\" alt=\"Roza Sierra\" width=\"403\" height=\"367\" data-recalc-dims=\"1\" \/><figcaption id=\"caption-attachment-25892\" class=\"wp-caption-text\">Roza Sierra<\/figcaption><\/figure><\/figure>\n<p>K\u00fcrt\u00e7e podcast yay\u0131nc\u0131l\u0131\u011f\u0131n\u0131n di\u011fer dillerdeki yay\u0131nc\u0131l\u0131\u011fa g\u00f6re farkl\u0131l\u0131klar\u0131n\u0131 anlatan Sierra \u015funlar\u0131 s\u00f6yl\u00fcyor:<\/p>\n<p>\u201cPodcast d\u00fcnyada belli bir seviyeye ula\u015fm\u0131\u015f olsa da, K\u00fcrt\u00e7e i\u00e7in yepyeni say\u0131labilecek nitelikte. Amerika\u2019n\u0131n Sesi, Sputnik, \u0130sve\u00e7 Radyosu ve Avustralya\u2019n\u0131n Sesi gibi uluslararas\u0131 radyolar\u0131n K\u00fcrt\u00e7e servisleri belli ba\u015fl\u0131 i\u00e7erikleri podcast (dizile\u015ftirilmi\u015f ses dosyas\u0131) olarak payla\u015fsalar da, bunlar kurumsal giri\u015fimler. Biz podcast yay\u0131n\u0131na ekip olarak ba\u015flad\u0131k ve bu alanda olumlu i\u015fler yapmak istiyoruz.\u201d<\/p>\n<h4>Gazeteciler ve sinemac\u0131lardan olu\u015fan 6 ki\u015filik ekip<\/h4>\n<p>Sierra alt\u0131 ki\u015filik ekibin gazetecilerden ve sinemac\u0131lardan olu\u015ftu\u011funu, bunlar\u0131n \u201cK\u00fcrt\u00e7eye g\u00f6n\u00fcl vermi\u015f insanlar\u201d oldu\u011funun alt\u0131n\u0131 \u00e7iziyor. Podcast Kurd\u00ee\u2019yi de bir \u201csosyal ve vicdani sorumluluk projesi\u201d olarak g\u00f6rd\u00fcklerini kaydeden Sierra s\u00f6zlerini \u015f\u00f6yle bitiriyor:<\/p>\n<p>\u201cG\u00fcndem, siyaset, magazin, k\u00fclt\u00fcr, sanat, folklor alanlar\u0131nda i\u00e7erikler \u00fcretece\u011fiz. Podcast Kurd\u00ee K\u00fcrt\u00e7e dinlemek isteyenler online bir ar\u015fiv olu\u015fturmay\u0131, insanlar\u0131n kolayca eri\u015febilecekleri ve dinleyebilecekleri yeni \u015feyleri sunmay\u0131 ama\u00e7l\u0131yor. Bildi\u011finiz \u00fczere T\u00fcrkiye\u2019de medya tek ses haline geldi. \u00d6te yandan K\u00fcrtlerin bir\u00e7ok medya kurulu\u015fu son birka\u00e7 y\u0131lda kapat\u0131ld\u0131. Yeni bir sese ihtiya\u00e7 oldu\u011funu g\u00f6r\u00fcp bu ihtiyac\u0131 kar\u015f\u0131lamak amac\u0131yla yola koyulduk.\u201d<\/p>\n<h4>Y\u0131ld\u0131z\u2019\u0131n ilk podcasti sinema tarihi \u00fczerine<\/h4>\n<p>Podcast Kurd\u00ee\u2019nin bir di\u011fer edit\u00f6r\u00fc ise sinemac\u0131 Fato\u015f Y\u0131ld\u0131z. \u0130lk podcastini sineman\u0131n tarihi \u00fczerine haz\u0131rlad\u0131. Y\u0131ld\u0131z \u015funlar\u0131 s\u00f6yl\u00fcyor: \u201cKoordinat\u00f6r\u00fcm\u00fcz Mehmed Salih Bedirxan beni aray\u0131p K\u00fcrt\u00e7e podcast programlar\u0131 yapaca\u011f\u0131m\u0131z\u0131 s\u00f6yleyip ekibe d\u00e2hil olmam\u0131 istedi\u011finde \u00e7ok heyecanland\u0131m. Bu hem bizim i\u00e7in, hem de K\u00fcrtler i\u00e7in yeni bir \u015fey. K\u00fcrt\u00e7e\u2019nin daha \u00e7ok konu\u015fulmas\u0131, daha \u00e7ok dinlenmesi a\u00e7\u0131s\u0131ndan bu t\u00fcr yay\u0131nlar\u0131n olmas\u0131 \u00f6nemli bir ad\u0131m.\u201d<\/p>\n<figure id=\"attachment_25895\" class=\"wp-caption alignnone\" aria-describedby=\"caption-attachment-25895\">\n<figure id=\"attachment_25895\" aria-describedby=\"caption-attachment-25895\" style=\"width: 1320px\" class=\"wp-caption aligncenter\"><img loading=\"lazy\" decoding=\"async\" class=\"wp-image-25895 size-full\" src=\"https:\/\/i1.wp.com\/journo.com.tr\/wp-content\/uploads\/2020\/07\/fatos-yildiz.jpeg?resize=1320%2C990&amp;ssl=1\" sizes=\"auto, (max-width: 1320px) 100vw, 1320px\" srcset=\"https:\/\/i1.wp.com\/journo.com.tr\/wp-content\/uploads\/2020\/07\/fatos-yildiz.jpeg?w=1600&amp;ssl=1 1600w, https:\/\/i1.wp.com\/journo.com.tr\/wp-content\/uploads\/2020\/07\/fatos-yildiz.jpeg?resize=300%2C225&amp;ssl=1 300w, https:\/\/i1.wp.com\/journo.com.tr\/wp-content\/uploads\/2020\/07\/fatos-yildiz.jpeg?resize=1024%2C768&amp;ssl=1 1024w, https:\/\/i1.wp.com\/journo.com.tr\/wp-content\/uploads\/2020\/07\/fatos-yildiz.jpeg?resize=768%2C576&amp;ssl=1 768w, https:\/\/i1.wp.com\/journo.com.tr\/wp-content\/uploads\/2020\/07\/fatos-yildiz.jpeg?resize=600%2C450&amp;ssl=1 600w, https:\/\/i1.wp.com\/journo.com.tr\/wp-content\/uploads\/2020\/07\/fatos-yildiz.jpeg?resize=1536%2C1152&amp;ssl=1 1536w, https:\/\/i1.wp.com\/journo.com.tr\/wp-content\/uploads\/2020\/07\/fatos-yildiz.jpeg?resize=74%2C55&amp;ssl=1 74w, https:\/\/i1.wp.com\/journo.com.tr\/wp-content\/uploads\/2020\/07\/fatos-yildiz.jpeg?resize=111%2C83&amp;ssl=1 111w, https:\/\/i1.wp.com\/journo.com.tr\/wp-content\/uploads\/2020\/07\/fatos-yildiz.jpeg?resize=215%2C161&amp;ssl=1 215w, https:\/\/i1.wp.com\/journo.com.tr\/wp-content\/uploads\/2020\/07\/fatos-yildiz.jpeg?resize=990%2C743&amp;ssl=1 990w, https:\/\/i1.wp.com\/journo.com.tr\/wp-content\/uploads\/2020\/07\/fatos-yildiz.jpeg?resize=1320%2C990&amp;ssl=1 1320w\" alt=\"Fato\u015f Y\u0131ld\u0131z\" width=\"1320\" height=\"990\" data-recalc-dims=\"1\" \/><figcaption id=\"caption-attachment-25895\" class=\"wp-caption-text\">Fato\u015f Y\u0131ld\u0131z<\/figcaption><\/figure><\/figure>\n<p>Y\u0131ld\u0131z, podcastin haz\u0131rl\u0131k s\u00fcrecini ise \u015f\u00f6yle anlat\u0131yor: \u201cYay\u0131n \u00f6ncesi konumu belirleyip \u00e7e\u015fitli ara\u015ft\u0131rmalar ve okumalar yap\u0131yorum. \u015eayet konuk alacaksam \u00f6nce kendisiyle sohbet ediyor, sorular\u0131m\u0131 haz\u0131rl\u0131yorum. Ekipman\u0131m\u0131 masaya koyup \u00e7e\u015fitli denemelerden sonra yay\u0131n\u0131 haz\u0131rl\u0131yorum. \u0130lk yay\u0131n\u0131m\u0131z oldu\u011fu i\u00e7in gelecek reaksiyonlar ve ele\u015ftiriler bizim i\u00e7in \u00e7ok \u00f6nemli, bu sayede eksiklerimizi ve hatalar\u0131m\u0131z\u0131 g\u00f6rme \u015fans\u0131m\u0131z olur.\u201d<\/p>\n<h4>Yay\u0131n s\u00fcresini k\u0131sa tutmaya karar verdiler<\/h4>\n<p>Yapacaklar\u0131 yay\u0131nlar\u0131n k\u0131sa olmas\u0131na \u00f6zen g\u00f6sterdiklerini kaydeden Y\u0131ld\u0131z, kendisinin de iyi bir podcast dinleyicisi oldu\u011funu belirterek \u015fu ifadeleri kullan\u0131yor: \u201cPodcast Kurd\u00ee\u2019ye ba\u015flamadan \u00f6nce \u00f6zellikle k\u00fclt\u00fcr sanat podcastlerini dinledim. Kimisi sohbet havas\u0131nda, kimisi \u00e7ok didaktik bir \u015fekilde yay\u0131n yap\u0131yordu. Ama genellikle hepsi \u00e7ok uzun s\u00fcreli yay\u0131nlar yap\u0131yor ve bu da dinleyiciyi bir s\u00fcre sonra s\u0131kabiliyor. Mesela biz yay\u0131na ba\u015flamadan \u00f6nce ilk olarak s\u00fcre meselesini konu\u015ftuk. S\u00fcre bak\u0131m\u0131ndan k\u0131sa yay\u0131nlar yaparsak dinleyicinin dikkati de kolay da\u011f\u0131lmaz diye d\u00fc\u015f\u00fcnd\u00fck.\u201d<\/p>\n<p>Projede yer alan di\u011fer bir isim de gazeteci Mevl\u00fct O\u011fuz. Uluslararas\u0131 bir haber ajans\u0131n\u0131n K\u00fcrt\u00e7e servisine sesli i\u00e7erikler \u00fcreten O\u011fuz, podcast konusunda deneyim sahibi biri. K\u00fcrt\u00e7e yazman\u0131n ve okuman\u0131n kendisini heyecanland\u0131rd\u0131\u011f\u0131n\u0131 belirten O\u011fuz, \u00fc\u00e7 y\u0131l\u0131 a\u015fk\u0131n s\u00fcredir b\u00fct\u00fcn zorluklar\u0131na ra\u011fmen K\u00fcrt\u00e7e gazetecilik ve edit\u00f6rl\u00fck yap\u0131yor. K\u00fcrt\u00e7e m\u00fczik dergisi Ziryab\u2019\u0131n da edit\u00f6rl\u00fc\u011f\u00fcn\u00fc yapan O\u011fuz, K\u00fcrt\u00e7e okur ve yazar kitlesi i\u00e7in \u201cmutlu bir az\u0131nl\u0131k\u201d ifadesini kullan\u0131yor. K\u00fcrt\u00e7e podcastin zorluklar\u0131 konusunda O\u011fuz \u015f\u00f6yle diyor:<\/p>\n<h4>Mevl\u00fct O\u011fuz: Okuyup yazabilen ve anlayabilen \u2018mutlu bir az\u0131nl\u0131\u011f\u0131z\u2019<\/h4>\n<p>\u201cK\u00fcrt\u00e7e\u2019nin uzun y\u0131llar yasakl\u0131 olmas\u0131 ve h\u00e2len ilk\u00f6\u011fretimden \u00fcniversiteye kadar kesintisiz olarak e\u011fitim dili olmamas\u0131 hasebiyle, okur-yazar say\u0131s\u0131 g\u00fcn ge\u00e7tik\u00e7e artmakla beraber ne yaz\u0131k ki istenilen d\u00fczeyde de\u011fil. Okuyup yazabilen ve anlayabilen \u2018mutlu bir az\u0131nl\u0131\u011f\u0131z\u2019 k\u0131sacas\u0131. Okuma ve yazmas\u0131 iyi olan bu \u2018mutlu az\u0131nl\u0131k,\u2019 K\u00fcrt\u00e7e yaz\u0131lm\u0131\u015f muhte\u015fem \u015fiirler, \u00f6yk\u00fcler, romanlar okuyor ve edebi \u015f\u00f6lenin keyfini s\u00fcr\u00fcyor. \u00d6te yandan K\u00fcrt\u00e7e konu\u015fan ama yazamayan ve h\u00e2liyle okuyamayan; yava\u015f okuyan, yava\u015f okudu\u011fu i\u00e7in de anlamakta zorluk \u00e7eken hat\u0131r\u0131 say\u0131l\u0131r bir kitle var. Bu kitle \u00e7o\u011fu zaman K\u00fcrt\u00e7e bir metinle kar\u015f\u0131la\u015ft\u0131\u011f\u0131nda \u2018Konu\u015fabiliyorum ama anlam\u0131yorum\u2019 diyor. Bir de \u2018anl\u0131yorum ama konu\u015fam\u0131yorum\u2019cular var. B\u00f6yle durumlarda fark etti\u011fim bir \u015fey var: Anlayam\u0131yorum diyenlere K\u00fcrt\u00e7e bir metni okudu\u011funuzda b\u00fcy\u00fck oranda anl\u0131yorlar.\u201d<\/p>\n<figure id=\"attachment_25893\" class=\"wp-caption alignnone\" aria-describedby=\"caption-attachment-25893\">\n<figure id=\"attachment_25893\" aria-describedby=\"caption-attachment-25893\" style=\"width: 1202px\" class=\"wp-caption aligncenter\"><img loading=\"lazy\" decoding=\"async\" class=\"wp-image-25893 size-full\" src=\"https:\/\/i0.wp.com\/journo.com.tr\/wp-content\/uploads\/2020\/07\/mevlut-oguz.jpg?resize=1202%2C836&amp;ssl=1\" sizes=\"auto, (max-width: 1202px) 100vw, 1202px\" srcset=\"https:\/\/i0.wp.com\/journo.com.tr\/wp-content\/uploads\/2020\/07\/mevlut-oguz.jpg?w=1202&amp;ssl=1 1202w, https:\/\/i0.wp.com\/journo.com.tr\/wp-content\/uploads\/2020\/07\/mevlut-oguz.jpg?resize=300%2C209&amp;ssl=1 300w, https:\/\/i0.wp.com\/journo.com.tr\/wp-content\/uploads\/2020\/07\/mevlut-oguz.jpg?resize=1024%2C712&amp;ssl=1 1024w, https:\/\/i0.wp.com\/journo.com.tr\/wp-content\/uploads\/2020\/07\/mevlut-oguz.jpg?resize=768%2C534&amp;ssl=1 768w, https:\/\/i0.wp.com\/journo.com.tr\/wp-content\/uploads\/2020\/07\/mevlut-oguz.jpg?resize=600%2C417&amp;ssl=1 600w, https:\/\/i0.wp.com\/journo.com.tr\/wp-content\/uploads\/2020\/07\/mevlut-oguz.jpg?resize=990%2C689&amp;ssl=1 990w\" alt=\"Mevl\u00fct O\u011fuz\" width=\"1202\" height=\"836\" data-recalc-dims=\"1\" \/><figcaption id=\"caption-attachment-25893\" class=\"wp-caption-text\">Mevl\u00fct O\u011fuz<\/figcaption><\/figure><\/figure>\n<p>O\u011fuz, Erivan Radyosu\u2019nun yakalad\u0131\u011f\u0131 ba\u015far\u0131y\u0131 bir ad\u0131m ileriye g\u00f6t\u00fcrmek istediklerini s\u00f6yl\u00fcyor. Bu y\u00fczden Podcast Kurd\u00ee i\u00e7in ilk podcastini de K\u00fcrt\u00e7e yay\u0131n yapan Ba\u011fdat, Kahire ve Erivan radyolar\u0131 ile <strong>K\u00fcrt\u00e7e sesli haberlere yer veren uluslararas\u0131 bas\u0131n yay\u0131n kurulu\u015flar\u0131<\/strong> \u00fczerine haz\u0131rlayan O\u011fuz \u015funlar\u0131 ekliyor:<\/p>\n<h4>\u2018Bu devrin insanlar\u0131 okumaktan ziyade dinlemeyi seviyor\u2019<\/h4>\n<p>\u201cBana \u00f6yle geliyor ki bu devrin insanlar\u0131 okumaktan ziyade dinlemeyi seviyor; dinledi\u011fimizi daha iyi anl\u0131yor ve kavr\u0131yoruz. Bu y\u00fczden podcast yapmak bana daha cazip geldi. YouTube gibi g\u00f6r\u00fcnt\u00fcl\u00fc mecralardan ziyade sesli bir mecra, bana daha yap\u0131labilir geldi. Zaten bir y\u0131l\u0131 a\u015fk\u0131n s\u00fcredir yabanc\u0131 bir ajans i\u00e7in sesli haberler yap\u0131yorum ve biraz tecr\u00fcbe kazand\u0131m.\u201d<\/p>\n<p>\u201c\u0130stanbul gibi bir \u015fehirde ya\u015fayan biri olarak ortalama bir bu\u00e7uk, iki saatini yolda ve trafikte ge\u00e7iriyorum. B\u00f6yle zamanlarda sesli bir \u015fey dinleme prati\u011fim devreye giriyor ve bu prati\u011fi g\u00f6r\u00fcnt\u00fcl\u00fc bir i\u00e7eri\u011fe nazaran daha kullan\u0131\u015fl\u0131 buluyorum. Ayr\u0131ca daha az veri harcanan bir format. Podcasti evde, arabada, toplu ta\u015f\u0131mada; birini beklerken bile dinleyebiliyorsunuz. Bunun i\u00e7in internete ba\u011fl\u0131 bir ak\u0131ll\u0131 telefon ve kulakl\u0131k yetiyor.\u201d<\/p>\n<p>\u201cDerdimiz, anlatmak istediklerimiz, payla\u015fmak istedi\u011fimiz \u015feyler var ve bunu da bir yere kadar podcast arac\u0131l\u0131\u011f\u0131yla dinleyicilerimize iletmek istiyoruz. K\u0131sacas\u0131 Erivan deneyimini ve ilk podcastimde bahsetti\u011fim radyolardan edindi\u011fimiz bilgi ve birikimi Podcast Kurd\u00ee ile bir ad\u0131m daha ileriye ta\u015f\u0131mak ve daha fazla dinleyiciye ula\u015ft\u0131rmay\u0131 hedefliyoruz.\u201d<\/p>\n<p><img loading=\"lazy\" decoding=\"async\" class=\"alignnone size-full wp-image-25894\" src=\"https:\/\/i1.wp.com\/journo.com.tr\/wp-content\/uploads\/2020\/07\/foto-3.jpeg?resize=1024%2C589&amp;ssl=1\" sizes=\"auto, (max-width: 1024px) 100vw, 1024px\" srcset=\"https:\/\/i1.wp.com\/journo.com.tr\/wp-content\/uploads\/2020\/07\/foto-3.jpeg?w=1024&amp;ssl=1 1024w, https:\/\/i1.wp.com\/journo.com.tr\/wp-content\/uploads\/2020\/07\/foto-3.jpeg?resize=300%2C173&amp;ssl=1 300w, https:\/\/i1.wp.com\/journo.com.tr\/wp-content\/uploads\/2020\/07\/foto-3.jpeg?resize=768%2C442&amp;ssl=1 768w, https:\/\/i1.wp.com\/journo.com.tr\/wp-content\/uploads\/2020\/07\/foto-3.jpeg?resize=600%2C345&amp;ssl=1 600w, https:\/\/i1.wp.com\/journo.com.tr\/wp-content\/uploads\/2020\/07\/foto-3.jpeg?resize=990%2C569&amp;ssl=1 990w\" alt=\"\" width=\"1024\" height=\"589\" data-recalc-dims=\"1\" \/><\/p>\n<p>O\u011fuz\u2019a g\u00f6re g\u00fcn\u00fcm\u00fczde K\u00fcrt\u00e7e podcast i\u00e7in baz\u0131 denemeler olsa da, bunlar istenilen d\u00fczeyde de\u011fil. Podcast Kurd\u00ee\u2019ye \u00e7e\u015fitli bran\u015ftan nitelikli ve kaliteli i\u015fler \u00e7\u0131karmak i\u00e7in u\u011fra\u015ft\u0131klar\u0131n\u0131 ifade eden O\u011fuz s\u00f6zlerini \u015f\u00f6yle sonland\u0131r\u0131yor:<\/p>\n<p>\u201cTakip edebildi\u011fim kadar\u0131yla podcast i\u015fleri d\u00fcnyada belli bir seviyeyi yakalam\u0131\u015f durumda. T\u00fcrkiye i\u00e7in de ciddi mesafelerin al\u0131nd\u0131\u011f\u0131n\u0131 g\u00f6r\u00fcyorum, \u00e7e\u015fitli konular ve ba\u015fl\u0131klarda kanallar var ve aralar\u0131nda \u00e7ok iyi olanlar da var. Bunlar\u0131n yan\u0131 s\u0131ra k\u00f6t\u00fc kanallar da var. Bu kanallarda bo\u015f muhabbet de var, bilim de; k\u00fclt\u00fcr sanat da var, teknoloji ve yeni trendler de\u2026\u201d<\/p>\n<h4>K\u00fcrt\u00e7e podcastlerin say\u0131s\u0131 art\u0131yor<\/h4>\n<p>\u201cPodcast, K\u00fcrt\u00e7e i\u00e7inse yeni say\u0131labilecek bir medya alan\u0131. Deng\u00ea R\u00fbsya (Rusya\u2019n\u0131n Sesi), SBS Kurd\u00ee (Avustralya Radyosu) ve Zayele (\u0130sve\u00e7 Radyosu) gibi radyolar belli ba\u015fl\u0131 i\u00e7erikleri ses dosyas\u0131 -bir t\u00fcr podcast- olarak payla\u015fm\u0131\u015f olsalar da, sadece podcast \u00fcreten mecralar yok gibi. Yeni yeni a\u00e7\u0131lan birka\u00e7 kanal g\u00f6z\u00fcme \u00e7arpt\u0131 sadece: Gazeteciler Shaswar Mame ve Ferid Demirel ile <a href=\"https:\/\/www.nawext.com\/\" target=\"_blank\" rel=\"noopener noreferrer nofollow\">Nawext<\/a> (Zamans\u0131z), <a href=\"https:\/\/www.nawext.com\/post\/view\/interview-with-kamal-chomani-on-politics-in-iraq-a\" target=\"_blank\" rel=\"noopener noreferrer nofollow\">The Kurdish Edition<\/a> (K\u00fcrt\u00e7e N\u00fcsha), <a href=\"https:\/\/open.spotify.com\/show\/1qqw9XDj9fepi5Z69lkp39\" target=\"_blank\" rel=\"noopener noreferrer nofollow\">Li Ser P\u00eayan \u00c7end Kelam<\/a> (Y\u00fcr\u00fcrken Hasbihal) kanallar\u0131 ilk akl\u0131ma gelenler. Yine k\u0131sa s\u00fcre \u00f6nce T\u00fcrkiye\u2019de K\u00fcrt\u00e7e\u2019nin Kurmanc\u00ee leh\u00e7esinde yay\u0131mlanan tek haftal\u0131k gazete olan <a href=\"https:\/\/open.spotify.com\/show\/4dMQhp2zxvmWknVhwNOTEs\" target=\"_blank\" rel=\"noopener noreferrer nofollow\">Xweb\u00fbn<\/a>, K\u00fcrt\u00e7e podcast yay\u0131n\u0131na ba\u015flad\u0131. Umar\u0131m <a href=\"https:\/\/open.spotify.com\/playlist\/3gl4wL8DkfRagSA4TVfeWa\" target=\"_blank\" rel=\"noopener noreferrer nofollow\">Podcast Kurd\u00ee<\/a> ve ad\u0131n\u0131 zikretti\u011fim kanallar g\u00fczel i\u015fler \u00e7\u0131kar\u0131r. Son olarak \u015fununla bitireyim: Yeter ki dinleyicilerimiz bizi yaln\u0131z b\u0131rakmas\u0131n; dinlesin ve ele\u015ftirsin.\u201d<\/p>\n<p>&nbsp;<\/p>\n<div id=\"author\" class=\"herald-vertical-padding\">\n<div class=\"herald-mod-wrap\">\n<div class=\"herald-mod-head \">\n<div class=\"herald-mod-title\">\n<h4 class=\"h6 herald-mod-h herald-color\">Yazar hakk\u0131nda<\/h4>\n<\/div>\n<\/div>\n<\/div>\n<div class=\"herald-author row\">\n<div class=\"herald-author-data col-lg-2 col-md-2 col-sm-2 col-xs-2\"><img loading=\"lazy\" decoding=\"async\" class=\"avatar pp-user-avatar avatar-140 photo  alignleft\" src=\"https:\/\/i0.wp.com\/journo.com.tr\/wp-content\/uploads\/2017\/10\/maaz.png?fit=131%2C140&amp;ssl=1\" width=\"140\" height=\"140\" data-del=\"avatar\" \/><\/div>\n<div class=\"herald-data-content col-lg-10 col-md-10 col-sm-10 col-xs-10\">\n<h4 class=\"author-title\">Maaz \u0130brahimo\u011flu<\/h4>\n<p>Lisans e\u011fitimini Marmara \u00dcniversitesi&#8217;nde tamamlad\u0131. Taraf gazetesi, Milat gazetesi, Ger\u00e7ek Hayat dergisi, Nokta dergisi gibi bas\u0131n yay\u0131n organlar\u0131nda \u00e7al\u0131\u015ft\u0131. Radikal ba\u015fta olmak \u00fczere \u00e7e\u015fitli medya kurumlar\u0131nda \u00e7al\u0131\u015fmalar\u0131 yay\u0131mland\u0131.<\/p>\n<\/div>\n<\/div>\n<\/div>\n","protected":false},"excerpt":{"rendered":"<p>\u2018Guhdar\u00ean ez\u00eez, ev der Podcast Kurd\u00ee ye\u2019 D\u00fcnyada en h\u0131zl\u0131 b\u00fcy\u00fcyen dijital i\u00e7erik formatlar\u0131ndan biri podcast. T\u00fcrkiye\u2019de de bir podcast patlamas\u0131 ya\u015fan\u0131yor. Art\u0131k K\u00fcrt\u00e7e podcastler de var. Bunlar aras\u0131nda en geni\u015f ekibe sahip olanlardan birini mercek alt\u0131na ald\u0131k: Podcast Kurd\u00ee. 21 Mart\u2019ta \u201cGuhdar\u00ean ez\u00eez, ev der Podcast Kurd\u00ee ye!\u201d (De\u011ferli dinleyiciler, buras\u0131 Podcast Kurd\u00ee) slogan\u0131yla &hellip;<\/p>\n","protected":false},"author":2,"featured_media":0,"comment_status":"open","ping_status":"open","sticky":false,"template":"","format":"standard","meta":{"footnotes":""},"categories":[69],"tags":[],"class_list":["post-22153","post","type-post","status-publish","format-standard","","category-gisti"],"_links":{"self":[{"href":"https:\/\/candname.com\/tr\/index.php?rest_route=\/wp\/v2\/posts\/22153","targetHints":{"allow":["GET"]}}],"collection":[{"href":"https:\/\/candname.com\/tr\/index.php?rest_route=\/wp\/v2\/posts"}],"about":[{"href":"https:\/\/candname.com\/tr\/index.php?rest_route=\/wp\/v2\/types\/post"}],"author":[{"embeddable":true,"href":"https:\/\/candname.com\/tr\/index.php?rest_route=\/wp\/v2\/users\/2"}],"replies":[{"embeddable":true,"href":"https:\/\/candname.com\/tr\/index.php?rest_route=%2Fwp%2Fv2%2Fcomments&post=22153"}],"version-history":[{"count":0,"href":"https:\/\/candname.com\/tr\/index.php?rest_route=\/wp\/v2\/posts\/22153\/revisions"}],"wp:attachment":[{"href":"https:\/\/candname.com\/tr\/index.php?rest_route=%2Fwp%2Fv2%2Fmedia&parent=22153"}],"wp:term":[{"taxonomy":"category","embeddable":true,"href":"https:\/\/candname.com\/tr\/index.php?rest_route=%2Fwp%2Fv2%2Fcategories&post=22153"},{"taxonomy":"post_tag","embeddable":true,"href":"https:\/\/candname.com\/tr\/index.php?rest_route=%2Fwp%2Fv2%2Ftags&post=22153"}],"curies":[{"name":"wp","href":"https:\/\/api.w.org\/{rel}","templated":true}]}}