{"id":22133,"date":"2021-12-25T11:07:59","date_gmt":"2021-12-25T08:07:59","guid":{"rendered":"https:\/\/candname.com\/tr\/?p=22133"},"modified":"2021-12-25T11:07:59","modified_gmt":"2021-12-25T08:07:59","slug":"nubihar-derneginden-kis-donemi-kurtce-kursu","status":"publish","type":"post","link":"https:\/\/candname.com\/tr\/?p=22133","title":{"rendered":"N\u00fbbihar Derne\u011fi&#8217;nden\u00a0 K\u0131\u015f D\u00f6nemi K\u00fcrt\u00e7e Kursu"},"content":{"rendered":"<p>N\u00fbbihar Derne\u011fi&#8217;nden\u00a0 K\u0131\u015f D\u00f6nemi K\u00fcrt\u00e7e Kursu<\/p>\n<p>&nbsp;<\/p>\n<p>Merkezi Diyarbakir&#8217;de bulunan N\u00fbbihar E\u011fitim ve K\u00fclt\u00fcr Derne\u011fi Derne\u011fi Sonbahar D\u00f6nemi Kurslar\u0131 ard\u0131ndan y\u0131lba\u015f\u0131ndan sonra K\u0131\u015f D\u00f6nemi i\u00e7in yeniden Online K\u00fcrt\u00e7e Kursuna ba\u015fl\u0131yor.\u00a0 Derne\u011fin b\u00fcnyesindeki K\u00fcrt\u00e7e Dil At\u00f6lyesinde ; Kurmanci, Zazaca ve Sorani leh\u00e7elerinde yeti\u015fkinlere y\u00f6nelik kurslar verecek. Ayr\u0131ca \u00c7ocuklara y\u00f6nelik en az 4.s\u0131n\u0131f\u0131 okuyanlara \u00a0Kurmanci leh\u00e7esinde kurs verecek.<\/p>\n<p>&nbsp;<\/p>\n<p>Kurs d\u00f6nemi 1 Ocak ile 31 Mart\u00a0 2022 aras\u0131 olup, kurslar\u0131 ba\u015far\u0131 ile bitirenler Sertifika verilecektir.<\/p>\n<p>&nbsp;<\/p>\n<p>Kurs kay\u0131tlar\u0131 s\u00fcreci\u00a0 ay\u0131n 21&#8217;den 31 Aral\u0131ka kadar s\u00fcrecektir.<\/p>\n<p><img loading=\"lazy\" decoding=\"async\" class=\"alignnone size-medium wp-image-22134\" src=\"https:\/\/candname.com\/tr\/wp-content\/uploads\/2021\/12\/Kurtce-300x424.jpg\" alt=\"\" width=\"300\" height=\"424\" srcset=\"https:\/\/candname.com\/tr\/wp-content\/uploads\/2021\/12\/Kurtce-300x424.jpg 300w, https:\/\/candname.com\/tr\/wp-content\/uploads\/2021\/12\/Kurtce-1024x1449.jpg 1024w, https:\/\/candname.com\/tr\/wp-content\/uploads\/2021\/12\/Kurtce-150x212.jpg 150w, https:\/\/candname.com\/tr\/wp-content\/uploads\/2021\/12\/Kurtce-1086x1536.jpg 1086w, https:\/\/candname.com\/tr\/wp-content\/uploads\/2021\/12\/Kurtce-1448x2048.jpg 1448w, https:\/\/candname.com\/tr\/wp-content\/uploads\/2021\/12\/Kurtce.jpg 1587w\" sizes=\"auto, (max-width: 300px) 100vw, 300px\" \/><\/p>\n<p>Kay\u0131t i\u00e7in watsaap &amp; Tel. 05528467532<\/p>\n<p>Amed<\/p>\n<p><a href=\"http:\/\/www.komanibihar.org\">www.komanibihar.org<\/a><\/p>\n","protected":false},"excerpt":{"rendered":"<p>N\u00fbbihar Derne\u011fi&#8217;nden\u00a0 K\u0131\u015f D\u00f6nemi K\u00fcrt\u00e7e Kursu &nbsp; Merkezi Diyarbakir&#8217;de bulunan N\u00fbbihar E\u011fitim ve K\u00fclt\u00fcr Derne\u011fi Derne\u011fi Sonbahar D\u00f6nemi Kurslar\u0131 ard\u0131ndan y\u0131lba\u015f\u0131ndan sonra K\u0131\u015f D\u00f6nemi i\u00e7in yeniden Online K\u00fcrt\u00e7e Kursuna ba\u015fl\u0131yor.\u00a0 Derne\u011fin b\u00fcnyesindeki K\u00fcrt\u00e7e Dil At\u00f6lyesinde ; Kurmanci, Zazaca ve Sorani leh\u00e7elerinde yeti\u015fkinlere y\u00f6nelik kurslar verecek. Ayr\u0131ca \u00c7ocuklara y\u00f6nelik en az 4.s\u0131n\u0131f\u0131 okuyanlara \u00a0Kurmanci leh\u00e7esinde kurs &hellip;<\/p>\n","protected":false},"author":32,"featured_media":22135,"comment_status":"open","ping_status":"open","sticky":false,"template":"","format":"standard","meta":{"footnotes":""},"categories":[23],"tags":[5458,161,2731,5927,1616,847,559],"class_list":["post-22133","post","type-post","status-publish","format-standard","has-post-thumbnail","","category-egitim","tag-dil-atolyesi","tag-kurmanci","tag-kurs","tag-kurtce-turkce","tag-manset","tag-sorani","tag-zazaca"],"_links":{"self":[{"href":"https:\/\/candname.com\/tr\/index.php?rest_route=\/wp\/v2\/posts\/22133","targetHints":{"allow":["GET"]}}],"collection":[{"href":"https:\/\/candname.com\/tr\/index.php?rest_route=\/wp\/v2\/posts"}],"about":[{"href":"https:\/\/candname.com\/tr\/index.php?rest_route=\/wp\/v2\/types\/post"}],"author":[{"embeddable":true,"href":"https:\/\/candname.com\/tr\/index.php?rest_route=\/wp\/v2\/users\/32"}],"replies":[{"embeddable":true,"href":"https:\/\/candname.com\/tr\/index.php?rest_route=%2Fwp%2Fv2%2Fcomments&post=22133"}],"version-history":[{"count":0,"href":"https:\/\/candname.com\/tr\/index.php?rest_route=\/wp\/v2\/posts\/22133\/revisions"}],"wp:featuredmedia":[{"embeddable":true,"href":"https:\/\/candname.com\/tr\/index.php?rest_route=\/wp\/v2\/media\/22135"}],"wp:attachment":[{"href":"https:\/\/candname.com\/tr\/index.php?rest_route=%2Fwp%2Fv2%2Fmedia&parent=22133"}],"wp:term":[{"taxonomy":"category","embeddable":true,"href":"https:\/\/candname.com\/tr\/index.php?rest_route=%2Fwp%2Fv2%2Fcategories&post=22133"},{"taxonomy":"post_tag","embeddable":true,"href":"https:\/\/candname.com\/tr\/index.php?rest_route=%2Fwp%2Fv2%2Ftags&post=22133"}],"curies":[{"name":"wp","href":"https:\/\/api.w.org\/{rel}","templated":true}]}}