{"id":22107,"date":"2021-10-11T21:00:52","date_gmt":"2021-10-11T18:00:52","guid":{"rendered":"https:\/\/candname.com\/tr\/?p=22107"},"modified":"2021-10-11T21:09:46","modified_gmt":"2021-10-11T18:09:46","slug":"sehri-bilmeme-meraki","status":"publish","type":"post","link":"https:\/\/candname.com\/tr\/?p=22107","title":{"rendered":"\u015eEHR\u0130 B\u0130LMEME MERAKI !.."},"content":{"rendered":"<p><em>\u015eehir- \u0130nsan Yaz\u0131lar\u0131<\/em><\/p>\n<p>Bir \u015feyi bilmeme ay\u0131p de\u011fildi, \u00f6nceleri. \u0130nsan, sorup soru\u015fturur, \u00f6\u011frenir, bu eksikli\u011fini giderir, bilmeme eksikli\u011fi tamamlan\u0131nca, ay\u0131p g\u00f6r\u00fclen na- tamam hali ortadan kalkard\u0131.<\/p>\n<p>Gelene\u011fe ve \u00f6rfe ba\u011fl\u0131l\u0131k, tarihi bilme, mimar\u00eeden uzak kalmama, musikiden anlama, d\u00fcnle bu g\u00fcn aras\u0131nda ba\u011f kurma ak\u00eel insan\u0131n i\u015fiydi, \u00f6nce.<\/p>\n<p>**<\/p>\n<p>Her mahallede ya da k\u00f6yde veya il\u00e7ede bilen birisine mesele anlat\u0131l\u0131r, \u00e7\u00f6z\u00fcm yolu istenirdi.<\/p>\n<p>\u0130ster siz buna &#8220;aksakall\u0131&#8221; deyin, ister &#8221; R\u00fbspi&#8221; ad\u0131n\u0131 verin ister &#8221; \u00e2lim&#8221; deyin, &#8220;P\u00eer&#8221; veya &#8220;\u015eeyh&#8221; ya da &#8221; K\u00e2l&#8221; deyin. sonu\u00e7 fark etmez.<\/p>\n<p>Dede Korkut, dan\u0131\u015f\u0131lan b\u00f6ylesi bir P\u00eer idi, \u00f6z\u00fc itibar\u0131yla &#8220;Aksakall\u0131&#8221; ifadesinden anlamayan \u00e7\u0131\u0137abilir.<\/p>\n<p>**<\/p>\n<p>\u015eehri, kitaplardan oldu\u011fu kadar ya\u015fam\u0131\u015f eskilerden bilmenin tad \u00fb lezzeti ba\u015fkad\u0131r.<\/p>\n<p>Her \u015fehrin zaman i\u00e7inde g\u00fcng\u00f6rm\u00fcsleri gittik\u00e7e azalmaktad\u0131r.<\/p>\n<p>\u015eehri bilmek i\u00e7in, sadece kitaplara ba\u015f vurmak biraz acem\u00eecedir.<\/p>\n<p>**<\/p>\n<p>Adam\u0131n yapt\u0131\u011f\u0131 evin hakk\u0131nda sayfalarca yaz\u0131 yazan, g\u00fcnlerce minar\u00eesini inceleyen, mimar\u00ee \u00fcsl\u00fbbu gelenekten de\u011fil y\u00fczlerce senelik mimar\u00ee ba\u011flant\u0131s\u0131 ile a\u00e7\u0131klamaya \u00e7al\u0131\u015fana ne buyrulur?<\/p>\n<p>**<\/p>\n<p>Ortaya konan yeme\u011fin yapan\u0131 varken, kalk\u0131p yemek kitaplar\u0131ndaki tariflerden yola \u00e7\u0131karak, akademisyenlik cakas\u0131 satman\u0131n, fiyatlar\u0131yla \u00e7al\u0131m atman\u0131n ne manas\u0131 var?<\/p>\n<p>**<br \/>\nYap\u0131n\u0131n yapan\u0131 varken ve yap\u0131 sahibi doksan ya\u015f\u0131nda iken<br \/>\nsormayacaks\u0131n\u0131z, 1950&#8217;li y\u0131llarda yap\u0131lan yap\u0131ya y\u00fcz elli- iki y\u00fcz y\u0131ll\u0131k \u00f6m\u00fcr bi\u00e7eceksiniz.<\/p>\n<p>**<\/p>\n<p>Gazete yaz\u0131lar\u0131m\u0131z\u0131 yak\u0131ndan takip eden okurlar\u0131m\u0131z, bir yarim asr\u0131 geride b\u0131rakan CENTO Pakt\u0131yla ilgili s\u00f6yle\u015fiyi okumu\u015ftur, 11 Ekim 2021 Tarihinde.<\/p>\n<p>Siz, bir \u015fehirde kalacaks\u0131n\u0131z ve her g\u00fcn gelip ge\u00e7ti\u011finiz caddenin ismini nereden ald\u0131\u011f\u0131n\u0131 bilmeyeceksiniz.<\/p>\n<p>Bir \u00e7ok siyas\u00ee parti, belediyeyi kazan\u0131r, kimseler bu caddenin ad\u0131n\u0131 bilmez, merak edip soru\u015fturmaz bile.<\/p>\n<p>**<\/p>\n<p>Bilirsiniz Ulu Beden ve yan\u0131ba\u015f\u0131nda ikinci kat\u0131nda yer alan savunma ama\u00e7l\u0131, ayn\u0131 \u00f6l\u00e7\u00fclere sahip g\u00f6r\u00fcnen yedi odas\u0131ndan ad\u0131n\u0131 alan Yedi Karde\u015f Burcu i\u00e7in &#8221; Benusen&#8221; denilmi\u015f.<\/p>\n<p>Bu, Kalfa ve Usta ad\u0131nda bir efsaneye de konu olmu\u015f. &#8221; Efsane&#8221; derken, do\u011frudan &#8220;yalan &#8221; olarak bilin.<\/p>\n<p>Kalk\u0131p \u00e7irkin olan ifade &#8221; Ke\u00e7\u0131k\u00e2 ber- beden\u00ea&#8221; ile &#8221; Evli Beden&#8221; meselesine girmeyelim.<\/p>\n<p>Bir ara ele ald\u0131\u011f\u0131m\u0131z &#8221; Evli Beden Ku\u015f Pini\/ Oldum k\u0131zlar d\u00fc\u015fk\u00fcn\u00fc&#8221; ile ba\u015flayan, ad\u0131na &#8220;T\u00fcrk\u00fc&#8221; denilen, TRT Repertuar\u0131na da girmi\u015f par\u00e7adan bahsetmeyelim.<\/p>\n<p>Biz, zaman\u0131 geldi\u011finde bu par\u00e7an\u0131n da TRT Repertuar\u0131ndan \u0107\u0131kar\u0131lmas\u0131n\u0131 da teklif edecek olan olursa bilgi veririz.<\/p>\n<p>**<\/p>\n<p>Iki burcu yapan mimar belli, d\u00f6nemin sultan\u0131 belli. Hem tersimi yani \u00e7izimi yapan da d\u00f6nemin sultan\u0131d\u0131r.<\/p>\n<p>Kalk\u0131p bunu garip hale getiren anl\u0131 ve \u015fanl\u0131 yazarlar, Yedi Karde\u015f Burcu&#8217;nun dinamitle havaya u\u00e7uruldu\u011funu bile yazar. Kitaplara bak\u0131labilir, \u00f6zetle.<\/p>\n<p>Bu burcun hakk\u0131nda uyduran uydurana hik\u00e2yeler anlat\u0131l\u0131r. Hatta yedi karde\u015fin ad\u0131n\u0131 tarihteki kahramanlardan se\u00e7enler var. \u0130simleri, bir karga\u015fa \u00e7\u0131kmamas\u0131 i\u00e7in vermeye gerek yok, bu y\u00fczden.<\/p>\n<p>**<\/p>\n<p>Amac\u0131m\u0131z, CENTO&#8217;nun caddeden silinmesi.<\/p>\n<p>Bu cadde, CENTO ad\u0131ndan kurtulursa vatanda\u015f, bir m\u00fcddet daha &#8220;Sento&#8221; der.<\/p>\n<p>Bir akl- \u0131 evvel \u00e7\u0131kar da Ben\u00fbsen a\u00e7\u0131l\u0131m\u0131n\u0131 Ingilizce&#8217;ye uyarlarsa &#8220;Sen&#8221; ve &#8220;To&#8221; diyerek bulu\u015f da yapabilir&#8230;<\/p>\n<p>B\u00f6ylelikle Sento, bildi\u011fimiz CENTO olmaktan \u00e7\u0131kar da bir \u00e2\u015fk hik\u00e2yesi daha kazan\u0131r, \u015fehir!&#8230;<\/p>\n<p>\u015eehri bilmeme, bu t\u00fcr gaflara zemin haz\u0131rlar, bir y\u00f6n\u00fcyle.<\/p>\n<p>\u015eehri bilmeme merak\u0131, okumamakla e\u015ftir.<\/p>\n<p>Sanal ortamdaki kirli bilgilerle k\u00fclt\u00fcrl\u00fc olma hali, y\u00fcr\u00fcd\u00fc\u011f\u00fcn, arabanla ge\u00e7ti\u011fin caddenin ad\u0131n\u0131 sana \u00f6\u011fretmez, hi\u00e7 bir zaman.<\/p>\n<p>Bu cadde ad\u0131 de\u011fi\u015fti\u011finde \u015fehri ara\u015ft\u0131rmam\u0131z\u0131n bir meyvesini daha alm\u0131\u015f, oluruz.<\/p>\n<p>&#8220;\u015eehir&#8221; ve &#8221; Hizmet&#8221; denince bizim de somut bir eserimiz olsun.<\/p>\n<p>O ki kitap yazars\u0131n\u0131z, okunmaz.<\/p>\n<p>Y\u00fczlerce makale kaleme al\u0131rs\u0131n\u0131z, umurunda de\u011fil &#8220;\u015eehir&#8221; diye say\u0131klayan \u00e7o\u011funlu\u011fun.<\/p>\n<p>Bari bu caddeden ge\u00e7erken bir \u015feyler yapt\u0131\u011f\u0131m\u0131z\u0131 hissederiz, i\u00e7imizden.<\/p>\n<p>Hangi isim verilmeli?<\/p>\n<p>Bu bizim k\u00e2r\u0131m\u0131z de\u011fil.<\/p>\n<p>\u015eehre yak\u0131\u015f\u0131r bir isim olmal\u0131, bu cadde ad\u0131.<\/p>\n<p>**<\/p>\n<p>Gelecek yaz\u0131da bu teklifimizin \u015fehirdeki yank\u0131s\u0131n\u0131 ele alaca\u011f\u0131z, olumlu geli\u015fmeler olaca\u011f\u0131n\u0131 umarak.<\/p>\n<p><strong>M. Ali ABAKAY<\/strong><\/p>\n","protected":false},"excerpt":{"rendered":"<p>\u015eehir- \u0130nsan Yaz\u0131lar\u0131 Bir \u015feyi bilmeme ay\u0131p de\u011fildi, \u00f6nceleri. \u0130nsan, sorup soru\u015fturur, \u00f6\u011frenir, bu eksikli\u011fini giderir, bilmeme eksikli\u011fi tamamlan\u0131nca, ay\u0131p g\u00f6r\u00fclen na- tamam hali ortadan kalkard\u0131. Gelene\u011fe ve \u00f6rfe ba\u011fl\u0131l\u0131k, tarihi bilme, mimar\u00eeden uzak kalmama, musikiden anlama, d\u00fcnle bu g\u00fcn aras\u0131nda ba\u011f kurma ak\u00eel insan\u0131n i\u015fiydi, \u00f6nce. ** Her mahallede ya da k\u00f6yde veya il\u00e7ede &hellip;<\/p>\n","protected":false},"author":32,"featured_media":22108,"comment_status":"open","ping_status":"open","sticky":false,"template":"","format":"standard","meta":{"footnotes":""},"categories":[65],"tags":[5918,5919,3939,5916,1616,5917],"class_list":["post-22107","post","type-post","status-publish","format-standard","has-post-thumbnail","","category-forum","tag-cento","tag-cento-pakti","tag-diyarbekir","tag-diyare-bekir","tag-manset","tag-sento-caddesi"],"_links":{"self":[{"href":"https:\/\/candname.com\/tr\/index.php?rest_route=\/wp\/v2\/posts\/22107","targetHints":{"allow":["GET"]}}],"collection":[{"href":"https:\/\/candname.com\/tr\/index.php?rest_route=\/wp\/v2\/posts"}],"about":[{"href":"https:\/\/candname.com\/tr\/index.php?rest_route=\/wp\/v2\/types\/post"}],"author":[{"embeddable":true,"href":"https:\/\/candname.com\/tr\/index.php?rest_route=\/wp\/v2\/users\/32"}],"replies":[{"embeddable":true,"href":"https:\/\/candname.com\/tr\/index.php?rest_route=%2Fwp%2Fv2%2Fcomments&post=22107"}],"version-history":[{"count":0,"href":"https:\/\/candname.com\/tr\/index.php?rest_route=\/wp\/v2\/posts\/22107\/revisions"}],"wp:featuredmedia":[{"embeddable":true,"href":"https:\/\/candname.com\/tr\/index.php?rest_route=\/wp\/v2\/media\/22108"}],"wp:attachment":[{"href":"https:\/\/candname.com\/tr\/index.php?rest_route=%2Fwp%2Fv2%2Fmedia&parent=22107"}],"wp:term":[{"taxonomy":"category","embeddable":true,"href":"https:\/\/candname.com\/tr\/index.php?rest_route=%2Fwp%2Fv2%2Fcategories&post=22107"},{"taxonomy":"post_tag","embeddable":true,"href":"https:\/\/candname.com\/tr\/index.php?rest_route=%2Fwp%2Fv2%2Ftags&post=22107"}],"curies":[{"name":"wp","href":"https:\/\/api.w.org\/{rel}","templated":true}]}}