{"id":22104,"date":"2021-10-10T17:30:05","date_gmt":"2021-10-10T14:30:05","guid":{"rendered":"https:\/\/candname.com\/tr\/?p=22104"},"modified":"2021-10-10T17:31:23","modified_gmt":"2021-10-10T14:31:23","slug":"genetik-bir-arastirma-ile-yinelenen-bir-gercek","status":"publish","type":"post","link":"https:\/\/candname.com\/tr\/?p=22104","title":{"rendered":"Genetik Bir Ara\u015ft\u0131rma \u0130le Yinelenen Bir Ger\u00e7ek*"},"content":{"rendered":"<div class=\"o9v6fnle cxmmr5t8 oygrvhab hcukyx3x c1et5uql ii04i59q\">\n<div dir=\"auto\">Almanya&#8217;da kendi dal\u0131nda ciddi bir otorite olan Leipzig Max-Blanc Enstit\u00fcs\u00fc, Norve\u00e7 Bilim ve Teknoloji \u00dcniversitesi ile Londra HGI DNA Refernece Laboratory, National Blood Service (HGI DNA Ara\u015ft\u0131rma Laboratuvar\u0131, Ulusal Kan Merkezi) taraf\u0131ndan, farkl\u0131 K\u00fcrt gruplar\u0131n\u0131n genetik a\u00e7\u0131dan durumlar\u0131n\u0131 saptamak \u00fczere ortakla\u015fa yap\u0131lan bir ara\u015ft\u0131rman\u0131n sonu\u00e7lar\u0131, K\u0131rman\u00e7a (Zazaca) konu\u015fan K\u00fcrtlerin etnik k\u00f6keni ile ilgili bilimsel veriler ortaya koyuyor.<\/div>\n<\/div>\n<div class=\"o9v6fnle cxmmr5t8 oygrvhab hcukyx3x c1et5uql ii04i59q\">\n<div dir=\"auto\">Genetik alanda Uluslararas\u0131 \u00fcne sahip bilimsel bir yay\u0131n organ\u0131 olan &#8220;Annals of Human Genetics&#8221; dergsinde yay\u0131nlanan ara\u015ft\u0131rma sonu\u00e7lar\u0131, K\u0131rmanc (Zaza) K\u00fcrtleri ile \u00f6teki K\u00fcrt gruplar\u0131n\u0131n bu a\u00e7\u0131dan farkl\u0131 olmad\u0131klar\u0131n\u0131 a\u00e7\u0131\u011fa \u00e7\u0131kar\u0131yor.<\/div>\n<\/div>\n<div class=\"o9v6fnle cxmmr5t8 oygrvhab hcukyx3x c1et5uql ii04i59q\">\n<div dir=\"auto\">Ivan Nasidze, Dominique Quinque, Murat \u00d6zt\u00fcrk, Nina Bendukidze ve Mark Stoneking taraf\u0131ndan haz\u0131lanan \u201cmtDNA and Y-chromosome Variation in Kurdish Groups\u201d (K\u00fcrt Gruplar\u0131nda MtDNA Kromosomu De\u011fi\u015fikli\u011fi) ba\u015fl\u0131kl\u0131 makalenin giri\u015finde belirtildi\u011fine g\u00f6re, ara\u015ft\u0131rma, T\u00fcrkiye`de ya\u015fayan Kurman\u00e7a ve Zazaca konu\u015fan K\u00fcrtlerle, G\u00fcrcistan`da ya\u015famakta olan Kurmanca konu\u015fanlar\u0131 kaps\u0131yor. Raporun gir\u015findeki \u00f6zet b\u00f6l\u00fcm\u00fcnde \u015f\u00f6yle deniliyor:<\/div>\n<\/div>\n<div class=\"o9v6fnle cxmmr5t8 oygrvhab hcukyx3x c1et5uql ii04i59q\">\n<div dir=\"auto\">\u201c&#8230;Mevcut veriler, \u00f6teki K\u00fcrt gruplar\u0131, Avrupal\u0131lar, Kafkasya, Bat\u0131 ve Orta Asya gruplar\u0131na ait verilerle kar\u015f\u0131la\u015ft\u0131r\u0131ld\u0131\u011f\u0131nda, hem mtDNA hem de Y-cromosomu bak\u0131m\u0131ndan, K\u00fcrt Gruplar\u0131n\u0131n etnik olarak en yak\u0131n olduklar\u0131 Gruplar Bat\u0131 Asyal\u0131lar, en uzak olduklar\u0131 Gruplar ise Ortasyal\u0131lard\u0131r&#8230; Yine elde etti\u011fimiz sonu\u00e7lar, Zazaca konu\u015fan Grubu k\u00f6ken olarak Kuzey \u0130ranl\u0131 g\u00f6steren g\u00f6r\u00fc\u015flere de hakl\u0131l\u0131k kazand\u0131rm\u0131yor. Bunlar (Zazaca konu\u015fanlar) b\u00fcy\u00fck oranda genetik olarak \u00f6teki K\u00fcrt Gruplar\u0131yla benze\u015ftirler&#8230;\u201d<\/div>\n<\/div>\n<div class=\"o9v6fnle cxmmr5t8 oygrvhab hcukyx3x c1et5uql ii04i59q\">\n<div dir=\"auto\">Sosyoloji ve tarihten sonra t\u0131p biliminin de vard\u0131\u011f\u0131 bu sonu\u00e7, K\u00fcrtlerin etnik k\u00f6keni ile ilgili iki tezi birden, bir daha bellerini do\u011frultmayacaklar\u0131 \u015fekilde \u00e7\u00fcr\u00fctm\u00fc\u015f oluyor. Bunlardan biri, 1923`lerden beri T\u00fcrk milliyet\u00e7ileri taraf\u0131ndan \u00f6ne s\u00fcr\u00fclen \u201eK\u00fcrtler aslen T\u00fcrkt\u00fcr\u201c tezidir. Ger\u00e7i T\u00fcrk devletini kuran \u0131rk\u00e7\u0131-\u015f\u00f6venler bilerek b\u00f6yle bir yalana sar\u0131ld\u0131lar ve s\u00f6yledikleri hi\u00e7 bir zaman inand\u0131r\u0131c\u0131 olamad\u0131 ama yine de yukar\u0131da de\u011finilen ara\u015ft\u0131rma sonu\u00e7lar\u0131n\u0131n bu tezi bir kez daha yerle bir etmesi olumludur. \u00dcstelik s\u00f6z konusu bilimsel ara\u015ft\u0131rma sadece K\u00fcrtlerin T\u00fcrklerle ayn\u0131 soydan gelmediklerini ortaya koymakla kalm\u0131yor, K\u00fcrtlerin, ara\u015ft\u0131rma kapsam\u0131na giren gruplar i\u00e7erisinde en uzak olduklar\u0131 grubun Ortaasyal\u0131lar, yani T\u00fcrklerin de aralar\u0131nda bulunduklar\u0131 grup oldu\u011funu g\u00f6steriyor.<\/div>\n<\/div>\n<div class=\"o9v6fnle cxmmr5t8 oygrvhab hcukyx3x c1et5uql ii04i59q\">\n<div dir=\"auto\">\u0130flas eden ikinci tez ise hi\u00e7 bir ciddi bilgi ve belgeye dayanmaks\u0131z\u0131n ortaya at\u0131lan zorlama &#8220;Zazalar K\u00fcrt de\u011filler&#8221; tezidir.<\/div>\n<\/div>\n<div dir=\"auto\"><img decoding=\"async\" src=\"https:\/\/scontent.fdiy1-2.fna.fbcdn.net\/v\/t1.6435-9\/244374562_6257557174285402_4173499202066711288_n.jpg?_nc_cat=108&amp;ccb=1-5&amp;_nc_sid=730e14&amp;_nc_ohc=azyd4UzRfTUAX-FlI1t&amp;_nc_ht=scontent.fdiy1-2.fna&amp;oh=5330b8c16e0bcff695aa74018fe33800&amp;oe=61877118\" alt=\"Bir yaz\u0131 g\u00f6rseli olabilir\" \/><\/div>\n<div class=\"o9v6fnle cxmmr5t8 oygrvhab hcukyx3x c1et5uql ii04i59q\">\n<div dir=\"auto\">&#8230;.<\/div>\n<div dir=\"auto\">* Munzur \u00c7em&#8217;in &#8220;K\u0131rmancca ( Zazaca) Konu\u015fan K\u00fcrtler Ve 20. Y\u00fczy\u0131l K\u00fcrt Direni\u015flerinde Rolleri&#8221; isimli makalesinden (2007) al\u0131nm\u0131\u015ft\u0131r.<\/div>\n<\/div>\n<div class=\"o9v6fnle cxmmr5t8 oygrvhab hcukyx3x c1et5uql ii04i59q\">\n<div dir=\"auto\">Genetik ara\u015ft\u0131rmas\u0131n\u0131n orijinalini okumak i\u00e7in, a\u015fa\u011f\u0131daki ba\u011flant\u0131lar\u0131 t\u0131klay\u0131n\u0131z:<\/div>\n<\/div>\n<div class=\"o9v6fnle cxmmr5t8 oygrvhab hcukyx3x c1et5uql ii04i59q\">\n<div dir=\"auto\">MtDNA and Y-chromosome variation in Kurdish groups<\/div>\n<div dir=\"auto\">&#8211; Ivan Nasidze, Dominique Quinque and others<\/div>\n<div dir=\"auto\">Annals of Human Genetics, 2005 Jul, Volume 69, Issue 4, pp.401-412<\/div>\n<div dir=\"auto\">https:\/\/onlinelibrary.wiley.com\/&#8230;\/j.1529-8817.2005.00174.x<\/div>\n<\/div>\n<div class=\"o9v6fnle cxmmr5t8 oygrvhab hcukyx3x c1et5uql ii04i59q\">\n<div dir=\"auto\"><span class=\"pq6dq46d tbxw36s4 knj5qynh kvgmc6g5 ditlmg2l oygrvhab nvdbi5me sf5mxxl7 gl3lb2sf hhz5lgdu\"><img loading=\"lazy\" decoding=\"async\" src=\"https:\/\/static.xx.fbcdn.net\/images\/emoji.php\/v9\/t1f\/1\/16\/1f4d7.png\" alt=\"&#x1f4d7;\" width=\"16\" height=\"16\" \/><\/span> http:\/\/www.zazaki.net\/&#8230;\/mtdna-and-y-chromosome&#8230;<\/div>\n<div dir=\"auto\"><\/div>\n<\/div>\n","protected":false},"excerpt":{"rendered":"<p>Almanya&#8217;da kendi dal\u0131nda ciddi bir otorite olan Leipzig Max-Blanc Enstit\u00fcs\u00fc, Norve\u00e7 Bilim ve Teknoloji \u00dcniversitesi ile Londra HGI DNA Refernece Laboratory, National Blood Service (HGI DNA Ara\u015ft\u0131rma Laboratuvar\u0131, Ulusal Kan Merkezi) taraf\u0131ndan, farkl\u0131 K\u00fcrt gruplar\u0131n\u0131n genetik a\u00e7\u0131dan durumlar\u0131n\u0131 saptamak \u00fczere ortakla\u015fa yap\u0131lan bir ara\u015ft\u0131rman\u0131n sonu\u00e7lar\u0131, K\u0131rman\u00e7a (Zazaca) konu\u015fan K\u00fcrtlerin etnik k\u00f6keni ile ilgili bilimsel veriler &hellip;<\/p>\n","protected":false},"author":32,"featured_media":22105,"comment_status":"open","ping_status":"open","sticky":false,"template":"","format":"standard","meta":{"footnotes":""},"categories":[5371],"tags":[4056,5599,5915,101,5564,849,245,5722,5885,5880,5910,5911,4369,1117,848,5909,137,5914,5878,1616,1128,5912,2472,140,5913,559,244,2488],"class_list":["post-22104","post","type-post","status-publish","format-standard","has-post-thumbnail","","category-alinti-yazilar","tag-adiyaman","tag-alevi","tag-baykan","tag-bingol","tag-cermik","tag-dimili","tag-dimilki","tag-elazig","tag-erzincan","tag-erzurum","tag-genetik","tag-irk","tag-kirdasi","tag-kirdki","tag-kirmancki","tag-kurdish","tag-kurt","tag-maden","tag-malatya","tag-manset","tag-mus","tag-soy","tag-turk","tag-zaza","tag-zaza-kim","tag-zazaca","tag-zazaki","tag-zazalar"],"_links":{"self":[{"href":"https:\/\/candname.com\/tr\/index.php?rest_route=\/wp\/v2\/posts\/22104","targetHints":{"allow":["GET"]}}],"collection":[{"href":"https:\/\/candname.com\/tr\/index.php?rest_route=\/wp\/v2\/posts"}],"about":[{"href":"https:\/\/candname.com\/tr\/index.php?rest_route=\/wp\/v2\/types\/post"}],"author":[{"embeddable":true,"href":"https:\/\/candname.com\/tr\/index.php?rest_route=\/wp\/v2\/users\/32"}],"replies":[{"embeddable":true,"href":"https:\/\/candname.com\/tr\/index.php?rest_route=%2Fwp%2Fv2%2Fcomments&post=22104"}],"version-history":[{"count":0,"href":"https:\/\/candname.com\/tr\/index.php?rest_route=\/wp\/v2\/posts\/22104\/revisions"}],"wp:featuredmedia":[{"embeddable":true,"href":"https:\/\/candname.com\/tr\/index.php?rest_route=\/wp\/v2\/media\/22105"}],"wp:attachment":[{"href":"https:\/\/candname.com\/tr\/index.php?rest_route=%2Fwp%2Fv2%2Fmedia&parent=22104"}],"wp:term":[{"taxonomy":"category","embeddable":true,"href":"https:\/\/candname.com\/tr\/index.php?rest_route=%2Fwp%2Fv2%2Fcategories&post=22104"},{"taxonomy":"post_tag","embeddable":true,"href":"https:\/\/candname.com\/tr\/index.php?rest_route=%2Fwp%2Fv2%2Ftags&post=22104"}],"curies":[{"name":"wp","href":"https:\/\/api.w.org\/{rel}","templated":true}]}}