{"id":22100,"date":"2021-10-07T13:02:46","date_gmt":"2021-10-07T10:02:46","guid":{"rendered":"https:\/\/candname.com\/tr\/?p=22100"},"modified":"2021-10-07T22:07:20","modified_gmt":"2021-10-07T19:07:20","slug":"itlisin-onunde-baglar-turkusu-ve-bitlisin-asimilasyonu","status":"publish","type":"post","link":"https:\/\/candname.com\/tr\/?p=22100","title":{"rendered":"Bitlis\u2019in \u00f6n\u00fcnde ba\u011flar t\u00fcrk\u00fcs\u00fc ve Bitlis\u2019in asimilasyonu"},"content":{"rendered":"<p>Yirminci y\u00fczy\u0131l\u0131n ba\u015flar\u0131na kadar vilayet s\u0131n\u0131rlar\u0131 i\u00e7erisinde bir\u00e7ok de\u011fi\u015fik dilin* konu\u015fuldu\u011fu kadim Bitlis\u2019e ait \u015fark\u0131, t\u00fcrk\u00fc, kilam, sitran, bar, horovel, grung, rebetiko veyahut \u015famumarlar\u0131n bir arada oldu\u011fu bir m\u00fczik derlemesi\/\u00e7al\u0131\u015fmas\u0131 g\u00fcn\u00fcm\u00fczde var m\u0131d\u0131r bilemiyorum. Ancak ge\u00e7enlerde sosyal medyada, aralar\u0131nda hepimizin a\u015fina oldu\u011fu par\u00e7alar olan \u2018Bitlis\u2019te Be\u015f Minare, Dideban \u00dcst\u00fcndeyim ve Bitlis\u2019in \u00d6n\u00fcnde Ba\u011flar adl\u0131 eserlerin de bulundu\u011fu \u2018T\u00fcrk\u00fc Pop Caz Bitlis\u2019 ismine sahip bir alb\u00fcmle kar\u015f\u0131la\u015ft\u0131m. Tamam\u0131n\u0131n T\u00fcrk\u00e7e s\u00f6zlerden olu\u015ftu\u011fu bu alb\u00fcmdeki birka\u00e7 eserin orijinallerinin K\u00fcrd\u00e7e oldu\u011funu bilmekle beraber, yak\u0131n tarihte tatbik edilmi\u015f 1925 tarihli \u015eark Islahat Plan\u0131 ve Asimilasyon Kararlar\u0131n\u0131n Bitlis\u2019te ne kadar ba\u015far\u0131l\u0131 oldu\u011funu ve hedefine de ula\u015ft\u0131\u011f\u0131n\u0131 bir kez daha an\u0131msad\u0131m.<\/p>\n<p>&nbsp;<\/p>\n<p>\u2018T\u00fcrk\u00fc Pop Caz Bitlis\u2019 adl\u0131 alb\u00fcmdeki ilk t\u00fcrk\u00fc olan ve herkes\u00e7e son 50 senedir Bitlis \u015fehri ile \u00f6zde\u015fle\u015ftirilen \u2018Bitlis\u2019te Be\u015f Minare\u2019 adl\u0131 eserin, asl\u0131nda \u00e7ok eski K\u00fcrd\u00e7e bir kilama 1970\u2019li y\u0131llarda TRT\u2019de \u00e7al\u0131\u015fan Bitlisli bir sanat\u00e7\u0131 taraf\u0131ndan T\u00fcrk\u00e7e s\u00f6zler yaz\u0131larak lanse edildi\u011fini ve \u015fehir merkezinde be\u015f adet tarihi minarenin de hi\u00e7bir zaman bulunmad\u0131\u011f\u0131n\u0131 daha \u00f6nceki yaz\u0131lar\u0131mda belirtmi\u015ftim. Hatta bu be\u015f minare t\u00fcrk\u00fcs\u00fcn\u00fcn ortaya \u00e7\u0131kmas\u0131na neden oldu\u011fu ileri s\u00fcr\u00fclen \u20181916 Rus i\u015fgali ve sava\u015f sonras\u0131 ayr\u0131 d\u00fc\u015fen baba o\u011ful hikayesi\u2019nin de ger\u00e7ek olmad\u0131\u011f\u0131n\u0131 ve uydurma bir efsane oldu\u011funu da aktarm\u0131\u015ft\u0131m.<\/p>\n<p><strong>Baran Zeydanl\u0131o\u011flu-Bitlisname<\/strong><\/p>\n","protected":false},"excerpt":{"rendered":"<p>Yirminci y\u00fczy\u0131l\u0131n ba\u015flar\u0131na kadar vilayet s\u0131n\u0131rlar\u0131 i\u00e7erisinde bir\u00e7ok de\u011fi\u015fik dilin* konu\u015fuldu\u011fu kadim Bitlis\u2019e ait \u015fark\u0131, t\u00fcrk\u00fc, kilam, sitran, bar, horovel, grung, rebetiko veyahut \u015famumarlar\u0131n bir arada oldu\u011fu bir m\u00fczik derlemesi\/\u00e7al\u0131\u015fmas\u0131 g\u00fcn\u00fcm\u00fczde var m\u0131d\u0131r bilemiyorum. Ancak ge\u00e7enlerde sosyal medyada, aralar\u0131nda hepimizin a\u015fina oldu\u011fu par\u00e7alar olan \u2018Bitlis\u2019te Be\u015f Minare, Dideban \u00dcst\u00fcndeyim ve Bitlis\u2019in \u00d6n\u00fcnde Ba\u011flar adl\u0131 eserlerin &hellip;<\/p>\n","protected":false},"author":32,"featured_media":22101,"comment_status":"open","ping_status":"open","sticky":false,"template":"","format":"standard","meta":{"footnotes":""},"categories":[1084],"tags":[1616],"class_list":["post-22100","post","type-post","status-publish","format-standard","has-post-thumbnail","","category-arastirma","tag-manset"],"_links":{"self":[{"href":"https:\/\/candname.com\/tr\/index.php?rest_route=\/wp\/v2\/posts\/22100","targetHints":{"allow":["GET"]}}],"collection":[{"href":"https:\/\/candname.com\/tr\/index.php?rest_route=\/wp\/v2\/posts"}],"about":[{"href":"https:\/\/candname.com\/tr\/index.php?rest_route=\/wp\/v2\/types\/post"}],"author":[{"embeddable":true,"href":"https:\/\/candname.com\/tr\/index.php?rest_route=\/wp\/v2\/users\/32"}],"replies":[{"embeddable":true,"href":"https:\/\/candname.com\/tr\/index.php?rest_route=%2Fwp%2Fv2%2Fcomments&post=22100"}],"version-history":[{"count":0,"href":"https:\/\/candname.com\/tr\/index.php?rest_route=\/wp\/v2\/posts\/22100\/revisions"}],"wp:featuredmedia":[{"embeddable":true,"href":"https:\/\/candname.com\/tr\/index.php?rest_route=\/wp\/v2\/media\/22101"}],"wp:attachment":[{"href":"https:\/\/candname.com\/tr\/index.php?rest_route=%2Fwp%2Fv2%2Fmedia&parent=22100"}],"wp:term":[{"taxonomy":"category","embeddable":true,"href":"https:\/\/candname.com\/tr\/index.php?rest_route=%2Fwp%2Fv2%2Fcategories&post=22100"},{"taxonomy":"post_tag","embeddable":true,"href":"https:\/\/candname.com\/tr\/index.php?rest_route=%2Fwp%2Fv2%2Ftags&post=22100"}],"curies":[{"name":"wp","href":"https:\/\/api.w.org\/{rel}","templated":true}]}}