{"id":22094,"date":"2021-10-06T12:20:17","date_gmt":"2021-10-06T09:20:17","guid":{"rendered":"https:\/\/candname.com\/tr\/?p=22094"},"modified":"2021-10-06T12:20:17","modified_gmt":"2021-10-06T09:20:17","slug":"kurtce-felsefe-sozlugu-yayimlandi","status":"publish","type":"post","link":"https:\/\/candname.com\/tr\/?p=22094","title":{"rendered":"K\u00dcRT\u00c7E FELSEFE S\u00d6ZL\u00dc\u011e\u00dc YAYIMLANDI!"},"content":{"rendered":"<p>Yay\u0131nevimiz, sosyoloji ve felsefe alan\u0131ndaki kitaplar\u0131n bas\u0131m\u0131na ba\u015flad\u0131. -Bilindi\u011fi gibi- yay\u0131nevimizin, daha \u00f6nce de \u00cazidilik ve Avestoloji alan\u0131nda dizi halinde kitaplar basaca\u011f\u0131 bildirilmi\u015f, s\u00f6z konusu diziden birka\u00e7 kitap yay\u0131nlam\u0131\u015ft\u0131k.<\/p>\n<p>Sosyoloji ve felsefe alan\u0131ndaki kitap dizisinden ilk eser, K\u00fcrt toplumbilimci Al\u00ee Gurd\u00eel\u00ee\u2019nin \u201cFerhenga Felsefey\u00ea\u201d (Felsefe S\u00f6zl\u00fc\u011f\u00fc) adl\u0131 kitab\u0131d\u0131r. \u201cFerhega Felsefey\u00ea\u201d (Dictionary of Philosophy\/Felsefe S\u00f6zl\u00fc\u011f\u00fc) \u00d6zel Bas\u0131m yay\u0131mland\u0131. S\u00f6zl\u00fck, ak\u0131c\u0131 ve sade bir K\u00fcrt\u00e7e yaz\u0131lm\u0131\u015f olup kaliteli bir bask\u0131yla bas\u0131ld\u0131. S\u00f6zl\u00fckte; bini a\u015fk\u0131n felsefi kavram\u0131n tan\u0131m\u0131 yap\u0131ld\u0131, filozoflar ve felsefeleri hakk\u0131nda bilgi verildi. Kavramlar\u0131n tan\u0131m\u0131ndan sonra \u0130ngilizce, Frans\u0131zca ve T\u00fcrk\u00e7e kar\u015f\u0131l\u0131klar\u0131 yaz\u0131lm\u0131\u015ft\u0131r. S\u00f6zl\u00fck, 529 olup A4 boyutundad\u0131r. S\u00f6zl\u00fc\u011f\u00fcn kapa\u011f\u0131 ciltli (mukavvadan)d\u0131r. Yakla\u015f\u0131k 1100 bilimsel ve felsefi kavram detayl\u0131 bir \u015fekilde a\u00e7\u0131klanm\u0131\u015f. Bu \u00e7al\u0131\u015fman\u0131n uzun soluklu, yakla\u015f\u0131k yirmi y\u0131l s\u00fcren bir \u00e7al\u0131\u015fma oldu\u011funu s\u00f6ylenebilir. Kitab\u0131n sonunda okurlar\u0131n i\u015fini kolayla\u015ft\u0131racak mini bir s\u00f6zl\u00fck ve dizin bulunmakta.<\/p>\n<p>Na Yay\u0131nlar\u0131 olarak; felsefenin de g\u00fcn\u00fcm\u00fcz\u00fcn insani bir de\u011fer ve eylemi oldu\u011fu, bilimden, edebiyat ve sanattan geri kal\u0131r yan\u0131 olmad\u0131\u011f\u0131 g\u00f6r\u00fc\u015f\u00fcndeyiz. Bu g\u00f6r\u00fc\u015f do\u011frultusunda K\u00fcrt\u00e7e felsefe \u00e7al\u0131\u015fmalar\u0131na destek olmaya karar verdik. K\u00fcrt\u00e7e felsefe yapanlar\u0131n \u00e7al\u0131\u015fmalar\u0131 \u201cFelsefe, K\u00fcrt\u00e7eyle g\u00fczel.\u201d slogan\u0131yla K\u00fcrt toplumunda bilinmektedir, bu grup i\u00e7inde bulunanlardan pek \u00e7ok ki\u015finin K\u00fcrt dili ve k\u00fclt\u00fcr\u00fc i\u00e7in iyi bir hizmette bulundu\u011fu da s\u00f6ylenmelidir.<\/p>\n<p>Felsefi konulara ve felsefeyle ilgili \u00e7al\u0131\u015fmalara destek verilmesi, bunlar\u0131n okunmas\u0131 ve okutulmas\u0131 g\u00f6r\u00fc\u015f\u00fcndeyiz. \u201cFelsefe, hayat\u0131n biz\u00e2tihi kendisidir.\u201d s\u00f6yleminin de\u011fersiz olmad\u0131\u011f\u0131 d\u00fc\u015f\u00fcncesindeyiz. Madem b\u00f6yleyse ve felsefe de hayat\u0131m\u0131z\u0131n bir par\u00e7as\u0131ysa, bu \u00e7al\u0131\u015fmalar\u0131n K\u00fcrt\u00e7e de yap\u0131lmas\u0131, K\u00fcrt okurlar\u0131n kendi g\u00fczel dilleriyle de bu alanda okuyabilmesi ve \u00f6\u011frenebilmesi gerekmektedir. Bu ba\u011flamda yak\u0131n bir zamanda \u00e7\u0131kar\u0131lmak \u00fczere felsefe setinin bas\u0131m\u0131 i\u00e7in de haz\u0131rl\u0131k yapmaktay\u0131z. B\u00f6ylece K\u00fcrt dili ve k\u00fclt\u00fcr\u00fcne hizmette bulunmay\u0131 umuyoruz.<\/p>\n<p>&nbsp;<\/p>\n<p>Al\u00ee Gurd\u00eel\u00ee, toplumbilimci ve felsefecidir. 1966 y\u0131l\u0131nda Siirt\u2019in Gurdilan\/Misirc (Kurtalan) il\u00e7esinde do\u011fmu\u015ftur. 1980\u2019de ailesiyle \u0130zmir\u2019e ta\u015f\u0131n\u0131nca Ege \u00dcniversitesi sosyoloji b\u00f6l\u00fcm\u00fcne girip birka\u00e7 y\u0131l sonra e\u011fitimini tamamlar. Baz\u0131 bilimsel alanlarda ve felsefe alan\u0131nda yakla\u015f\u0131k on be\u015f y\u0131ld\u0131r \u00e7al\u0131\u015fmaktad\u0131r. \u015eimdiye dek Kovara W, T\u00eeroj \u00fb Xwenas, Felsefevan ve Ajda gibi dergilerde pek \u00e7ok bilimsel ve felsefi \u00e7al\u0131\u015fmalar\u0131 yay\u0131mlanm\u0131\u015ft\u0131r. T\u00fcrkiye\u2019de ya\u015famakta olup, felsefe b\u00f6l\u00fcm\u00fcnde \u00f6\u011fretmenlik yapmaktad\u0131r. Ayn\u0131 zamanda iki \u00e7ocuk babas\u0131 olan Gurd\u00eel\u00ee \u00a0\u201cFelsefevan\u201d sayfas\u0131n\u0131n ve dergisinin edit\u00f6r\u00fc d\u00fcr.<\/p>\n<p>Bas\u0131lm\u0131\u015f eserleri:<\/p>\n<p>1-Deng\u00ea Felsefey\u00ea &#8211; Doz Yay\u0131nlar\u0131 \u2013 Ocak &#8211; 2006<br \/>\n2- Rew\u00eetiyeke Zanist\u00ee &#8211; Doz Yay\u0131nlar\u0131- May\u0131s &#8211; 2007<br \/>\n3- Jiyan \u00fb Felsefeya Mens\u00fbr\u00ea Hallac \u2018Enel Heq\u2019 \u2013 Evrensel Yay\u0131nevi &#8211; \u0130stanbul &#8211; 2015<br \/>\n4- Destp\u00eaka Felsefey\u00ea &#8211; Soran Yay\u0131nlar\u0131 &#8211; 2015<br \/>\n5- Antolojiya Feylesofan &#8211; Soran Yay\u0131nlar\u0131 &#8211; 2015<\/p>\n<p><strong>Na Yay\u0131nlar\u0131 <\/strong><\/p>\n<p><strong>Berfo Bar\u00ee<\/strong><\/p>\n<p><strong>\u00a0<\/strong><\/p>\n<p>&nbsp;<\/p>\n","protected":false},"excerpt":{"rendered":"<p>Yay\u0131nevimiz, sosyoloji ve felsefe alan\u0131ndaki kitaplar\u0131n bas\u0131m\u0131na ba\u015flad\u0131. -Bilindi\u011fi gibi- yay\u0131nevimizin, daha \u00f6nce de \u00cazidilik ve Avestoloji alan\u0131nda dizi halinde kitaplar basaca\u011f\u0131 bildirilmi\u015f, s\u00f6z konusu diziden birka\u00e7 kitap yay\u0131nlam\u0131\u015ft\u0131k. Sosyoloji ve felsefe alan\u0131ndaki kitap dizisinden ilk eser, K\u00fcrt toplumbilimci Al\u00ee Gurd\u00eel\u00ee\u2019nin \u201cFerhenga Felsefey\u00ea\u201d (Felsefe S\u00f6zl\u00fc\u011f\u00fc) adl\u0131 kitab\u0131d\u0131r. \u201cFerhega Felsefey\u00ea\u201d (Dictionary of Philosophy\/Felsefe S\u00f6zl\u00fc\u011f\u00fc) \u00d6zel Bas\u0131m &hellip;<\/p>\n","protected":false},"author":32,"featured_media":22095,"comment_status":"open","ping_status":"open","sticky":false,"template":"","format":"standard","meta":{"footnotes":""},"categories":[24],"tags":[1616],"class_list":["post-22094","post","type-post","status-publish","format-standard","has-post-thumbnail","","category-felsefe","tag-manset"],"_links":{"self":[{"href":"https:\/\/candname.com\/tr\/index.php?rest_route=\/wp\/v2\/posts\/22094","targetHints":{"allow":["GET"]}}],"collection":[{"href":"https:\/\/candname.com\/tr\/index.php?rest_route=\/wp\/v2\/posts"}],"about":[{"href":"https:\/\/candname.com\/tr\/index.php?rest_route=\/wp\/v2\/types\/post"}],"author":[{"embeddable":true,"href":"https:\/\/candname.com\/tr\/index.php?rest_route=\/wp\/v2\/users\/32"}],"replies":[{"embeddable":true,"href":"https:\/\/candname.com\/tr\/index.php?rest_route=%2Fwp%2Fv2%2Fcomments&post=22094"}],"version-history":[{"count":0,"href":"https:\/\/candname.com\/tr\/index.php?rest_route=\/wp\/v2\/posts\/22094\/revisions"}],"wp:featuredmedia":[{"embeddable":true,"href":"https:\/\/candname.com\/tr\/index.php?rest_route=\/wp\/v2\/media\/22095"}],"wp:attachment":[{"href":"https:\/\/candname.com\/tr\/index.php?rest_route=%2Fwp%2Fv2%2Fmedia&parent=22094"}],"wp:term":[{"taxonomy":"category","embeddable":true,"href":"https:\/\/candname.com\/tr\/index.php?rest_route=%2Fwp%2Fv2%2Fcategories&post=22094"},{"taxonomy":"post_tag","embeddable":true,"href":"https:\/\/candname.com\/tr\/index.php?rest_route=%2Fwp%2Fv2%2Ftags&post=22094"}],"curies":[{"name":"wp","href":"https:\/\/api.w.org\/{rel}","templated":true}]}}