{"id":22082,"date":"2021-08-26T13:05:58","date_gmt":"2021-08-26T10:05:58","guid":{"rendered":"https:\/\/candname.com\/tr\/?p=22082"},"modified":"2021-08-26T13:06:34","modified_gmt":"2021-08-26T10:06:34","slug":"yazar-ve-ogretmen-saban-senates-rahmet-i-rahmana-yurudu","status":"publish","type":"post","link":"https:\/\/candname.com\/tr\/?p=22082","title":{"rendered":"Yazar ve \u00f6\u011fretmen \u015eaban \u015eenate\u015f Rahmet-\u0131 Rahmana Y\u00fcr\u00fcd\u00fc."},"content":{"rendered":"<p>TAZ\u0130YE<\/p>\n<p><em>\u0130nne lillahi ve inne ileyhi Raci\u00fbn. \u201cAllahtan geldik ve tekrar ona d\u00f6nece\u011fiz.\u201d<\/em> (Bakara: 156)<\/p>\n<p>&nbsp;<\/p>\n<p>Yazar ve \u00f6\u011fretmen \u015eaban 22.08.2021 tarihinde \u015eenate\u015f Rahmet-\u0131 Rahmana Y\u00fcr\u00fcd\u00fc.<\/p>\n<p>\u00c7andname sitesi olarak arkada\u015f\u0131m\u0131za Allahtan rahmet ve mekan\u0131 cennet olsun. Allah ailesine, yak\u0131nlar\u0131na ve dostlar\u0131na sab\u0131rlar versin. K\u00fcrt milletinin ba\u015f\u0131 sa\u011f olsun.<\/p>\n<p>&nbsp;<\/p>\n<p><strong>\u015eENTE\u015e K\u0130MD\u0130R?<\/strong><\/p>\n<p>\u015eaban \u015eenate\u015f. 01.01.1966\u2019da Siverek\u2019in Anazo K\u00f6y\u00fc\u2019nde d\u00fcnyaya geldi.<\/p>\n<p>\u0130lkokulu 1976\u2019da ya\u015fad\u0131\u011f\u0131 k\u00f6y olan Halebi\u2019de okul olmad\u0131\u011f\u0131 i\u00e7in Siverek Temel E\u011fitim Yat\u0131l\u0131 B\u00f6lge (TEYBO)\u2019de ilkokula ba\u015flad\u0131. Bitlis \u00d6\u011fretmen Lisesi ve ard\u0131ndan<\/p>\n<p>1987\u2019de girdi\u011fim \u00fcniversite s\u0131navlar\u0131nda ilk hakk\u0131mda Marmara \u00dcniversitesi Atat\u00fcrk E\u011fitim Fak\u00fcltesi Tarih \u00d6\u011fretmenli\u011fini kazand\u0131.<\/p>\n<p>1992 y\u0131l\u0131nda mezun olup Siirt\u2019in \u015eirvan \u0130l\u00e7esi Bombat (Cevizlik) K\u00f6y\u00fc\u2019nde s\u0131n\u0131f \u00f6\u011fretmeni olarak g\u00f6reve ba\u015flad\u0131. Sivereke d\u00f6nerek \u00f6\u011fretmenli\u011fe devam etti.<\/p>\n<p>Fasih Zazaca\u2019y\u0131 Siverek merkez ile ba\u015flayan ve Siverek\u2019in bat\u0131s\u0131na do\u011fru giden <em>\u201cDew\u00ea de\u015fti\u201d<\/em> (Ova k\u00f6yleri) m\u0131nt\u0131kas\u0131nda buldu.<\/p>\n<p>Kendisin\u0131n haz\u0131rlad\u0131\u011f\u0131 Zazaca S\u00f6zl\u00fc\u011f\u00fcn biyografisinde \u015f\u00f6yle der; \u201c\u2026<em>Bu hat ayn\u0131 zamanda bana Zazaca\u2019y\u0131 hem sevdirdi, hem de g\u00fc\u00e7 verdi. Bu Zazaca ile ben di\u011fer dil ve ifadelere meydan okuyabilirim. Bu Zazaca\u2019da zaman, kip ve di\u011fer dil ve ifade sorunlar\u0131yla kar\u015f\u0131la\u015fmazs\u0131n\u0131z. Bir dilci i\u00e7in gerekli hemen hemen b\u00fct\u00fcn kurallar mevcuttur. Ba\u015fka bir dilden ithal bir kural almaya gerek yoktur. Bunun i\u00e7in kendi k\u00f6y\u00fcm\u00fcn Zazacas\u0131\u2019n\u0131 da \u00f6l\u00e7\u00fc almam\u0131\u015f oldum.\u201d<\/em><\/p>\n<p><em>\u201cBen, menfi milliyet\u00e7ili\u011fini bir hastal\u0131k olarak g\u00f6r\u00fcyordum. Ancak ba\u015fkas\u0131n\u0131n milliyet\u00e7isi ise hi\u00e7 olamazd\u0131m. \u00c7\u00fcnk\u00fc bu ise anormal bir hastal\u0131k olurdu.&#8221;<\/em><\/p>\n<p>&nbsp;<\/p>\n<p><strong>Eserleri:<\/strong><\/p>\n<p>&#8220;Vajekano Dimil\u00ee&#8221; adl\u0131 s\u00f6zl\u00fck \u00e7al\u0131\u015fmas\u0131na 28 y\u0131l emek vermi\u015f.<\/p>\n<p>Yakla\u015f\u0131k 10 adet Zazaca hikayeleri<\/p>\n<p>\u015eaban \u015fenate\u015f\u00a0 50 bin kelimeden olu\u015fan Zazak\u00ee K\u00fcrt\u00e7esiyle &#8220;Vajekano Dimil\u00ee&#8221; adl\u0131 s\u00f6zl\u00fc\u011f\u00fc haz\u0131rlay\u0131p N\u00fbbihar Yayinevine vermi\u015f. \u015eimdi yay\u0131na haz\u0131rlanmaktad\u0131r.<\/p>\n<p>Makale ve \u015fiirleri N\u00fbbihar Dergisinde yay\u0131nlanm\u0131\u015f. Di\u011fer yanda\u00a0 Makale, masal ve Risale i Nur\u2019un baz\u0131 par\u00e7alar\u0131, \u00e7ocuklar i\u00e7in masal, ke\u00e7elo(Kelo\u011flan) ve George Oliver\u2019\u0131n hayvan \u00c7iftli\u011fi hikayeleri D\u0131m\u0131lkiye \u00e7evirileri mevcut.<\/p>\n","protected":false},"excerpt":{"rendered":"<p>TAZ\u0130YE \u0130nne lillahi ve inne ileyhi Raci\u00fbn. \u201cAllahtan geldik ve tekrar ona d\u00f6nece\u011fiz.\u201d (Bakara: 156) &nbsp; Yazar ve \u00f6\u011fretmen \u015eaban 22.08.2021 tarihinde \u015eenate\u015f Rahmet-\u0131 Rahmana Y\u00fcr\u00fcd\u00fc. \u00c7andname sitesi olarak arkada\u015f\u0131m\u0131za Allahtan rahmet ve mekan\u0131 cennet olsun. Allah ailesine, yak\u0131nlar\u0131na ve dostlar\u0131na sab\u0131rlar versin. K\u00fcrt milletinin ba\u015f\u0131 sa\u011f olsun. &nbsp; \u015eENTE\u015e K\u0130MD\u0130R? \u015eaban \u015eenate\u015f. 01.01.1966\u2019da Siverek\u2019in &hellip;<\/p>\n","protected":false},"author":32,"featured_media":22083,"comment_status":"open","ping_status":"open","sticky":false,"template":"","format":"standard","meta":{"footnotes":""},"categories":[65],"tags":[245,141,1616,5905,2487,5906,140,559,244],"class_list":["post-22082","post","type-post","status-publish","format-standard","has-post-thumbnail","","category-forum","tag-dimilki","tag-kurtce","tag-manset","tag-saban-senates","tag-siverek","tag-vajekano-dimili","tag-zaza","tag-zazaca","tag-zazaki"],"_links":{"self":[{"href":"https:\/\/candname.com\/tr\/index.php?rest_route=\/wp\/v2\/posts\/22082","targetHints":{"allow":["GET"]}}],"collection":[{"href":"https:\/\/candname.com\/tr\/index.php?rest_route=\/wp\/v2\/posts"}],"about":[{"href":"https:\/\/candname.com\/tr\/index.php?rest_route=\/wp\/v2\/types\/post"}],"author":[{"embeddable":true,"href":"https:\/\/candname.com\/tr\/index.php?rest_route=\/wp\/v2\/users\/32"}],"replies":[{"embeddable":true,"href":"https:\/\/candname.com\/tr\/index.php?rest_route=%2Fwp%2Fv2%2Fcomments&post=22082"}],"version-history":[{"count":0,"href":"https:\/\/candname.com\/tr\/index.php?rest_route=\/wp\/v2\/posts\/22082\/revisions"}],"wp:featuredmedia":[{"embeddable":true,"href":"https:\/\/candname.com\/tr\/index.php?rest_route=\/wp\/v2\/media\/22083"}],"wp:attachment":[{"href":"https:\/\/candname.com\/tr\/index.php?rest_route=%2Fwp%2Fv2%2Fmedia&parent=22082"}],"wp:term":[{"taxonomy":"category","embeddable":true,"href":"https:\/\/candname.com\/tr\/index.php?rest_route=%2Fwp%2Fv2%2Fcategories&post=22082"},{"taxonomy":"post_tag","embeddable":true,"href":"https:\/\/candname.com\/tr\/index.php?rest_route=%2Fwp%2Fv2%2Ftags&post=22082"}],"curies":[{"name":"wp","href":"https:\/\/api.w.org\/{rel}","templated":true}]}}