{"id":22050,"date":"2021-06-23T18:06:53","date_gmt":"2021-06-23T15:06:53","guid":{"rendered":"https:\/\/candname.com\/tr\/?p=22050"},"modified":"2021-06-23T18:08:06","modified_gmt":"2021-06-23T15:08:06","slug":"nubihar-derneginden-cocuklara-resim-calismasi","status":"publish","type":"post","link":"https:\/\/candname.com\/tr\/?p=22050","title":{"rendered":"N\u00fbbihar Derne\u011finden \u00e7ocuklara Resim \u00c7al\u0131\u015fmas\u0131"},"content":{"rendered":"<p>N\u00fbbihar Derne\u011fi bu yaz i\u00e7in d\u00fczenledi\u011fi K\u00fcrt\u00e7e Kurslardan sonra \u015fimdi de \u00e7ocuklara y\u00f6nelik resim \u00e7al\u0131\u015fmas\u0131 kay\u0131tlar\u0131na ba\u015flad\u0131. Resim kursu \u00e7ok yak\u0131nda ba\u015flanacak olup, dernek sitesi ve hesaplar\u0131ndan al\u0131nan \u00e7ok dilli ilan bilgileri a\u015fa\u011f\u0131da verilmi\u015ftir:<\/p>\n<p>Uyar\u0131: L\u00fctfen saat 09.00-19.00 ars\u0131 aray\u0131n\u0131z!<\/p>\n<p>Bu yaz sanat \u00e7al\u0131\u015fmalar\u0131yla \u00e7ocuklar\u0131m\u0131z\u0131n hayal d\u00fcnyalar\u0131 zenginle\u015fsin, \u00f6zg\u00fcvenleri geli\u015fsin, d\u00fc\u015f\u00fcnme, karar verme becerileri geli\u015fsin.\u201d<\/p>\n<p>Kay\u0131t ba\u015fvuru tarihi: 23-28 Haziran 2021<\/p>\n<p>Ba\u015flama: 28 Haziran 2021<br \/>\nBiti\u015f: 30 A\u011fustos 2021<\/p>\n<p>SINIF(1): 8-10 Ya\u015f Grubu<br \/>\nSINIF(2) :11-14 Ya\u015f Grubu<\/p>\n<p>\u0130leti\u015fim: 05397410435<br \/>\n<strong>N\u00fbbihar E\u011fitim ve K\u00fclt\u00fcr Derne\u011fi<\/strong><br \/>\nTel:04122372220<\/p>\n<p class=\"name post-title entry-title\"><strong>Kurmanci:<\/strong><\/p>\n<p class=\"name post-title entry-title\">Ji Komeleya N\u00fbbihar\u00ea ji bo zarokan xebata kar\u00ea huner\u00ee<\/p>\n<p><em>Baldar\u00ee: ji kerema xwe di navbera 9.00-19.00an de l\u00ea bigerin !<\/em><\/p>\n<p>V\u00ea hav\u00een\u00ea bi xebat\u00ean huner\u00ee bila dinyaya xeyalan a zarok\u00ean me, dewlemendtir bibe; xwebawer\u00ee \u00fb qabil\u00eeyet\u00ean fikir\u00een \u00fb biryardan\u00ea bi p\u00ea\u015f keve.<\/p>\n<p>Serl\u00eadan:23-28 Hez\u00eeran 2021<\/p>\n<p>Destp\u00eak:28 Hez\u00eeran 2021<br \/>\nQed\u00een: 30 Tebax 2021<\/p>\n<p>Pol(1): 8-10 sal\u00ee<br \/>\nPol(2):11-14 sal\u00ee<\/p>\n<p>Tekil\u00ee: 05397410435<\/p>\n<p><strong>N\u00fbbihar Komeleya \u00c7and \u00fb Perwerdeh\u00eey\u00ea<\/strong><br \/>\nT\u00eal: 04122372220-D\u00eeyarbekir<\/p>\n<p><strong>Kirmanck\u00ee:<\/strong><\/p>\n<p class=\"is-title post-title\"><strong>Gorey\u00ea Qe\u00e7ekan Online ra Atolyeya Rism\u00ee<\/strong><\/p>\n<p>\u201cNo amnan bi xebat\u00ean sen\u2019etan a din\u00eeya xiyaland\u00ea qe\u00e7ekan\u00ea ma wa zeng\u00een bo, xwubawerey, \u015fikkerden, qab\u00eel\u00eeyet\u00ea qerardayen\u00ee aver \u00fb ravey \u015firo.\u201d<\/p>\n<p>D\u00fbrik\u00ea Qeyd\u00ee:23-28 Hez\u00eeran 2021<br \/>\nDestpeykerdi\u015f:28 Hez\u00eeran 2021<br \/>\nQed\u00eanayi\u015f:30 Gelaw\u00eaj 2021<\/p>\n<p>Pol(1):Mab\u00ean\u00ea serrand\u00ea 8 \u00fb 10\u2019\u00ee<br \/>\nPol(2):Mab\u00ean\u00ea serrand\u00ea 11 \u00fb 14\u2019\u00ee<\/p>\n<p>Tlf:05397410435<br \/>\n<strong>N\u00fbbihar E\u011fitim ve K\u00fclt\u00fcr Derne\u011fi<\/strong><br \/>\nTlf:04122372220<\/p>\n<p><strong>Soran\u00ee:<\/strong><\/p>\n<p class=\"is-title post-title\"><strong>\u0648\u06c6\u0631\u06a9\u0634\u06c6\u067e\u06cc \u0648\u06ce\u0646\u06d5\u06a9\u06ce\u0634\u0627\u0646 \u0628\u06d5 \u0626\u06c6\u0646\u0644\u0627\u06cc\u0646 \u0628\u06c6 \u0645\u0646\u062f\u0627\u06b5\u0627\u0646<\/strong><\/p>\n<p>\u062f\u06d5\u0648\u06b5\u06d5\u0645\u06d5\u0646\u062f\u062a\u0631\u0628\u06ce\u062a\u2026 \u062a\u0648\u0627\u0646\u0627 \u0648 \u0628\u0695\u0648\u0627 \u0628\u06d5\u062e\u06c6\u0628\u0648\u0648\u0646 \u0648 \u0628\u06cc\u0631\u06a9\u0631\u062f\u0646\u06d5\u0648\u06d5 \u0648 \u0628\u0695\u06cc\u0627\u0631\u062f\u0627\u0646\u06cc\u0627\u0646 \u067e\u06ce\u0634\u06a9\u06d5\u0648\u06ce\u062a.<\/p>\n<p>\u0646\u0627\u0648 \u062a\u06c6\u0645\u0627\u0631\u06a9\u0631\u062f\u0646: 23-28 \u062d\u0648\u0632\u06d5\u06cc\u0631\u0627\u0646\u06cc 2021<\/p>\n<p>\u062f\u06d5\u0633\u062a\u067e\u06ce\u06a9\u0631\u062f\u0646: 28\u06cc \u062d\u0648\u0632\u06d5\u06cc\u0631\u0627\u0646\u06cc 2021<br \/>\n\u06a9\u06c6\u062a\u0627\u06cc\u06cc: 30\u06cc \u0626\u0627\u0628\u06cc 2021<\/p>\n<p>\u067e\u06c6\u0644 (1) : 8 \u2013 10 \u0633\u0627\u06b5 .<br \/>\n\u067e\u06c6\u0644 (2) : 11 \u2013 14 \u0633\u0627\u06b5<\/p>\n<p>\u067e\u06d5\u06cc\u0648\u06d5\u0646\u062f\u06cc : 05397410435<\/p>\n<p><strong>\u06a9\u06c6\u0645\u06d5\u06b5\u06d5\u06cc \u0695\u06c6\u0634\u0646\u0628\u06cc\u0631\u06cc \u0648 \u067e\u06d5\u0631\u0648\u06d5\u0631\u062f\u06d5\u06cc\u06cc \u0646\u0648\u0628\u0647\u0627\u0631<\/strong><\/p>\n<p>&nbsp;<\/p>\n<p class=\"is-title post-title\"><strong>Tirk\u00ee:<\/strong><\/p>\n<p class=\"is-title post-title\"><strong>\u00c7ocuklara Y\u00f6nelik Online Resim At\u00f6lyesi<\/strong><\/p>\n<p>Uyar\u0131: L\u00fctfen saat 09.00-19.00 ars\u0131 arayiniz.<\/p>\n<p>Bu yaz sanat \u00e7al\u0131\u015fmalar\u0131yla \u00e7ocuklar\u0131m\u0131z\u0131n hayal d\u00fcnyalar\u0131 zenginle\u015fsin, \u00f6zg\u00fcvenleri geli\u015fsin, d\u00fc\u015f\u00fcnme, karar verme becerileri geli\u015fsin.\u201d<\/p>\n<p>Kay\u0131t ba\u015fvuru tarihi: 23-28 Haziran 2021<\/p>\n<p>Ba\u015flama: 28 Haziran 2021<br \/>\nBiti\u015f: 30 A\u011fustos 2021<\/p>\n<p>SINIF(1): 8-10 Ya\u015f Grubu<br \/>\nSINIF(2) :11-14 Ya\u015f Grubu<\/p>\n<p>\u0130leti\u015fim: 05397410435<br \/>\n<strong>N\u00fbbihar E\u011fitim ve K\u00fclt\u00fcr Derne\u011fi<\/strong><br \/>\nTel:04122372220<\/p>\n<p class=\"is-title post-title\"><strong>\u00ceng\u00eel\u00eez\u00ee:<\/strong><\/p>\n<p class=\"is-title post-title\"><strong>Online Art Workshop For Children<\/strong><\/p>\n<article id=\"post-3477\" class=\"post-3477 post type-post status-publish format-standard has-post-thumbnail category-branches\">\n<div class=\"post-content-wrap has-share-float\">\n<div class=\"post-content cf entry-content content-spacious\">\n<p>his summer our children\u2019s dream world will enrich, their self-esteem will develop, their skills of thinking and deciding will develop<\/p>\n<p>Applicaon date :23-28 june, 2021<\/p>\n<p>Start:28 june 2021<br \/>\nEnd: 30 august 2021<\/p>\n<p>CLASS 1:8-10 AGE GROUP<\/p>\n<p>CLASS 2: 11-14 AGE GROUP<\/p>\n<p>Comnunication: 05397410435<\/p>\n<p><strong>N\u00fbbihar Education and Cultural Organization<\/strong><\/p>\n<p>Phone :04122372220<\/p>\n<p>&nbsp;<\/p>\n<p><strong>\u00c7avkan\u00ee:<\/strong><\/p>\n<p>www.komanubihar.org<\/p>\n<p>\u0130nstagram.com\/nubiharkomele<br \/>\nfacebook.com\/komelenubihar<br \/>\nyoutube.com\/nubiharkomele<br \/>\ntwitter.com\/Nubiharkomele<\/p>\n<\/div>\n<\/div>\n<\/article>\n","protected":false},"excerpt":{"rendered":"<p>N\u00fbbihar Derne\u011fi bu yaz i\u00e7in d\u00fczenledi\u011fi K\u00fcrt\u00e7e Kurslardan sonra \u015fimdi de \u00e7ocuklara y\u00f6nelik resim \u00e7al\u0131\u015fmas\u0131 kay\u0131tlar\u0131na ba\u015flad\u0131. Resim kursu \u00e7ok yak\u0131nda ba\u015flanacak olup, dernek sitesi ve hesaplar\u0131ndan al\u0131nan \u00e7ok dilli ilan bilgileri a\u015fa\u011f\u0131da verilmi\u015ftir: Uyar\u0131: L\u00fctfen saat 09.00-19.00 ars\u0131 aray\u0131n\u0131z! Bu yaz sanat \u00e7al\u0131\u015fmalar\u0131yla \u00e7ocuklar\u0131m\u0131z\u0131n hayal d\u00fcnyalar\u0131 zenginle\u015fsin, \u00f6zg\u00fcvenleri geli\u015fsin, d\u00fc\u015f\u00fcnme, karar verme becerileri geli\u015fsin.\u201d &hellip;<\/p>\n","protected":false},"author":32,"featured_media":22051,"comment_status":"open","ping_status":"open","sticky":false,"template":"","format":"standard","meta":{"footnotes":""},"categories":[705],"tags":[5365,3436,180,5898,5897],"class_list":["post-22050","post","type-post","status-publish","format-standard","has-post-thumbnail","","category-sanat","tag-dernek","tag-kultur","tag-nubihar","tag-resim-calismasi","tag-sanat"],"_links":{"self":[{"href":"https:\/\/candname.com\/tr\/index.php?rest_route=\/wp\/v2\/posts\/22050","targetHints":{"allow":["GET"]}}],"collection":[{"href":"https:\/\/candname.com\/tr\/index.php?rest_route=\/wp\/v2\/posts"}],"about":[{"href":"https:\/\/candname.com\/tr\/index.php?rest_route=\/wp\/v2\/types\/post"}],"author":[{"embeddable":true,"href":"https:\/\/candname.com\/tr\/index.php?rest_route=\/wp\/v2\/users\/32"}],"replies":[{"embeddable":true,"href":"https:\/\/candname.com\/tr\/index.php?rest_route=%2Fwp%2Fv2%2Fcomments&post=22050"}],"version-history":[{"count":0,"href":"https:\/\/candname.com\/tr\/index.php?rest_route=\/wp\/v2\/posts\/22050\/revisions"}],"wp:featuredmedia":[{"embeddable":true,"href":"https:\/\/candname.com\/tr\/index.php?rest_route=\/wp\/v2\/media\/22051"}],"wp:attachment":[{"href":"https:\/\/candname.com\/tr\/index.php?rest_route=%2Fwp%2Fv2%2Fmedia&parent=22050"}],"wp:term":[{"taxonomy":"category","embeddable":true,"href":"https:\/\/candname.com\/tr\/index.php?rest_route=%2Fwp%2Fv2%2Fcategories&post=22050"},{"taxonomy":"post_tag","embeddable":true,"href":"https:\/\/candname.com\/tr\/index.php?rest_route=%2Fwp%2Fv2%2Ftags&post=22050"}],"curies":[{"name":"wp","href":"https:\/\/api.w.org\/{rel}","templated":true}]}}