{"id":22038,"date":"2021-05-11T16:30:12","date_gmt":"2021-05-11T13:30:12","guid":{"rendered":"https:\/\/candname.com\/tr\/?p=22038"},"modified":"2021-05-11T16:30:50","modified_gmt":"2021-05-11T13:30:50","slug":"nubihardan-yeni-bir-kitap-kurt-hikayesi","status":"publish","type":"post","link":"https:\/\/candname.com\/tr\/?p=22038","title":{"rendered":"N\u00fbbihar&#8217;dan Tarihi Bir Kitap: K\u00fcrt Hikayesi"},"content":{"rendered":"<p>K\u00fcrtlerin \u00e7ok zengin bir s\u00f6zl\u00fc k\u00fclt\u00fcr\u00fc vard\u0131r. S\u00f6zl\u00fc rivayetler bir toplumun tarihini ayd\u0131nlatmak i\u00e7in kullan\u0131lan en \u00f6nemli belgelerdir. Bu \u00fcr\u00fcnler mitolojik \u00fcr\u00fcnler, destanlar, efsaneler, masallar, halk hik\u00e2yeleri, evliya menk\u0131beleri, t\u00fcrk\u00fcler, anekdotlar, dengb\u00eajler, a\u011f\u0131tlar, ninniler, deyimler, atas\u00f6zleri ve hat\u0131ralard\u0131r.<\/p>\n<p>Bu k\u00fclt\u00fcrel \u00fcr\u00fcnler \u00e7ok ge\u00e7 derlenip kay\u0131t edilse bile K\u00fcrtlerin hayat\u0131nda ve hat\u0131ralar\u0131nda bir gelenek olarak as\u0131rlarca ya\u015fam\u0131\u015ft\u0131r. Baz\u0131 edebi \u00fcr\u00fcnler ise tarih kitaplar\u0131n\u0131n sat\u0131r aralar\u0131nda, seyyahlar\u0131n seyahatnamelerinde ve bir k\u0131sm\u0131 ise Osmanl\u0131ca dergilerde yaz\u0131lm\u0131\u015f ama g\u00f6zden ka\u00e7m\u0131\u015ft\u0131r. Bu \u00fcr\u00fcnler titiz bir tenkide t\u00e2bi tutulursa K\u00fcrtlerin sosyal ve siyasi yap\u0131s\u0131n\u0131, k\u00fclt\u00fcrel kaynaklar\u0131n\u0131, d\u00fc\u015f\u00fcnce d\u00fcnyas\u0131n\u0131, tabiatla i\u00e7 i\u00e7e olan m\u00fccadelelerini, g\u00fcndelik hayatlar\u0131n\u0131, mizah gelene\u011fini, a\u015firetlerin kavgalar\u0131n\u0131, evlilik ve g\u00f6\u00e7lerini, sava\u015f ve kahramanl\u0131klar\u0131n\u0131, a\u015fk, ac\u0131, \u00f6zlem ve \u00f6fkelerine dair bilgiler edinebiliriz.<\/p>\n<p>Bu kitapta, tarih kitaplar\u0131ndan, menk\u0131belerden, seyahatnamelerden, K\u00fcrt halk hik\u00e2yeleri ve K\u00fcrt masallar\u0131ndan, hat\u0131ralardan, K\u00fcrt yazarlar\u0131n hik\u00e2yelerinden bir se\u00e7ki haz\u0131rlanm\u0131\u015f ve K\u00fcrt Hikayesi yaz\u0131lm\u0131\u015ft\u0131r.<\/p>\n<p><strong>Yazar<\/strong>\u00a0 Bekir Bi\u00e7er<\/p>\n<p><strong>ISBN<\/strong>\u00a0 786059413835<\/p>\n<p><strong>T\u00fcr\u00a0<\/strong>\u00a0\u00a0\u00a0\u00a0 Tarih ve Ara\u015ft\u0131rma<\/p>\n<p><strong>Sayfa<\/strong>\u00a0\u00a0 150<\/p>\n<p><strong>Dil\u00a0<\/strong>\u00a0\u00a0\u00a0\u00a0\u00a0 T\u00fcrk\u00e7e<\/p>\n<p><strong>Alfabe<\/strong> Lat\u00een\u00ee<\/p>\n<p><strong>Yay\u0131n Y\u0131l\u0131\u00a0<\/strong>\u00a0\u00a0\u00a0\u00a0\u00a0 2021<\/p>\n<p><strong>Yay\u0131nevi:<\/strong> N\u00fbbihar<\/p>\n<p>&nbsp;<\/p>\n<p>\u00c7avkan\u00ee: Nubihar.com<\/p>\n","protected":false},"excerpt":{"rendered":"<p>K\u00fcrtlerin \u00e7ok zengin bir s\u00f6zl\u00fc k\u00fclt\u00fcr\u00fc vard\u0131r. S\u00f6zl\u00fc rivayetler bir toplumun tarihini ayd\u0131nlatmak i\u00e7in kullan\u0131lan en \u00f6nemli belgelerdir. Bu \u00fcr\u00fcnler mitolojik \u00fcr\u00fcnler, destanlar, efsaneler, masallar, halk hik\u00e2yeleri, evliya menk\u0131beleri, t\u00fcrk\u00fcler, anekdotlar, dengb\u00eajler, a\u011f\u0131tlar, ninniler, deyimler, atas\u00f6zleri ve hat\u0131ralard\u0131r. Bu k\u00fclt\u00fcrel \u00fcr\u00fcnler \u00e7ok ge\u00e7 derlenip kay\u0131t edilse bile K\u00fcrtlerin hayat\u0131nda ve hat\u0131ralar\u0131nda bir gelenek olarak as\u0131rlarca &hellip;<\/p>\n","protected":false},"author":32,"featured_media":22039,"comment_status":"open","ping_status":"open","sticky":false,"template":"","format":"standard","meta":{"footnotes":""},"categories":[25],"tags":[1867,2495,137,5896,141,117,1616],"class_list":["post-22038","post","type-post","status-publish","format-standard","has-post-thumbnail","","category-tarih","tag-30-gunde-kurtce","tag-hikaye","tag-kurt","tag-kurt-hikayesi","tag-kurtce","tag-kurtler","tag-manset"],"_links":{"self":[{"href":"https:\/\/candname.com\/tr\/index.php?rest_route=\/wp\/v2\/posts\/22038","targetHints":{"allow":["GET"]}}],"collection":[{"href":"https:\/\/candname.com\/tr\/index.php?rest_route=\/wp\/v2\/posts"}],"about":[{"href":"https:\/\/candname.com\/tr\/index.php?rest_route=\/wp\/v2\/types\/post"}],"author":[{"embeddable":true,"href":"https:\/\/candname.com\/tr\/index.php?rest_route=\/wp\/v2\/users\/32"}],"replies":[{"embeddable":true,"href":"https:\/\/candname.com\/tr\/index.php?rest_route=%2Fwp%2Fv2%2Fcomments&post=22038"}],"version-history":[{"count":0,"href":"https:\/\/candname.com\/tr\/index.php?rest_route=\/wp\/v2\/posts\/22038\/revisions"}],"wp:featuredmedia":[{"embeddable":true,"href":"https:\/\/candname.com\/tr\/index.php?rest_route=\/wp\/v2\/media\/22039"}],"wp:attachment":[{"href":"https:\/\/candname.com\/tr\/index.php?rest_route=%2Fwp%2Fv2%2Fmedia&parent=22038"}],"wp:term":[{"taxonomy":"category","embeddable":true,"href":"https:\/\/candname.com\/tr\/index.php?rest_route=%2Fwp%2Fv2%2Fcategories&post=22038"},{"taxonomy":"post_tag","embeddable":true,"href":"https:\/\/candname.com\/tr\/index.php?rest_route=%2Fwp%2Fv2%2Ftags&post=22038"}],"curies":[{"name":"wp","href":"https:\/\/api.w.org\/{rel}","templated":true}]}}