{"id":22029,"date":"2021-05-10T14:14:41","date_gmt":"2021-05-10T11:14:41","guid":{"rendered":"https:\/\/candname.com\/tr\/?p=22029"},"modified":"2021-05-09T14:26:31","modified_gmt":"2021-05-09T11:26:31","slug":"seref-han","status":"publish","type":"post","link":"https:\/\/candname.com\/tr\/?p=22029","title":{"rendered":"\u015eeref Han"},"content":{"rendered":"<p>\u015eeref Han ya da \u015eerefhan Bitlisi (K\u00fcrt\u00e7e: \u015eerefxan\u00ea Bedl\u00ees\u00ee, (d. 1543, Kum &#8211; \u00f6. Nisan 1603? Bitlis), K\u00fcrt[1] devlet adam\u0131 ve tarih\u00e7i. \u015eerefname&#8217;nin yazar\u0131.<\/p>\n<p>&nbsp;<\/p>\n<p>1543&#8217;te Kum&#8217;da Rojkan A\u015firetinden Emir \u015eemsettin&#8217;in o\u011flu olarak do\u011fdu. \u00d6l\u00fcm tarihi kesin olarak bilinmemektedir. \u015eemsettin, \u015eeref Han do\u011fmadan 8 y\u0131l \u00f6nce emirlikten azledildi\u011finden Safevilere s\u0131\u011f\u0131nm\u0131\u015ft\u0131r. \u015eeref 8 ya\u015f\u0131ndayken babas\u0131 taraf\u0131ndan Tebriz&#8217;e g\u00f6nderilerek I. Tahmasp&#8217;\u0131n o\u011fullar\u0131 ile birlikte Has Harem&#8217;de okumu\u015ftur.<\/p>\n<p>&nbsp;<\/p>\n<p>12 ya\u015f\u0131ndayken \u015eirvan eyaletinde bulunan Mahmudabad ve Salyan h\u00fck\u00fcmdar\u0131 (hakim) olarak atand\u0131, daha sonra \u015eirvan eyaleti di\u011fer b\u00f6lgelerinde h\u00fck\u00fcmdarl\u0131k yapt\u0131, II. \u0130smail taraf\u0131ndan \u0130ran&#8217;dak\u0131 K\u00fcrtlerin h\u00fckm\u00fcdar\u0131 (emir-al-umara) olarak atand\u0131, fakat bu g\u00f6revinden al\u0131nd\u0131 ve Nah\u00e7\u0131van h\u00fck\u00fcmdar\u0131 oldu. 1578 y\u0131l\u0131nda ba\u015flayan Osmanl\u0131-\u0130ran Sava\u015f\u0131&#8217;ndan sonra Osmanl\u0131lara s\u0131\u011f\u0131nd\u0131.[2]\n<p>&nbsp;<\/p>\n<p>1597&#8217;de 53 ya\u015f\u0131na geldi\u011finde hanl\u0131k ve h\u00fck\u00fcmdarl\u0131\u011f\u0131n\u0131 o\u011flu Ebul Meali \u015eemsettin&#8217;e b\u0131rak\u0131p tarihiyle ilgilenmeye ba\u015flam\u0131\u015f ve \u015eerefname eserini yazm\u0131\u015ft\u0131r.[3]\n<p>&nbsp;<\/p>\n<p>Kaynak\u00e7a<\/p>\n<p>&#8220;Ar\u015fivlenmi\u015f kopya&#8221;. 4 May\u0131s 2017 tarihinde kayna\u011f\u0131ndan ar\u015fivlendi. Eri\u015fim tarihi: 7 A\u011fustos 2015.<\/p>\n<p>\u0418. \u041f. \u041f\u0435\u0442\u0440\u0443\u0448\u0435\u0432\u0441\u043a\u0438\u0439. \u041e\u0447\u0435\u0440\u043a\u0438 \u043f\u043e \u0438\u0441\u0442\u043e\u0440\u0438\u0438 \u0444\u0435\u043e\u0434\u0430\u043b\u044c\u043d\u044b\u0445 \u043e\u0442\u043d\u043e\u0448\u0435\u043d\u0438\u0439 \u0432 \u0410\u0437\u0435\u0440\u0431\u0430\u0439\u0434\u0436\u0430\u043d\u0435 \u0438 \u0410\u0440\u043c\u0435\u043d\u0438\u0438 \u0432 XVI \u2014 \u043d\u0430\u0447\u0430\u043b\u0435 XIX \u0432\u0432.<\/p>\n<p>&#8220;Ar\u015fivlenmi\u015f kopya&#8221;. 27 Ekim 2018 tarihinde kayna\u011f\u0131ndan ar\u015fivlendi. Eri\u015fim tarihi: 3 Ekim 2020.<\/p>\n<p>&nbsp;<\/p>\n<p><strong>Bu yaz\u0131 Vikipedia sitesinden al\u0131nt\u0131d\u0131r.<\/strong><\/p>\n","protected":false},"excerpt":{"rendered":"<p>\u015eeref Han ya da \u015eerefhan Bitlisi (K\u00fcrt\u00e7e: \u015eerefxan\u00ea Bedl\u00ees\u00ee, (d. 1543, Kum &#8211; \u00f6. Nisan 1603? Bitlis), K\u00fcrt[1] devlet adam\u0131 ve tarih\u00e7i. \u015eerefname&#8217;nin yazar\u0131. &nbsp; 1543&#8217;te Kum&#8217;da Rojkan A\u015firetinden Emir \u015eemsettin&#8217;in o\u011flu olarak do\u011fdu. \u00d6l\u00fcm tarihi kesin olarak bilinmemektedir. \u015eemsettin, \u015eeref Han do\u011fmadan 8 y\u0131l \u00f6nce emirlikten azledildi\u011finden Safevilere s\u0131\u011f\u0131nm\u0131\u015ft\u0131r. \u015eeref 8 ya\u015f\u0131ndayken babas\u0131 taraf\u0131ndan &hellip;<\/p>\n","protected":false},"author":32,"featured_media":22030,"comment_status":"open","ping_status":"open","sticky":false,"template":"","format":"standard","meta":{"footnotes":""},"categories":[5371],"tags":[5894,137,117,1616,5893,5449,3409],"class_list":["post-22029","post","type-post","status-publish","format-standard","has-post-thumbnail","","category-alinti-yazilar","tag-iran-kurtleri","tag-kurt","tag-kurtler","tag-manset","tag-rojkan","tag-serefhan","tag-serefname"],"_links":{"self":[{"href":"https:\/\/candname.com\/tr\/index.php?rest_route=\/wp\/v2\/posts\/22029","targetHints":{"allow":["GET"]}}],"collection":[{"href":"https:\/\/candname.com\/tr\/index.php?rest_route=\/wp\/v2\/posts"}],"about":[{"href":"https:\/\/candname.com\/tr\/index.php?rest_route=\/wp\/v2\/types\/post"}],"author":[{"embeddable":true,"href":"https:\/\/candname.com\/tr\/index.php?rest_route=\/wp\/v2\/users\/32"}],"replies":[{"embeddable":true,"href":"https:\/\/candname.com\/tr\/index.php?rest_route=%2Fwp%2Fv2%2Fcomments&post=22029"}],"version-history":[{"count":0,"href":"https:\/\/candname.com\/tr\/index.php?rest_route=\/wp\/v2\/posts\/22029\/revisions"}],"wp:featuredmedia":[{"embeddable":true,"href":"https:\/\/candname.com\/tr\/index.php?rest_route=\/wp\/v2\/media\/22030"}],"wp:attachment":[{"href":"https:\/\/candname.com\/tr\/index.php?rest_route=%2Fwp%2Fv2%2Fmedia&parent=22029"}],"wp:term":[{"taxonomy":"category","embeddable":true,"href":"https:\/\/candname.com\/tr\/index.php?rest_route=%2Fwp%2Fv2%2Fcategories&post=22029"},{"taxonomy":"post_tag","embeddable":true,"href":"https:\/\/candname.com\/tr\/index.php?rest_route=%2Fwp%2Fv2%2Ftags&post=22029"}],"curies":[{"name":"wp","href":"https:\/\/api.w.org\/{rel}","templated":true}]}}