{"id":22021,"date":"2021-05-09T11:07:44","date_gmt":"2021-05-09T08:07:44","guid":{"rendered":"https:\/\/candname.com\/tr\/?p=22021"},"modified":"2021-05-09T13:41:03","modified_gmt":"2021-05-09T10:41:03","slug":"yakinda-yeni-bir-kurtce-dergi-pijok","status":"publish","type":"post","link":"https:\/\/candname.com\/tr\/?p=22021","title":{"rendered":"Yeni bir K\u00fcrt\u00e7e Dergi Daha \u201cPijok\u201d"},"content":{"rendered":"<p>Edindi\u011fimiz bilgiye g\u00f6re P\u00ceJOK adli K\u00fcrt\u00e7e dergi yak\u0131nda \u00e7\u0131kaca\u011f\u0131, Dergi dilinin y\u00fczde 75in\u0131n K\u00fcrt\u00e7enin \u015e\u00eaxbizin\u00ee \u015fivesiyle yay\u0131n yap\u0131laca\u011f\u0131. Derginin ismi P\u00eejok yan\u00ee \u00a0\u00e7i\u011fdem \u00e7i\u00e7e\u011fi.<\/p>\n<p>Derginin haz\u0131rlanmas\u0131nda b\u00fcy\u00fck katk\u0131s\u0131 olan ve ayn\u0131 zamanda Orta Anadolu K\u00fcrtleri \u00fczerinde ara\u015ft\u0131rmalar yapan ve hali haz\u0131rda k\u0131sa filmler ve belgeseller \u00e7eken Mustafa Ba\u015faran&#8217;dan yak\u0131nda \u00e7\u0131kacak dergi hakk\u0131nda \u015fu a\u00e7\u0131klamada bulundu:<\/p>\n<p>\u201c\u015e\u00eayhb\u0131z\u0131n\u00eek\u00ee, dergimizin i\u00e7erisinde de bahsedece\u011fimiz gibi ba\u011f\u0131ms\u0131z bir dil olmay\u0131p K\u00fcrt\u00e7enin alt leh\u00e7eleri ne ba\u011fl\u0131 bir \u015fivedir.<\/p>\n<p>K\u00fcrt \u00e7o\u011frafyas\u0131 d\u0131\u015f\u0131nda ba\u015fta Turkiye (Haymana) olmak \u00fczere \u0130ran, Irak, Suriye ve L\u00fcbnan gibi bir \u00e7ok orta do\u011fu \u00fclkesinde toplu yada da\u011f\u0131n\u0131k bir \u015fekilde ya\u015famakta olan \u015eeyhb\u0131z\u0131n\u00ee \u00c2\u015firetinin konu\u015ftu\u011fu \u015fivedir.<\/p>\n<p>Dergimiz latin alfabesi ile K\u00fcrt\u00e7enin akademik kurallar\u0131 \u00e7er\u00e7evesinde yaz\u0131lacakt\u0131r. \u015eeyhb\u0131z\u0131n\u00ee a\u015firetimiz, \u015fivesini b\u00fcy\u00fck oranda koruyabilmi\u015ftir.<\/p>\n<p>Dergimizde, tarih, ara\u015ft\u0131rma, gelenek ve g\u00f6renek ba\u015fta olmak \u00fczere sanat, edebiyat, mizah gibi bir \u00e7ok konuda \u00fcretilen ve \u00fcretilecek eserler ile halk\u0131m\u0131z\u0131n be\u011fenisine sunulacakt\u0131r.<\/p>\n<p>Dergimiz y\u00f6netiminde ara\u015ft\u0131rmac\u0131 ve sanat y\u00f6nleriyle tan\u0131d\u0131\u011f\u0131m\u0131z arkada\u015flar\u0131m\u0131z <a href=\"https:\/\/www.facebook.com\/xamgeli.bane?__cft__%5b0%5d=AZUShbw5P0lajbS3sxeA3wkyk3Rf3Ss6M3RGTT1JWHh1_2sVCDIuFf7grMUMiSmOHFyVT_5Fe9Gkltp1tAKlJ1mz6HDyml8sk974yfb2Uf3fRtpSj9rr0rLEc59eCQo4MjI&amp;__tn__=-%5dK-R\">Xamgeli Bane<\/a> (Mehmet Okcu), <a href=\"https:\/\/www.facebook.com\/ram.Qalo?__cft__%5b0%5d=AZUShbw5P0lajbS3sxeA3wkyk3Rf3Ss6M3RGTT1JWHh1_2sVCDIuFf7grMUMiSmOHFyVT_5Fe9Gkltp1tAKlJ1mz6HDyml8sk974yfb2Uf3fRtpSj9rr0rLEc59eCQo4MjI&amp;__tn__=-%5dK-R\">Ramazan Comer Tetik<\/a>, <a href=\"https:\/\/www.facebook.com\/renasburhan57?__cft__%5b0%5d=AZUShbw5P0lajbS3sxeA3wkyk3Rf3Ss6M3RGTT1JWHh1_2sVCDIuFf7grMUMiSmOHFyVT_5Fe9Gkltp1tAKlJ1mz6HDyml8sk974yfb2Uf3fRtpSj9rr0rLEc59eCQo4MjI&amp;__tn__=-%5dK-R\">Renas Burhan Demircan<\/a>, <a href=\"https:\/\/www.facebook.com\/profile.php?id=589125339&amp;__cft__%5b0%5d=AZUShbw5P0lajbS3sxeA3wkyk3Rf3Ss6M3RGTT1JWHh1_2sVCDIuFf7grMUMiSmOHFyVT_5Fe9Gkltp1tAKlJ1mz6HDyml8sk974yfb2Uf3fRtpSj9rr0rLEc59eCQo4MjI&amp;__tn__=-%5dK-R\">Onur \u00f6zdemir<\/a>, <a href=\"https:\/\/www.facebook.com\/perihan.yogurtcu.9?__cft__%5b0%5d=AZUShbw5P0lajbS3sxeA3wkyk3Rf3Ss6M3RGTT1JWHh1_2sVCDIuFf7grMUMiSmOHFyVT_5Fe9Gkltp1tAKlJ1mz6HDyml8sk974yfb2Uf3fRtpSj9rr0rLEc59eCQo4MjI&amp;__tn__=-%5dK-R\">Perihan Yo\u011furt\u00e7u<\/a> ve ben (Mustafa Ba\u015faran) bulunmaktay\u0131z. T\u00fcm arkada\u015flar\u0131m\u0131z da akademik K\u00fcrt\u00e7e ye hakim ki\u015filerdir&#8230;<\/p>\n<p>Dergimizde her say\u0131da konuk yazarlar\u0131m\u0131zda kendi yaz\u0131lar\u0131yla yer alacak, sizlerden gelen mesaj, \u00f6neri veya g\u00fczel temenni ve dilekler de dergimizin misafir mektuplar b\u00f6l\u00fcm\u00fcnde yer alacakt\u0131r.<\/p>\n<p>Dergimiz ismi ile Facebook Grubu kuraca\u011f\u0131z. \u00c7al\u0131\u015fmalar\u0131m\u0131z\u0131 oradan takip edebilirsiniz. Dergiye katk\u0131 sunmak isteyenler yada dergiyi temin etmek, okumak isteyenleri a\u00e7aca\u011f\u0131m\u0131z grupta ayd\u0131nlataca\u011f\u0131z&#8230; Dergimize firma yada i\u015fyerlerinizin reklam\u0131n\u0131 yaparak katk\u0131 yapabilirsiniz.\u201d<\/p>\n<p>Dergi i\u00e7in ileti\u015fim: onurozdemir1789@gmail.com<\/p>\n<p><strong>\u00c7ANDNAME<\/strong><\/p>\n","protected":false},"excerpt":{"rendered":"<p>Edindi\u011fimiz bilgiye g\u00f6re P\u00ceJOK adli K\u00fcrt\u00e7e dergi yak\u0131nda \u00e7\u0131kaca\u011f\u0131, Dergi dilinin y\u00fczde 75in\u0131n K\u00fcrt\u00e7enin \u015e\u00eaxbizin\u00ee \u015fivesiyle yay\u0131n yap\u0131laca\u011f\u0131. Derginin ismi P\u00eejok yan\u00ee \u00a0\u00e7i\u011fdem \u00e7i\u00e7e\u011fi. Derginin haz\u0131rlanmas\u0131nda b\u00fcy\u00fck katk\u0131s\u0131 olan ve ayn\u0131 zamanda Orta Anadolu K\u00fcrtleri \u00fczerinde ara\u015ft\u0131rmalar yapan ve hali haz\u0131rda k\u0131sa filmler ve belgeseller \u00e7eken Mustafa Ba\u015faran&#8217;dan yak\u0131nda \u00e7\u0131kacak dergi hakk\u0131nda \u015fu a\u00e7\u0131klamada bulundu: &hellip;<\/p>\n","protected":false},"author":32,"featured_media":22022,"comment_status":"open","ping_status":"open","sticky":false,"template":"","format":"standard","meta":{"footnotes":""},"categories":[5357],"tags":[5887,1616,5886,5890,5888,5892,5889,5891],"class_list":["post-22021","post","type-post","status-publish","format-standard","has-post-thumbnail","","category-yayincilik","tag-cigdem","tag-manset","tag-pijok","tag-sexbizini","tag-seyhbizini","tag-seyhbizini-asireti","tag-seyhbizini-kurtleri","tag-seyhbiziniler"],"_links":{"self":[{"href":"https:\/\/candname.com\/tr\/index.php?rest_route=\/wp\/v2\/posts\/22021","targetHints":{"allow":["GET"]}}],"collection":[{"href":"https:\/\/candname.com\/tr\/index.php?rest_route=\/wp\/v2\/posts"}],"about":[{"href":"https:\/\/candname.com\/tr\/index.php?rest_route=\/wp\/v2\/types\/post"}],"author":[{"embeddable":true,"href":"https:\/\/candname.com\/tr\/index.php?rest_route=\/wp\/v2\/users\/32"}],"replies":[{"embeddable":true,"href":"https:\/\/candname.com\/tr\/index.php?rest_route=%2Fwp%2Fv2%2Fcomments&post=22021"}],"version-history":[{"count":0,"href":"https:\/\/candname.com\/tr\/index.php?rest_route=\/wp\/v2\/posts\/22021\/revisions"}],"wp:featuredmedia":[{"embeddable":true,"href":"https:\/\/candname.com\/tr\/index.php?rest_route=\/wp\/v2\/media\/22022"}],"wp:attachment":[{"href":"https:\/\/candname.com\/tr\/index.php?rest_route=%2Fwp%2Fv2%2Fmedia&parent=22021"}],"wp:term":[{"taxonomy":"category","embeddable":true,"href":"https:\/\/candname.com\/tr\/index.php?rest_route=%2Fwp%2Fv2%2Fcategories&post=22021"},{"taxonomy":"post_tag","embeddable":true,"href":"https:\/\/candname.com\/tr\/index.php?rest_route=%2Fwp%2Fv2%2Ftags&post=22021"}],"curies":[{"name":"wp","href":"https:\/\/api.w.org\/{rel}","templated":true}]}}