{"id":22016,"date":"2021-05-07T09:08:38","date_gmt":"2021-05-07T06:08:38","guid":{"rendered":"https:\/\/candname.com\/tr\/?p=22016"},"modified":"2021-05-07T09:09:07","modified_gmt":"2021-05-07T06:09:07","slug":"selahaddin-i-eyyubi-bir-kurt-hanedanliginin-hikayesiroman","status":"publish","type":"post","link":"https:\/\/candname.com\/tr\/?p=22016","title":{"rendered":"Selahaddin-i Eyyub\u00ee Bir K\u00fcrt Hanedanl\u0131\u011f\u0131n\u0131n Hikayesi(Roman)"},"content":{"rendered":"<p>Tarih ve tarihi \u015fahsiyetler toplumlar\u0131n haf\u0131zas\u0131n\u0131 olu\u015fturdu\u011fu gibi, onlar i\u00e7in kimliksizlikten kurtar\u0131c\u0131 ve ki\u015filik bah\u015feden bir limand\u0131r ayn\u0131 zamanda. Sultan Selahaddin gibi \u0130slam aleminde, Avrupa\u2019da ve dolay\u0131s\u0131yla d\u00fcnya \u00e7ap\u0131nda faziletiyle ad\u0131ndan s\u00f6z ettiren tarihi bir ki\u015fili\u011fin, i\u00e7inden \u00e7\u0131kt\u0131\u011f\u0131 K\u00fcrt milletine de bu y\u00f6nl\u00fc bir etkisi olacakt\u0131r ku\u015fkusuz.<\/p>\n<p>K\u00fcrtler gibi neredeyse son y\u00fczy\u0131l\u0131n\u0131 tarih d\u0131\u015f\u0131na itilmi\u015f \u015fekilde ya\u015fayan bir toplum i\u00e7in b\u00f6yle de\u011ferleri i\u015flemek hayati bir zorunluluk ve bir vefa borcudur.<\/p>\n<p>Kitab\u0131n Ad\u0131 :\u00a0 Selahaddin-i Eyyub\u00ee Bir K\u00fcrt Hanedanl\u0131\u011f\u0131n\u0131n Hikayesi<\/p>\n<p>Yazar :\u00a0 \u00a0 G\u00fclistan \u00c7oban<\/p>\n<p>ISBN\u00a0\u00a0\u00a0\u00a0\u00a0 9786055053987<\/p>\n<p>T\u00fcr\u00a0 :\u00a0 \u00a0 \u00a0 Roman<\/p>\n<p>Sayfa\u00a0 :\u00a0 144<\/p>\n<p>Yay\u0131n Y\u0131l\u0131 :\u00a0 \u00a02020<\/p>\n<p>Bask\u0131 :\u00a0 \u00a02<\/p>\n<p>Yay\u0131n Evi: N\u00fbbihar<\/p>\n","protected":false},"excerpt":{"rendered":"<p>Tarih ve tarihi \u015fahsiyetler toplumlar\u0131n haf\u0131zas\u0131n\u0131 olu\u015fturdu\u011fu gibi, onlar i\u00e7in kimliksizlikten kurtar\u0131c\u0131 ve ki\u015filik bah\u015feden bir limand\u0131r ayn\u0131 zamanda. Sultan Selahaddin gibi \u0130slam aleminde, Avrupa\u2019da ve dolay\u0131s\u0131yla d\u00fcnya \u00e7ap\u0131nda faziletiyle ad\u0131ndan s\u00f6z ettiren tarihi bir ki\u015fili\u011fin, i\u00e7inden \u00e7\u0131kt\u0131\u011f\u0131 K\u00fcrt milletine de bu y\u00f6nl\u00fc bir etkisi olacakt\u0131r ku\u015fkusuz. K\u00fcrtler gibi neredeyse son y\u00fczy\u0131l\u0131n\u0131 tarih d\u0131\u015f\u0131na itilmi\u015f &hellip;<\/p>\n","protected":false},"author":32,"featured_media":22018,"comment_status":"open","ping_status":"open","sticky":false,"template":"","format":"standard","meta":{"footnotes":""},"categories":[1746],"tags":[4341,5882,1994,589,573,5722,5885,5880,5883,5884,5881,137,5877,5878,1616,2794,180,5876,5879,4743,272],"class_list":["post-22016","post","type-post","status-publish","format-standard","has-post-thumbnail","","category-kitapcilik","tag-antep","tag-ardahan","tag-batman","tag-bitlis","tag-diyarbakir","tag-elazig","tag-erzincan","tag-erzurum","tag-gulistan-coban","tag-hakkari","tag-kars","tag-kurt","tag-kurt-hanedanligi","tag-malatya","tag-manset","tag-mardin","tag-nubihar","tag-selahaddin-i-eyyubi","tag-sivas","tag-urfa","tag-van"],"_links":{"self":[{"href":"https:\/\/candname.com\/tr\/index.php?rest_route=\/wp\/v2\/posts\/22016","targetHints":{"allow":["GET"]}}],"collection":[{"href":"https:\/\/candname.com\/tr\/index.php?rest_route=\/wp\/v2\/posts"}],"about":[{"href":"https:\/\/candname.com\/tr\/index.php?rest_route=\/wp\/v2\/types\/post"}],"author":[{"embeddable":true,"href":"https:\/\/candname.com\/tr\/index.php?rest_route=\/wp\/v2\/users\/32"}],"replies":[{"embeddable":true,"href":"https:\/\/candname.com\/tr\/index.php?rest_route=%2Fwp%2Fv2%2Fcomments&post=22016"}],"version-history":[{"count":0,"href":"https:\/\/candname.com\/tr\/index.php?rest_route=\/wp\/v2\/posts\/22016\/revisions"}],"wp:featuredmedia":[{"embeddable":true,"href":"https:\/\/candname.com\/tr\/index.php?rest_route=\/wp\/v2\/media\/22018"}],"wp:attachment":[{"href":"https:\/\/candname.com\/tr\/index.php?rest_route=%2Fwp%2Fv2%2Fmedia&parent=22016"}],"wp:term":[{"taxonomy":"category","embeddable":true,"href":"https:\/\/candname.com\/tr\/index.php?rest_route=%2Fwp%2Fv2%2Fcategories&post=22016"},{"taxonomy":"post_tag","embeddable":true,"href":"https:\/\/candname.com\/tr\/index.php?rest_route=%2Fwp%2Fv2%2Ftags&post=22016"}],"curies":[{"name":"wp","href":"https:\/\/api.w.org\/{rel}","templated":true}]}}