{"id":22012,"date":"2021-05-06T22:38:00","date_gmt":"2021-05-06T19:38:00","guid":{"rendered":"https:\/\/candname.com\/tr\/?p=22012"},"modified":"2021-05-05T22:50:39","modified_gmt":"2021-05-05T19:50:39","slug":"kurtleri-bati-anadoluya-once-sultan-resad-surmus","status":"publish","type":"post","link":"https:\/\/candname.com\/tr\/?p=22012","title":{"rendered":"K\u00fcrtleri Bat\u0131 Anadolu&#8217;ya \u00f6nce Sultan Re\u015fad s\u00fcrm\u00fc\u015f"},"content":{"rendered":"<h4 class=\"spot\">ABD&#8217;nin \u00fcnl\u00fc Syracuse \u00dcniversitesi taraf\u0131ndan yay\u0131nlanan bir kitapta Birinci D\u00fcnya Sava\u015f\u0131 s\u0131ras\u0131nda Sultan Re\u015fad (Padi\u015fah V. Mehmed)&#8217;\u0131n 700 bin K\u00fcrd\u00fc bat\u0131 Anadolu illerine s\u00fcrd\u00fc\u011f\u00fc, bu ki\u015filerin \u00e7o\u011funun a\u00e7l\u0131k, so\u011fuk ve hastal\u0131k nedeniyle yeni yerlerine varmadan \u00f6nce \u00f6ld\u00fc\u011f\u00fc belirtildi.<\/h4>\n<p>K\u00fcrtlerin bat\u0131 Anadolu&#8217;ya &#8220;s\u00fcr\u00fclmesi&#8221; planlar\u0131n\u0131n Osmanl\u0131 \u0130mparatorlu\u011fu&#8217;na kadar dayand\u0131\u011f\u0131 ortaya konuldu.<\/p>\n<p>ABD&#8217;deki Syracuse \u00dcniversitesi taraf\u0131ndan 2006 y\u0131l\u0131nda yay\u0131nlanan bir kitapta, Sultan Re\u015fad (Padi\u015fah V. Mehmed)&#8217;\u0131n<strong>\u00a0&#8220;K\u00fcrtlerin n\u00fcfusun y\u00fczde 5&#8217;ini ge\u00e7meyecek \u015fekilde bat\u0131 Anadolu&#8217;nun T\u00fcrk\u00e7e konu\u015fulan vilayetlerine yerle\u015ftirilmesi&#8221;\u00a0<\/strong>plan\u0131 yapt\u0131\u011f\u0131 ancak 700 bin K\u00fcrtten \u00e7o\u011funun yeni yerle\u015fim yerlerine ula\u015famadan ya\u015famlar\u0131n\u0131 yitirdi\u011fi belirtiliyor.<\/p>\n<p>Irak&#8217;\u0131n kuzeyindeki geli\u015fmeler ve T\u00fcrkiye&#8217;de ter\u00f6r olaylar\u0131n\u0131n art\u0131\u015f\u0131, K\u00fcrt tarihi ve siyasetine ili\u015fkin kitaplar\u0131n son d\u00f6nemlerde s\u0131k\u00e7a yay\u0131nlanmas\u0131na yola\u00e7t\u0131. ABD&#8217;nin \u00fcnl\u00fc Syracuse \u00dcniversitesi taraf\u0131ndan yay\u0131nlanan, yazar Wadie Jwadieh&#8217;in &#8220;Kurdish National Movement, Its Origins and Development&#8221; (K\u00fcrt Ulusal Hareketi, K\u00f6kenleri ve Geli\u015fimi) adl\u0131 kitap da bunlardan biri oldu. 421 sayfal\u0131k kitapta Birinci D\u00fcnya Sava\u015f\u0131 ve Cumhuriyet&#8217;in ilk y\u0131llar\u0131nda Do\u011fu Anadolu&#8217;da ya\u015fanan geli\u015fmeler, uluslararas\u0131 ve yerel belgelere dayal\u0131 olarak anlat\u0131ld\u0131.<br \/>\n<strong>Padi\u015fah 700 bin K\u00fcrt&#8217;\u00fc Bat\u0131 Anadolu&#8217;ya s\u00fcrm\u00fc\u015f<\/strong><\/p>\n<p>Kitab\u0131n\u00a0<strong>&#8220;K\u00fcrtler ve Birinci D\u00fcnya Sava\u015f\u0131&#8221;<\/strong>\u00a0ba\u015fl\u0131kl\u0131 b\u00f6l\u00fcm\u00fcnde \u015fu sat\u0131rlar yer ald\u0131:<br \/>\n&#8220;Sava\u015f s\u0131ras\u0131nda K\u00fcrtlerin s\u00fcr\u00fclmesi olaylar\u0131 \u00f6nemli boyutta ya\u015fand\u0131. Rus ordular\u0131n\u0131n T\u00fcrk K\u00fcrdistan\u0131&#8217;ndaki topraklar\u0131ndan s\u00fcr\u00fclen K\u00fcrtlere m\u00fcdahalesine ek olarak, yerinden edilme olaylar\u0131n\u0131n b\u00fcy\u00fck \u00e7apta Osmanl\u0131 yetkilileri taraf\u0131ndan organize edildi\u011fi g\u00f6r\u00fcl\u00fcyor. Sultan Mehmet V (Sultan Re\u015fad) taraf\u0131ndan imzalanan bir imparatorluk ferman\u0131, K\u00fcrtlerin s\u00fcr\u00fclmeleri ve yeniden yerle\u015ftirilmeleri plan\u0131n\u0131n ana hatt\u0131n\u0131 olu\u015fturdu.<\/p>\n<p>Bu plana g\u00f6re K\u00fcrtler k\u00fc\u00e7\u00fck gruplara da\u011f\u0131t\u0131l\u0131yor ve bat\u0131 Anadolu&#8217;nun T\u00fcrk\u00e7e konu\u015fulan vilayetlerinde, say\u0131lar\u0131 toplam n\u00fcfusun y\u00fczde 5&#8217;ini a\u015fmayaca\u011f\u0131 \u00f6zel b\u00f6lgelere yerle\u015ftiriliyorlard\u0131. K\u00fcrt ileri gelenleri ve reisleri \u015fehir ve kasabalara konuluyor ve taraftarlar\u0131yla t\u00fcm ba\u011flant\u0131lar\u0131 s\u0131k\u0131 \u015fekilde yasaklan\u0131yordu. Ble\u00e7 \u015eerko&#8217;ya g\u00f6re, T\u00fcrk g\u00f6\u00e7men idaresinin kay\u0131tlar\u0131 700 bin K\u00fcrd\u00fcn evlerini b\u0131rakmaya zorland\u0131\u011f\u0131n\u0131 g\u00f6steriyor. K\u00fcrt kaynaklar\u0131 bu ki\u015filerden \u00e7o\u011funun a\u00e7l\u0131k, so\u011fuk ve hastal\u0131ktan dolay\u0131 hedeflerine ula\u015fmadan \u00f6nce \u00f6ld\u00fc\u011f\u00fcn\u00fc belirtiyor.&#8221;<br \/>\n<strong>Sultan Re\u015fad<\/strong><\/p>\n<p>Osmanl\u0131&#8217;n\u0131n son y\u0131llar\u0131nda II. Abd\u00fclhamit&#8217;in yerine tahta \u00e7\u0131kan karde\u015fi Sultan Re\u015fad imparatorlu\u011fun 35&#8217;nci padi\u015fah\u0131 oldu. Saltanat\u0131 9 y\u0131l s\u00fcren, Birinci D\u00fcnya Sava\u015f\u0131&#8217;n\u0131n t\u00fcm s\u0131k\u0131nt\u0131lar\u0131n\u0131 ya\u015fayan Sultan Re\u015fad, 1918&#8217;de do\u011fal nedenlerle vefat etti. Paragrafta s\u00f6z\u00fc edilen K\u00fcrt yazar Ble\u00e7 \u015eerko&#8217;nun ise K\u00fcrt milliyet\u00e7isi S\u00fcreyya Bedirhan&#8217;\u0131n takma ad\u0131 oldu\u011fu san\u0131l\u0131yor. \u015eerko 1930 y\u0131l\u0131nda K\u00fcrt milliyet\u00e7ili\u011fi yanl\u0131s\u0131 eseriyle tan\u0131n\u0131yor.<br \/>\n<strong>&#8220;K\u00fcrt milliyet\u00e7ili\u011finin g\u00fcc\u00fcn\u00fc ortaya koydu&#8221;<\/strong><\/p>\n<p>Kitapta Birinci D\u00fcnya Sava\u015f\u0131&#8217;nda K\u00fcrt\u00e7\u00fcl\u00fc\u011f\u00fcn durumu, uluslararas\u0131 g\u00fc\u00e7lerle ili\u015fkisine ili\u015fkin \u015fu veriler ortaya konuluyor:<br \/>\n<strong>&#8220;-Birinci D\u00fcnya Sava\u015f\u0131&#8217;n\u0131n patlak vermesi J\u00f6nt\u00fcrkler&#8217;in bask\u0131c\u0131 \u00f6nlemlerinden \u00e7ok K\u00fcrt milliyet\u00e7ili\u011finin g\u00fcc\u00fcn\u00fc ortaya koydu. T\u00fcrkiye&#8217;deki K\u00fcrt milliyet\u00e7i hareketi, daha \u00f6nce dahil oldu\u011fu, enerjisini ve kaynaklar\u0131n\u0131 a\u011f\u0131r bi\u00e7imde talep eden b\u00fcy\u00fck sava\u015f\u0131n arka plan\u0131nda s\u00f6nd\u00fc. Bununla birlikte s\u00fcrg\u00fcnde ya\u015fayan K\u00fcrt milliyet\u00e7iler grubu ba\u011f\u0131ms\u0131z bir K\u00fcrdistan i\u00e7in \u00e7al\u0131\u015fmaya devam etti. Bir b\u00f6l\u00fcm\u00fc \u0130ngiltere&#8217;ye di\u011ferleri Rusya&#8217;ya d\u00f6nd\u00fc, Osmanl\u0131 \u0130mparatorlu\u011fu ile b\u00fcy\u00fck bir sava\u015fa tutu\u015fan iki \u00fclkeye.<br \/>\n<\/strong><\/p>\n<p><strong>-Aral\u0131k 1914&#8217;te General Muhammed \u015eerif Pa\u015fa (K\u00fcrt Teavin ve Terakki Cemiyeti Kurucular\u0131ndan, Bar\u0131\u015f Konferans\u0131&#8217;nda K\u00fcrt&#8217;lerin se\u00e7ti\u011fi temsilci), Mezopotamya&#8217;ya sevkedilmi\u015f \u0130ngiliz kuvvetlerine a\u00e7\u0131k\u00e7a K\u00fcrdistan&#8217;\u0131n gelece\u011fiyle ilgili baz\u0131 teminatlar edinmek amac\u0131yla hizmet vermeyi teklif etti. Teklifi reddedildi \u00e7\u00fcnk\u00fc \u0130ngilizler o tarihte b\u00f6yle uzak bir b\u00f6lgede askeri operasyonlar\u0131 d\u00fc\u015f\u00fcnmedi. General \u015eerif Pa\u015fa, ileride g\u00f6rece\u011fimiz gibi, sava\u015f\u0131n sonunda \u0130ngilizlerle anla\u015fmalar\u0131n\u0131 yenileyecekti.<br \/>\n<\/strong><\/p>\n<p><strong>-Bedirhan ailesi \u00fcyeleri, \u00f6zellikle Abd\u00fclrezzak Bey ve Kamil Bey Bedir Han, Ruslarla yak\u0131n ve s\u0131cak ili\u015fkilerini s\u00fcrd\u00fcrd\u00fc. J\u00f6nt\u00fcrk Devrimi&#8217;nden sonra kimi zaman Paris&#8217;te bulunan Abd\u00fclrezzak Bedir Han&#8217;\u0131n, K\u00fcrdistan&#8217;daki niyetlerini Ruslara s\u00f6yledi\u011fi rapor edildi. 1916&#8217;da Kamil Bedir Han&#8217;\u0131n K\u00fcrt ulusal davas\u0131n\u0131 Tiflis&#8217;te Kafkas genel valisi ve Kafkas cephesi komutan\u0131 Grand D\u00fck Nikolas&#8217;\u0131n \u00f6n\u00fcnde aktif olarak savundu\u011fu g\u00f6r\u00fcl\u00fcyor.<br \/>\n<\/strong><\/p>\n<p><strong>-Do\u011fu Anadolu&#8217;da Rus i\u015fgali s\u0131ras\u0131nda 1917&#8217;de Kamil ve Abd\u00fclrezzak Bedir Han Erzurum ve Bitlis valisi olarak atand\u0131. Sava\u015fta d\u0131\u015f ili\u015fkiler konusunda \u00f6nde gelen isimlerden biri olan Abd\u00fclrezzak&#8217;\u0131n daha sonra Musul&#8217;da 1918&#8217;de T\u00fcrkler taraf\u0131ndan zehirlendi\u011fi rapor edildi. Ayn\u0131 ailenin di\u011fer bir \u00fcyesi K\u00fcrt ulusal hareketine dahil olan S\u00fcreya Bey, \u0130ngiliz onay\u0131 ve deste\u011fi bulundu\u011funa ku\u015fku olmayan K\u00fcrdistan gazetesini yay\u0131nland\u0131\u011f\u0131 Kahire&#8217;de \u00e7al\u0131\u015ft\u0131.<br \/>\n<\/strong><\/p>\n<p><strong>-Sava\u015ftan bir s\u00fcre \u00f6nce \u015eeyh Seyid Taha, Ruslarla resmi ili\u015fkilere girdi. Bir s\u00fcre sonra Rus korumas\u0131 alt\u0131nda, T\u00fcrk-\u0130ran s\u0131n\u0131r\u0131 kar\u015f\u0131s\u0131ndaki Rajan kasabas\u0131na yerle\u015fti. Resmi \u0130ngiliz raporlar\u0131na g\u00f6re \u015eeyh Seyid Taha sadece Rus konsolosluk g\u00f6revlilerinin dostu de\u011fildi, &#8216;ayn\u0131 zamanda Rusya himayesi alt\u0131nda s\u00f6zde ba\u011f\u0131ms\u0131z K\u00fcrdistan&#8217;\u0131n kuklas\u0131 olarak kullan\u0131labilece\u011fi fikrine sahipti.&#8217; Sava\u015f s\u0131ras\u0131nda hem T\u00fcrkler hem de Ruslar taraf\u0131ndan hapsedildi, \u00e7\u00fcnk\u00fc Almanlarla da iyi ili\u015fkiler s\u00fcrd\u00fcr\u00fcyordu. Ruslar T\u00fcrk-\u0130ran s\u0131n\u0131r\u0131n\u0131 ge\u00e7tiklerinde sadakatinden \u015f\u00fcphelenip 1916&#8217;da evini tahrip etti. (\u00c7arl\u0131k Rusyas\u0131 Urumiye B\u00fcy\u00fckel\u00e7isi, do\u011fubilimci yazar Basil) Nikitin bize 1917 sonunda K\u00fcrdistan \u0130stiklal cemiyetinden Seyid Taha imzal\u0131 bir mektuptan bahsediyor. Seyid Taha bu mektupta Nikitin&#8217;den, kendisiyle Rus komutanlar aras\u0131nda K\u00fcrdistan&#8217;\u0131 \u00f6zg\u00fcrle\u015ftirme amac\u0131yla T\u00fcrklere kar\u015f\u0131 ortak harek\u00e2t i\u00e7in plan haz\u0131rlamak i\u00e7in toplant\u0131 ayarlamas\u0131n\u0131 istiyordu.<br \/>\n<\/strong><\/p>\n<p><strong>-1918 Haziran\u0131nda sava\u015f\u0131n sonu hala belli de\u011filken \u015eerif Pa\u015fa (K\u00fcrt Teavin ve Terakki Cemiyeti Kurucular\u0131ndan, Bar\u0131\u015f Konferans\u0131&#8217;nda K\u00fcrt&#8217;lerin se\u00e7ti\u011fi temsilci), Mezopotamya&#8217;daki \u0130ngiliz kuvvetlerinin siyasi memuru Sir Percy Cox ile ba\u011flant\u0131 kurdu ve \u0130ngilizlerin K\u00fcrtlerle ilgili cesur ve yarat\u0131c\u0131 politikalar\u0131 kabul etmesini istedi. Kabul edilirse bu \u00f6neriler \u0130ngilizler ve K\u00fcrtler aras\u0131nda e\u015fsiz bir dayan\u0131\u015fma ili\u015fkisine zemin olu\u015fturabilirdi. 1936 y\u0131l\u0131nda Sir Arnold Wilson, \u015eerif Pa\u015fa&#8217;n\u0131n tavsiyelerini ak\u0131ll\u0131ca bir manda sistemi beklentisi olarak tan\u0131mlad\u0131.<br \/>\n<\/strong><\/p>\n<p><strong>-\u015eerif Pa\u015fa Cox&#8217;u \u0130ngilizlerin K\u00fcrt emelleriyle ilgili yap\u0131c\u0131 siyasetlerini g\u00fc\u00e7l\u00fc \u015fekilde, ilan ederek K\u00fcrtleri canland\u0131rma y\u00f6n\u00fcnde acil ad\u0131mlar atmalar\u0131 gerekti\u011fi konusunda uyard\u0131. Pa\u015fa bu hedefe ula\u015fmak i\u00e7in, K\u00fcrtlerin gelece\u011fine ili\u015fkin \u0130ngiliz m\u00fcdahalesinin resmen deklare edilmesinin son b\u00fcy\u00fck \u00f6nem ta\u015f\u0131d\u0131\u011f\u0131na i\u015faret etti. Pa\u015fa \u0130ngiltere&#8217;nin g\u00fcney K\u00fcrtlerine \u0130ngiliz himayesi alt\u0131nda \u00f6zerklik vermesini, \u0130ngiliz yetkililerin \u00fclkenin finansman\u0131n\u0131 kontrol etmek d\u00e2hil y\u00f6netiminde yard\u0131mc\u0131 olmas\u0131n\u0131 \u00f6nerdi. \u015eerif Pa\u015fa \u0130ngilizlerin sava\u015f boyunca ilan ettikleri \u015fekilde ilhaka kar\u015f\u0131 \u00e7\u0131kt\u0131 ve K\u00fcrdistan&#8217;da, Mezopotamya&#8217;da ve ba\u015fka yerlerde \u0130ngiliz korumas\u0131nda birlikler kurulmas\u0131n\u0131 savundu. K\u00fcrt lider hem Mezopotamya hem de K\u00fcrdistan&#8217;da i\u015fgal edilmi\u015f b\u00f6lgelerde i\u015fleyen bir y\u00f6netimin \u00f6nemini vurgulad\u0131 ve b\u00f6ylece yakla\u015fan Bar\u0131\u015f Konferans\u0131&#8217;nda yap\u0131labilecek bir emrivakiyi vurgulad\u0131. Ona g\u00f6re olaylar\u0131 Bar\u0131\u015f Konferans\u0131 gibi toplant\u0131lara kadar kendi haline b\u0131rakmak, i\u015fgal edilmi\u015f b\u00f6lgelere belirsizlik ve karga\u015fa getirece\u011fi i\u00e7in s\u0131rf siyasi \u00e7\u0131lg\u0131nl\u0131k olurdu. \u015eerif Pa\u015fa \u0130ngilizleri, Araplar i\u00e7in Mezopotamya&#8217;da ne ama\u00e7lan\u0131yorsa, benzerini K\u00fcrtlere \u00f6nerme \u00e7a\u011fr\u0131s\u0131nda bulundu.<br \/>\n<\/strong><\/p>\n<p><strong>-1918 Ekimi&#8217;nde \u015eerif Pa\u015fa \u0130ngiliz otoritelerine, T\u00fcrklerin K\u00fcrtlerle Ermeniler aras\u0131ndaki d\u00fc\u015fmanl\u0131\u011f\u0131 beslemede ba\u015far\u0131l\u0131 olmalar\u0131 sonucunda siyasi durumun k\u00f6t\u00fcle\u015fti\u011fini yazd\u0131. Ona g\u00f6re ba\u015fl\u0131ca g\u00f6rev, her iki ulusun yasal taleplerinin kar\u015f\u0131l\u0131kl\u0131 tan\u0131nmas\u0131 temelinde iki halk aras\u0131ndaki uzla\u015fmay\u0131 sa\u011flamakt\u0131. Bu ama\u00e7la Londra&#8217;da K\u00fcrt ve Ermeni temsilcilerinin kat\u0131laca\u011f\u0131 bir komitenin acilen olu\u015fturulmas\u0131n\u0131 tavsiye etti. B\u00f6yle bir komite asla olu\u015fturulmamas\u0131na kar\u015f\u0131n \u015eerif Pa\u015fa bunu, kendi kendine Bar\u0131\u015f Konferans\u0131&#8217;ndaki Ermeni liderlerle ger\u00e7ekle\u015ftirdi.&#8221;<br \/>\n<\/strong><br \/>\n<strong>&#8220;K\u00fcrt hareketi i\u00e7in destek kaynaklar\u0131&#8221;<br \/>\n<\/strong><br \/>\n&#8220;K\u00fcrt Ulusal Hareketi, K\u00f6kenleri ve Geli\u015fimi&#8221; kitab\u0131n\u0131n bir ba\u015fka b\u00f6l\u00fcm\u00fcnde, K\u00fcrtlerin, Birinci D\u00fcnya Sava\u015f\u0131 sonras\u0131na, yani T\u00fcrkiye Cumhuriyeti&#8217;nin kurulu\u015funa giden y\u0131llardaki durumlar\u0131 incelendi. Kitaptaki &#8220;T\u00fcrkiye&#8217;de Durum&#8221; ba\u015fl\u0131\u011f\u0131n\u0131n &#8220;K\u00fcrt Hareketi \u0130\u00e7in Deste\u011fin Kaynaklar\u0131&#8221; b\u00f6l\u00fcm\u00fcnde \u015f\u00f6yle yaz\u0131ld\u0131:<br \/>\n&#8220;(T\u00fcrkiye&#8217;de) K\u00fcrt Hareketi \u0130\u00e7in Deste\u011fin Kaynaklar\u0131:<br \/>\nK\u00fcrt hareketi g\u00fcc\u00fcn\u00fc ve ilham\u0131n\u0131 iki farkl\u0131 kaynaktan ald\u0131. Bunlar\u0131n ilki dini duyarl\u0131l\u0131k ve pan-\u0130slami unsurlarca desteklenen T\u00fcrk yanl\u0131s\u0131 ve pan-\u0130slami y\u00f6n. Bunlar T\u00fcrk yetkililerle yak\u0131n i\u015fbirli\u011fine gitti ve aktif olarak \u0130ngiliz kar\u015f\u0131t\u0131yd\u0131. Di\u011fer kaynak ise ne T\u00fcrk yanl\u0131s\u0131 ne de dini d\u00fc\u015f\u00fcncelerle hareket etmiyordu. Onlar tamamen K\u00fcrtlerin ba\u011f\u0131ms\u0131zl\u0131\u011f\u0131 pe\u015findeydi ve pan-K\u00fcrt milliyet\u00e7ilerce destekleniyordu. \u0130ki grup nihai amaca ili\u015fkin aralar\u0131nda var olan temel ayr\u0131l\u0131klara kar\u015f\u0131n bu farkl\u0131l\u0131klar\u0131 g\u00f6zard\u0131 etti ve arada bir gedik a\u00e7\u0131lmas\u0131ndan dikkatle ka\u00e7\u0131nd\u0131.<br \/>\n<strong>&#8220;\u0130slamc\u0131 K\u00fcrtler Ermenilere kar\u015f\u0131 olduklar\u0131 i\u00e7in ba\u011f\u0131ms\u0131z K\u00fcrdistan fikrine yakla\u015ft\u0131&#8221;<\/strong><\/p>\n<p>Pan-\u0130slami taraf de\u011fi\u015fmez \u015fekilde bir Ermeni devleti fikrine kar\u015f\u0131yd\u0131, taraftarlar\u0131na g\u00f6re b\u00f6yle bir devletin olu\u015fmas\u0131 T\u00fcrkiye topraklar\u0131n\u0131n bir daha telafi edilemez \u015fekilde kaybedilmesi ve \u015fiddetli bir d\u00fc\u015fman kom\u015funun yarat\u0131lmas\u0131yla sonu\u00e7lan\u0131rd\u0131. Bu kesim b\u00fcy\u00fck bir halk muhalefetiyle s\u00f6z konusu projenin bo\u015fa \u00e7\u0131kar\u0131lmas\u0131 sonucuna ula\u015fmak i\u00e7in hi\u00e7bir \u00e7abay\u0131 esirgemedi.<\/p>\n<p>Ermeni devletini engellemeye y\u00f6nelik birincil ama\u00e7 ba\u015far\u0131s\u0131zl\u0131\u011fa mahk\u00fbm gibi g\u00f6r\u00fcnd\u00fc\u011f\u00fcnde, bunlar\u0131n taraftarlar\u0131 iki musibetten az zararl\u0131s\u0131 olan ba\u011f\u0131ms\u0131z K\u00fcrt devleti fikrine tam destek vermekten \u00e7ekinmedi. Ba\u011f\u0131ms\u0131z bir K\u00fcrt devleti sadece yeni do\u011fan Ermenistan&#8217;a kar\u015f\u0131 bir de\u011fer ortaya koymayabilir, ayn\u0131 zamanda onun olu\u015fumunu da \u00f6nleyebilirdi. Ayr\u0131ca ba\u011f\u0131ms\u0131z bir K\u00fcrdistan&#8217;\u0131n ileri bir tarihte T\u00fcrkiye ile yeniden birle\u015fmesi i\u00e7in ge\u00e7ici birka\u00e7 d\u00fczenleme yapmaktan ba\u015fka bir \u015feye ihtiya\u00e7 olmayacak.<br \/>\n<strong><br \/>\n<\/strong><\/p>\n<p><strong>&#8220;Baz\u0131 Pan-K\u00fcrt milliyet\u00e7i liderler Ermenilerle ortak cephe aray\u0131\u015f\u0131ndayd\u0131&#8221;<\/strong><\/p>\n<p>Pan-K\u00fcrt milliyet\u00e7ileri ise pan-\u0130slami unsurlar gibi Ermenistan&#8217;\u0131n ba\u011f\u0131ms\u0131zl\u0131\u011f\u0131na kar\u015f\u0131 de\u011fillerdi. \u00c7o\u011fu, K\u00fcrt emellerinin de ayn\u0131 kabulle kar\u015f\u0131la\u015fmas\u0131 ko\u015fuluyla, Ermeni emellerini tan\u0131maya haz\u0131rd\u0131. Ger\u00e7ekte pan-K\u00fcrt milliyet\u00e7ilerin liderlerinden baz\u0131lar\u0131 daha sonra g\u00f6rece\u011fimiz gibi, Ermenilerle ortak bir cephe olu\u015fturma aray\u0131\u015f\u0131ndayd\u0131.<\/p>\n<p><strong>Cumhuriyet.com<\/strong><\/p>\n","protected":false},"excerpt":{"rendered":"<p>ABD&#8217;nin \u00fcnl\u00fc Syracuse \u00dcniversitesi taraf\u0131ndan yay\u0131nlanan bir kitapta Birinci D\u00fcnya Sava\u015f\u0131 s\u0131ras\u0131nda Sultan Re\u015fad (Padi\u015fah V. Mehmed)&#8217;\u0131n 700 bin K\u00fcrd\u00fc bat\u0131 Anadolu illerine s\u00fcrd\u00fc\u011f\u00fc, bu ki\u015filerin \u00e7o\u011funun a\u00e7l\u0131k, so\u011fuk ve hastal\u0131k nedeniyle yeni yerlerine varmadan \u00f6nce \u00f6ld\u00fc\u011f\u00fc belirtildi. K\u00fcrtlerin bat\u0131 Anadolu&#8217;ya &#8220;s\u00fcr\u00fclmesi&#8221; planlar\u0131n\u0131n Osmanl\u0131 \u0130mparatorlu\u011fu&#8217;na kadar dayand\u0131\u011f\u0131 ortaya konuldu. ABD&#8217;deki Syracuse \u00dcniversitesi taraf\u0131ndan 2006 y\u0131l\u0131nda &hellip;<\/p>\n","protected":false},"author":32,"featured_media":22013,"comment_status":"open","ping_status":"open","sticky":false,"template":"","format":"standard","meta":{"footnotes":""},"categories":[5371],"tags":[117,1616],"class_list":["post-22012","post","type-post","status-publish","format-standard","has-post-thumbnail","","category-alinti-yazilar","tag-kurtler","tag-manset"],"_links":{"self":[{"href":"https:\/\/candname.com\/tr\/index.php?rest_route=\/wp\/v2\/posts\/22012","targetHints":{"allow":["GET"]}}],"collection":[{"href":"https:\/\/candname.com\/tr\/index.php?rest_route=\/wp\/v2\/posts"}],"about":[{"href":"https:\/\/candname.com\/tr\/index.php?rest_route=\/wp\/v2\/types\/post"}],"author":[{"embeddable":true,"href":"https:\/\/candname.com\/tr\/index.php?rest_route=\/wp\/v2\/users\/32"}],"replies":[{"embeddable":true,"href":"https:\/\/candname.com\/tr\/index.php?rest_route=%2Fwp%2Fv2%2Fcomments&post=22012"}],"version-history":[{"count":0,"href":"https:\/\/candname.com\/tr\/index.php?rest_route=\/wp\/v2\/posts\/22012\/revisions"}],"wp:featuredmedia":[{"embeddable":true,"href":"https:\/\/candname.com\/tr\/index.php?rest_route=\/wp\/v2\/media\/22013"}],"wp:attachment":[{"href":"https:\/\/candname.com\/tr\/index.php?rest_route=%2Fwp%2Fv2%2Fmedia&parent=22012"}],"wp:term":[{"taxonomy":"category","embeddable":true,"href":"https:\/\/candname.com\/tr\/index.php?rest_route=%2Fwp%2Fv2%2Fcategories&post=22012"},{"taxonomy":"post_tag","embeddable":true,"href":"https:\/\/candname.com\/tr\/index.php?rest_route=%2Fwp%2Fv2%2Ftags&post=22012"}],"curies":[{"name":"wp","href":"https:\/\/api.w.org\/{rel}","templated":true}]}}