{"id":22009,"date":"2021-05-05T22:35:13","date_gmt":"2021-05-05T19:35:13","guid":{"rendered":"https:\/\/candname.com\/tr\/?p=22009"},"modified":"2021-05-05T22:35:13","modified_gmt":"2021-05-05T19:35:13","slug":"prof-dr-taner-akcamin-ilk-gece-hakki-iddialarina-doc-dr-ekrem-onenden-yanit","status":"publish","type":"post","link":"https:\/\/candname.com\/tr\/?p=22009","title":{"rendered":"Prof. Dr.Taner Ak\u00e7am&#8217;\u0131n \u201cilk gece hakk\u0131\u201d iddialar\u0131na Do\u00e7.Dr. Ekrem \u00d6nen&#8217;den yan\u0131t:"},"content":{"rendered":"<h5 class=\"jeg_post_title\">Rusya ar\u015fivlerinde uzun s\u00fcre ara\u015ft\u0131rma yapan Do\u00e7.Dr. Ekrem \u00d6nen Taner Ak\u00e7am\u2019\u0131n \u201cilk gece hakk\u0131\u201d iddialar\u0131n\u0131 de\u011ferlendirdi<\/h5>\n<p>Osmanl\u0131 \u0130mparatorlu\u011fu d\u00f6neminde 1915 Ermeni olaylar\u0131 tart\u0131\u015fmalar\u0131 ABD Ba\u015fkan\u0131 Biden\u2019\u0131n olaylar\u0131n y\u0131ld\u00f6n\u00fcm\u00fcnde \u201csoyk\u0131r\u0131m\u201d tan\u0131mlamas\u0131 ile yeni bir boyut kazan\u0131rken, 1915 olaylar\u0131nda K\u00fcrtleri su\u00e7layan tart\u0131\u015fmalar da yeniden g\u00fcndeme geldi.<\/p>\n<p>\u015eu son g\u00fcnlerde Prof. Dr. Taner Ak\u00e7am\u2019\u0131n, \u201cFeodal K\u00fcrt b\u00f6lgelerinde K\u00fcrt a\u011falar\u0131, evlenen Ermenilerin ilk gece hakk\u0131na sahiplerdi\u201d ifadesi K\u00fcrt kamuoyunda b\u00fcy\u00fck tepkiyle kar\u015f\u0131land\u0131. Ak\u00e7am gelen tepkiler \u00fczerine s\u00f6zlerine kaynak olarak Mihail\u00a0 Semenovi\u00e7 Lazerev\u2019in \u2018K\u00fcrdistan ve K\u00fcrt Sorunu\u2019 isimli kitaba dayand\u0131rd\u0131.<\/p>\n<p>Ancak, bir\u00e7ok K\u00fcrt tarih\u00e7i Lazerev\u2019in \u2018K\u00fcrdistan ve K\u00fcrt Sorunu\u2019 isimli kitab\u0131nda b\u00f6yle bir ifadenin olmad\u0131\u011f\u0131 g\u00f6r\u00fc\u015f\u00fcnde. Taner Ak\u00e7am\u2019\u0131n bu tespitine kar\u015f\u0131 tepki g\u00f6steren bir grup tarih\u00e7i, yazar ve aktivist bir bildiri yay\u0131mlayarak K\u00fcrt ve Ermeni toplumunda bu t\u00fcr geleneklerin olmad\u0131\u011f\u0131n\u0131 dile getirdi.<\/p>\n<p>Rusya ar\u015fivlerinde uzun s\u00fcre ara\u015ft\u0131rma yapan ve Lazerev ile uzun s\u00fcre dostlu\u011fu bulunan Do\u00e7.Dr. Ekrem \u00d6nen de \u2018K\u00fcrdistan ve K\u00fcrt Sorunu\u2019 isimli kitab\u0131nda b\u00f6yle bir ifadenin olmad\u0131\u011f\u0131n\u0131 s\u00f6yleyenler aras\u0131nda.<\/p>\n<p>Do\u00e7. Dr. Ekrem \u201cLazerev benim \u00e7ok yak\u0131n dostumdu.\u00a0 Allah rahmet eylesin. Ayn\u0131 zamanda benim doktora tezimin oponetiydi. Kitab\u0131nda Prof. Dr. Ak\u00e7am\u2019\u0131n \u2018ilk gece hakk\u0131\u2019 \u015feklindeki bir ifade yer almamaktad\u0131r\u201d diyor.<\/p>\n<p>\u201cLazerev ya\u015farken de milliyet\u00e7i Ermeni akademisyenler ile hep kavgal\u0131yd\u0131\u201d diyen Do\u00e7. Dr. \u00d6nen, Ermeni milliyet\u00e7ilerin Lazerev\u2019i s\u00fcrekli hedef ald\u0131\u011f\u0131n\u0131 ve Kuzey K\u00fcrdistan tan\u0131m\u0131na bile tahamm\u00fcl g\u00f6stermediklerini \u015f\u00f6yle \u00f6rneklendiriyor: \u201cErmeniler Lazerev\u2019in \u201dBat\u0131 Ermenistan\u201d yerine \u201cKuzey Kurdistan\u201d tan\u0131m\u0131n\u0131 kulland\u0131\u011f\u0131 i\u00e7in tepki g\u00f6steriyorlard\u0131. Hatta, Ermeni Bilim Akademisi\u2019nde g\u00f6revli K\u00fcrt akademisyen Prof. Dr. \u015eakiro Hudoyevic\u2019in doktora tezinde \u201cKuzey Kurdistan\u201d ifadesi yer ald\u0131\u011f\u0131 i\u00e7in 5 y\u0131l doktora savunma tezine m\u00fcsaade etmediler. En sonunda \u015eakiro Hudiyevic Moskova\u2019da Lazerev\u2019in ba\u015fkanl\u0131\u011f\u0131ndaki Bilim Kurulu\u2019nda tezini savundu.\u201d<\/p>\n<p>Ayr\u0131ca, daha \u00f6nce de, T\u00fcrk\u00e7e\u2019ye \u00e7evirilen bir \u00e7ok kitapta tahrifat oldu\u011funa dikkat \u00e7eken Do\u00e7. Dr. \u00d6nen, \u201cBen daha \u00f6nce de yazm\u0131\u015ft\u0131m. T\u00fcrk\u00e7e\u2019ye \u00e7evirilen belge ve kitaplara dikkat edilmelidir. Bir\u00e7ok kitap ve belge revize ediliyor. Daha \u00f6nce Dostoyevski\u2019nin Bratya Karamazov \u201cKaramazov Karde\u015fler\u201d adl\u0131 kitab\u0131n\u0131n ilk bask\u0131s\u0131nda Osmanl\u0131lar\u0131n Balkan halk\u0131na kar\u015f\u0131 uygulad\u0131\u011f\u0131 bask\u0131 politikalar\u0131n\u0131 anlatan t\u00fcm b\u00f6l\u00fcmler \u00e7\u0131kar\u0131larak kitap bas\u0131lm\u0131\u015ft\u0131. \u00dcstelik \u00e7evirileri yeniden g\u00f6zden ge\u00e7irme iddias\u0131ndaki \u2018anl\u0131 \u015fanl\u0131 ayd\u0131n\u2019 ve yay\u0131n evileri de bu tahrifat\u0131 yapmadan imtina etmedi.<\/p>\n<p>Ben Lazerev\u2019in kitab\u0131n\u0131n Rus\u00e7a orjinalini okuyan biri olarak diyorum ki, o kitapta Ak\u00e7am\u2019\u0131n bahsetti\u011fi iddialar kesinlikle yok. T\u00fcrk\u00e7e \u00e7evirisini okumad\u0131m. Lazerev\u2019in T\u00fcrk\u00e7e\u2019ye \u00e7evirilen kitab\u0131nda Dostoyevski\u2019nin kitab\u0131nda oldu\u011fu gibi revize edilerek bas\u0131m\u0131 yap\u0131lm\u0131\u015f olabilir. Ancak dedi\u011fim gibi kitab\u0131n Rus\u00e7a orjinalinde kesinlikle b\u00f6yle bir ifade bulunmuyor.<\/p>\n<p>K\u00fcrtler ve Ermenilerin Ortado\u011fu\u2019nun kom\u015fu kadim iki milleti oldu\u011funu, baz\u0131 m\u00fcnferit olaylar d\u0131\u015f\u0131nda tarih boyunca bar\u0131\u015f i\u00e7erisinde ya\u015fad\u0131\u011f\u0131n\u0131 belirten \u00d6nen, \u201cHer iki milletin tarihi birbirine \u00e7ok benzemektedir. \u00d6zellikle s\u00f6m\u00fcrge ve ulusal kurtulu\u015f tarihleri benzerdir\u201d diyor.<\/p>\n<p>Do\u00e7. Dr. Ekrem \u00d6nen K\u00fcrt ve Ermeni sorunun esasta toprak sorunu oldu\u011funa dikkat \u00e7ekerek, \u201cRus ar\u015fivlerinde, Kuzey K\u00fcrdistan\u2019da Ermeni n\u00fcfusunun %18\u2019i ge\u00e7medi\u011fine dair belgeler olmas\u0131na ra\u011fmen baz\u0131 Ermeni akademisyenler, Kuzey K\u00fcrdistan\u2019\u0131n %80\u2019ini \u201cBat\u0131 Ermenistan\u201d olarak tan\u0131mlamaktalar. Esas mesele toprak meselesidir, gerisi bu meselenin \u00f6rtbas edilmesi i\u00e7in uydurulmu\u015f bilin\u00e7li tarihin \u00e7arp\u0131t\u0131lmas\u0131d\u0131r\u201d tespitinde bulunuyor.<\/p>\n<p>Ermenilerin katledilmesinde K\u00fcrtlerin parma\u011f\u0131 oldu\u011funu iddia edenlerin pek masum olmad\u0131\u011f\u0131na dikkat \u00e7eken \u00d6nen\u2019e g\u00f6re; \u201cErmenilerin katledilmesinde \u201cK\u00fcrtlerin parma\u011f\u0131 var\u201d iddias\u0131n\u0131 daha \u00e7ok T\u00fcrkiye ve \u0130ran\u2019daki Ermeniler dillendirmektedir. Bu \u00fclkelerdeki Ermeni ayd\u0131nlar\u0131n\u0131n bunu dillendirmesi ak\u0131llara T\u00fcrkiye ve \u0130ran\u2019\u0131n katliamdaki rol\u00fc gizlenmek mi isteniyor? \u015f\u00fcphelerini g\u00fc\u00e7lendiriyor. \u00c7\u00fcnk\u00fc Ermenistan h\u00fck\u00fcmeti resmi olarak Ermeni katliam\u0131nda T\u00fcrkleri su\u00e7lamaktad\u0131r\u201d \u015feklinde yorumluyor.<\/p>\n<p>\u201cK\u00fcrt siyasi iradesi ile \u2018Muhammed \u00fcmmeti\u201d ad\u0131 alt\u0131nda Osmanl\u0131 ordusu ile birlikte Hristiyan toplumlara kar\u015f\u0131 sava\u015fan K\u00fcrtler birbirinden ayr\u0131\u015ft\u0131r\u0131l\u0131rsa resmi daha net g\u00f6rebiliriz\u201d diyen \u00d6nen \u015funlar\u0131 dile getiriyor:<\/p>\n<p>\u201cKemalistler T\u00fcrk devletinin yapt\u0131\u011f\u0131 katliam\u0131, planl\u0131 bir \u015fekilde K\u00fcrtlere y\u0131kmaya \u00e7al\u0131\u015fmakta.\u00a0Bana g\u00f6re bu sorun 3 ba\u015fl\u0131k alt\u0131nda incelenirse daha net bir sonuca var\u0131labilinir.<\/p>\n<p>Birincisi; Ermeni katliam\u0131na K\u00fcrtlerin \u00e7o\u011funlu\u011fu kat\u0131lmam\u0131\u015ft\u0131r. Her ne kadar baz\u0131 a\u015firetler \u201cMuhammed \u00fcmmeti\u201d ad\u0131 alt\u0131nda Osmanl\u0131 ordusu saflar\u0131na Ermeni katliam\u0131na kat\u0131lm\u0131\u015f olsalar da K\u00fcrt siyasi iradesi bu katliama kar\u015f\u0131 \u00e7\u0131km\u0131\u015ft\u0131r. K\u00fcrtlere ili\u015fkin tarihi belgelerde bu \u00e7ok net bir \u015fekilde yer almaktad\u0131r.<\/p>\n<p>Ancak maalesef K\u00fcrtler ve Ermeniler aras\u0131ndaki ili\u015fkileri inceleyenler bir\u00e7ok kez bilin\u00e7li ya da duygusal bir yakla\u015f\u0131mla K\u00fcrt siyasi iradesinin tavr\u0131n\u0131 g\u00f6z ard\u0131 ediyor veya g\u00f6rmezlikten geliyorlar.<\/p>\n<p>O d\u00f6nemki K\u00fcrt siyasi iradesi, Ermenilere kar\u015f\u0131 zul\u00fcm ve katliama, Osmanl\u0131 saflar\u0131nda Ermenilere kar\u015f\u0131 sava\u015fan a\u015firetlere kar\u015f\u0131 \u00e7\u0131kt\u0131lar. Osmanl\u0131 sultanlar\u0131n\u0131n K\u00fcrtler ile Ermenileri kar\u015f\u0131 kar\u015f\u0131ya getirmekle su\u00e7lad\u0131lar. K\u00fcrt ar\u015fivlerinde bunlar mevcuttur.<\/p>\n<p>\u0130kincisi ise; \u2018Muhammed \u00fcmmeti\u201d ad\u0131 alt\u0131nda Osmanl\u0131 saflar\u0131nda sava\u015fan K\u00fcrt a\u015firetlerinden yola \u00e7\u0131k\u0131larak t\u00fcm K\u00fcrtler su\u00e7lanamaz! Bu a\u015firetler \u00fcmmet\u00e7ilik ad\u0131 alt\u0131nda sadece Ermenilere kar\u015f\u0131 de\u011fil, Ezdi, Zaza, Alevi K\u00fcrtlere kar\u015f\u0131 y\u00fcr\u00fct\u00fclen katliamlara da ortak olduklar\u0131n\u0131 unutmayal\u0131m. \u00dcstelik baz\u0131 Ermeni gruplar\u0131 bu a\u015firetler y\u00fcz\u00fcnden K\u00fcrt k\u00f6ylerine sald\u0131rm\u0131\u015flard\u0131r.<\/p>\n<p>\u015e\u00fcphesiz Ermeni ve K\u00fcrtler aras\u0131nda dini farkl\u0131l\u0131ktan kaynakl\u0131 kar\u015f\u0131l\u0131kl\u0131 istenmeyen olaylar ya\u015fanm\u0131\u015ft\u0131r. Ancak bu olaylardan yola \u00e7\u0131karak, birbirini katliam yapmakla su\u00e7lamak bilimsel bir yakla\u015f\u0131m olmaz.<\/p>\n<p>\u00dc\u00e7\u00fcnc\u00fcs\u00fc; bu t\u00fcr su\u00e7lamalar bilin\u00e7li veya bilin\u00e7sizce T\u00fcrk devletinin katliamda kendi rol\u00fcn\u00fc \u00f6rtmek i\u00e7in K\u00fcrtlere y\u0131kma politikas\u0131na hizmet etmektedir.Be\u011fenelim veya be\u011fenmeyelim, K\u00fcrtler ve Ermeniler iki kom\u015fu millettir, her iki taraftan da iki milleti kar\u015f\u0131 kar\u015f\u0131ya getirmektense, birbirine yak\u0131nla\u015ft\u0131racak noktalara yo\u011funla\u015f\u0131lmal\u0131d\u0131r.\u201d<\/p>\n<p>\u201cOrtak yanlar\u0131 \u00f6ne \u00e7\u0131kar\u0131rsak ne \u0130ran ne de T\u00fcrkler, K\u00fcrtler ve Ermenileri birbirine kar\u015f\u0131 k\u0131\u015fk\u0131rtamaz. Ancak maalesef bug\u00fcn Ermeniler i\u00e7erisindeki baz\u0131 akademisyenler \u201cK\u00fcrtfobi\u201dyi k\u00f6r\u00fcklemektedir\u201d diyen Do\u00e7. Dr \u00d6nen s\u00f6zlerini \u015f\u00f6yle tamaml\u0131yor: \u201cBu \u00e7er\u00e7evede Prof. Dr.Taner Ak\u00e7am neden\u00a0 bu d\u00f6nemde bu t\u00fcr iddialarda bulunuyor? Ben daha \u00f6nce de bir\u00e7ok kez yazm\u0131\u015ft\u0131m. Ermeni ve K\u00fcrt milletini birbirine d\u00fc\u015fmanla\u015ft\u0131rmak isteyenler, daha \u00e7ok diasporadaki Ermenileridir.<\/p>\n<p>\u00d6zelikle \u0130ran, T\u00fcrkiye, ABD, L\u00fcbnan ve Fransa\u2019da ya\u015fayan Ermenilerdir. Bunlar kendi fantazileriyle Ermenistan\u2019da ya\u015fayan Ermenilerin de ba\u015f\u0131n\u0131 bela olacak a\u00e7\u0131klamarda bulunmaktalar. Bu kesimlerin\u00a0 arkas\u0131nda T\u00fcrk Kemalistleri ve \u0130ran milliyet\u00e7ilerinin oldu\u011fu a\u015fik\u00e2rd\u0131r.<\/p>\n<p>Son d\u00f6nemlerde yap\u0131lanlar\u0131n\u00a0 iki amac\u0131\u00a0 var: Bir;\u00a0 K\u00fcrtleri Ermeni katliam\u0131na ortak etmek.<\/p>\n<p>\u0130ki;\u00a0 Kuzey K\u00fcrdistan\u2019\u0131\u00a0 \u201cBat\u0131 Ermenistan\u201d olarak\u00a0 g\u00f6stermek. Beni inciten ne yaz\u0131k ki, Taner Ak\u00e7am\u2019\u0131n\u00a0 t\u00fcm bunlar\u0131 bilim ad\u0131na yapmas\u0131d\u0131r.\u201d<\/p>\n<p><strong>darkamazi.com<\/strong><\/p>\n","protected":false},"excerpt":{"rendered":"<p>Rusya ar\u015fivlerinde uzun s\u00fcre ara\u015ft\u0131rma yapan Do\u00e7.Dr. Ekrem \u00d6nen Taner Ak\u00e7am\u2019\u0131n \u201cilk gece hakk\u0131\u201d iddialar\u0131n\u0131 de\u011ferlendirdi Osmanl\u0131 \u0130mparatorlu\u011fu d\u00f6neminde 1915 Ermeni olaylar\u0131 tart\u0131\u015fmalar\u0131 ABD Ba\u015fkan\u0131 Biden\u2019\u0131n olaylar\u0131n y\u0131ld\u00f6n\u00fcm\u00fcnde \u201csoyk\u0131r\u0131m\u201d tan\u0131mlamas\u0131 ile yeni bir boyut kazan\u0131rken, 1915 olaylar\u0131nda K\u00fcrtleri su\u00e7layan tart\u0131\u015fmalar da yeniden g\u00fcndeme geldi. \u015eu son g\u00fcnlerde Prof. Dr. Taner Ak\u00e7am\u2019\u0131n, \u201cFeodal K\u00fcrt b\u00f6lgelerinde K\u00fcrt &hellip;<\/p>\n","protected":false},"author":32,"featured_media":22010,"comment_status":"open","ping_status":"open","sticky":false,"template":"","format":"standard","meta":{"footnotes":""},"categories":[1084],"tags":[5874,5546,5871,5873,117,5875,1616,5872],"class_list":["post-22009","post","type-post","status-publish","format-standard","has-post-thumbnail","","category-arastirma","tag-bati-ermenistan","tag-ermeni","tag-ilk-gece-hakki","tag-kurt-agalari","tag-kurtler","tag-kuzey-kurdistan","tag-manset","tag-soykirim"],"_links":{"self":[{"href":"https:\/\/candname.com\/tr\/index.php?rest_route=\/wp\/v2\/posts\/22009","targetHints":{"allow":["GET"]}}],"collection":[{"href":"https:\/\/candname.com\/tr\/index.php?rest_route=\/wp\/v2\/posts"}],"about":[{"href":"https:\/\/candname.com\/tr\/index.php?rest_route=\/wp\/v2\/types\/post"}],"author":[{"embeddable":true,"href":"https:\/\/candname.com\/tr\/index.php?rest_route=\/wp\/v2\/users\/32"}],"replies":[{"embeddable":true,"href":"https:\/\/candname.com\/tr\/index.php?rest_route=%2Fwp%2Fv2%2Fcomments&post=22009"}],"version-history":[{"count":0,"href":"https:\/\/candname.com\/tr\/index.php?rest_route=\/wp\/v2\/posts\/22009\/revisions"}],"wp:featuredmedia":[{"embeddable":true,"href":"https:\/\/candname.com\/tr\/index.php?rest_route=\/wp\/v2\/media\/22010"}],"wp:attachment":[{"href":"https:\/\/candname.com\/tr\/index.php?rest_route=%2Fwp%2Fv2%2Fmedia&parent=22009"}],"wp:term":[{"taxonomy":"category","embeddable":true,"href":"https:\/\/candname.com\/tr\/index.php?rest_route=%2Fwp%2Fv2%2Fcategories&post=22009"},{"taxonomy":"post_tag","embeddable":true,"href":"https:\/\/candname.com\/tr\/index.php?rest_route=%2Fwp%2Fv2%2Ftags&post=22009"}],"curies":[{"name":"wp","href":"https:\/\/api.w.org\/{rel}","templated":true}]}}