{"id":21966,"date":"2021-03-06T10:13:39","date_gmt":"2021-03-06T07:13:39","guid":{"rendered":"http:\/\/candname.com\/tr\/?p=21966"},"modified":"2021-03-06T10:46:54","modified_gmt":"2021-03-06T07:46:54","slug":"buhranda-bir-kurt-aydini-cikti-bitlisli-kemal-fevzi-ve-uc-eseri","status":"publish","type":"post","link":"https:\/\/candname.com\/tr\/?p=21966","title":{"rendered":"Buhranda Bir K\u00fcrt Ayd\u0131n\u0131-\u00c7IKTI! Bitlisli Kemal Fevzi ve \u00dc\u00e7 Eseri"},"content":{"rendered":"<p>Bu \u00e7al\u0131\u015fma Bitlisli Kemal Fevzi (1891-1925)\u2019nin, yakla\u015f\u0131k y\u00fcz y\u0131l \u00f6nce yay\u0131nlanm\u0131\u015f \u00fc\u00e7 kitab\u0131n\u0131n \u00e7evrimyaz\u0131 formunu<br \/>\nve edeb\u00ee a\u00e7\u0131dan bunlar\u0131n ayr\u0131nt\u0131l\u0131 analizini i\u00e7ermektedir. \u00c7al\u0131\u015fmada, metinler orijinal diliyle verildi\u011finden sonuna bir<br \/>\nde s\u00f6zl\u00fck eklenmi\u015ftir. B\u00f6ylece Bitlisli Kemal Fevzi\u2019nin her \u00fc\u00e7 eseri de latin harfleriyle ve tam metin olarak ilk kez bir<br \/>\narada yay\u0131nlanm\u0131\u015f olacak. Bu eserlerden biri olan Elem \u00c7i\u00e7ekleri\u2019nin \u00f6ns\u00f6z\u00fcnde Kemal Fevzi, \u201c\u00d6m\u00fcrlerinin benim<br \/>\nf\u00e2n\u00eeli\u011fimin def\u00een-i ihtir\u00e2s olan senelerinden daha uzun olaca\u011f\u0131na eminim.\u201d diyerek \u015fiirlerinin kendisinden daha uzun<br \/>\nya\u015fayaca\u011f\u0131n\u0131 ima etmi\u015ftir. Bu \u00e7al\u0131\u015fma ile yazar\u0131n bu \u201ckehaneti\u201d ve \u201carzu\u201dsu da ger\u00e7ekle\u015fmi\u015f olacakt\u0131r. \u00c7\u00fcnk\u00fc bu<br \/>\neserler bir as\u0131rdan uzun bir s\u00fcredir, tozlu raflarda unutulmu\u015flard\u0131. Bu ba\u011flamda, \u015eeyh Said Efendi ile birlikte<br \/>\nDiyarbekir\u2019de idam edilen ve unutulmaya y\u00fcz tutmu\u015f bir \u015fair olan Kemal Fevzi Bey ve onun mezk\u00fbr eserleri, bu<br \/>\n\u00e7al\u0131\u015fmayla yeniden okurlarla bulu\u015fmu\u015f olacak.<\/p>\n<p>Tanzimat\u2019tan sonraki Osmanl\u0131 edebiyat\u0131nda realist, romantik, milliyet\u00e7i ve nihilist e\u011filimlerin edebiyat metinlerinde<br \/>\nyans\u0131malar\u0131 oldu\u011fu bilinmektedir. Yirminci asr\u0131n hemen ba\u015f\u0131nda yaz\u0131lan Kemal Fevzi\u2019nin bu eserlerinde de devrin<br \/>\npolitik ve psikolojik etkileri a\u00e7\u0131k\u00e7a g\u00f6r\u00fclmektedir. \u0130lk iki eserde gen\u00e7 bir askerin romantik milliyet\u00e7i duygular\u0131n\u0131<br \/>\nokurken zaman zaman Mehmed Emin Yurdakul ve Ziya G\u00f6kalp tarz\u0131n\u0131 an\u0131msatacakt\u0131r. Elem \u00c7i\u00e7ekleri ise ad\u0131yla,<br \/>\nCharles Baudelaire\u2019in me\u015fhur eserini akla getirse de, ferd\u00ee emelleri, sorunlar\u0131 ve s\u0131k\u0131nt\u0131lar\u0131 i\u015fleyen \u015fiirlerinin<br \/>\n\u00fcsl\u00fbbuyla, okurlar\u0131n zihninde daha \u00e7ok Ahmet Ha\u015fim\u2019i, Tevfik Fikret\u2019i ve Abd\u00fclhak H\u00e2mid Tarhan\u2019\u0131 \u00e7a\u011fr\u0131\u015ft\u0131raca\u011f\u0131<br \/>\ns\u00f6ylenebilir.<\/p>\n<p>Bu kitap Mehmet Emin Pur\u00e7ak taraf\u0131ndan haz\u0131rlanm\u0131\u015f ve N\u00fbbihar yay\u0131nlar\u0131 taraf\u0131ndan bas\u0131lm\u0131\u015ft\u0131r.<\/p>\n<p><strong>Kunye<\/strong><\/p>\n<p>Nav\u00ea Kit\u00eab\u00ea\u00a0\u00a0 Buhranda Bir K\u00fcrt Ayd\u0131n\u0131<\/p>\n<p>Nav\u00ea Or\u00eej\u00eenal\u00a0 Buhranda Bir K\u00fcrt Ayd\u0131n\u0131 Kemal Fevzi ve \u00dc\u00e7 Eseri<\/p>\n<p>Niv\u00eeskar\u00a0\u00a0\u00a0\u00a0\u00a0\u00a0\u00a0\u00a0\u00a0 Mehmet Emin Pur\u00e7ak<\/p>\n<p>ISBN\u00a0 9786059413954<\/p>\n<p>C\u00fbre\u00a0\u00a0\u00a0 L\u00eakol\u00een<\/p>\n<p>R\u00fbpel\u00a0 189<\/p>\n<p>Sala We\u015fan\u00ea\u00a0\u00a0 2021<\/p>\n<p>We\u015fanxane: N\u00fbbihar<\/p>\n","protected":false},"excerpt":{"rendered":"<p>Bu \u00e7al\u0131\u015fma Bitlisli Kemal Fevzi (1891-1925)\u2019nin, yakla\u015f\u0131k y\u00fcz y\u0131l \u00f6nce yay\u0131nlanm\u0131\u015f \u00fc\u00e7 kitab\u0131n\u0131n \u00e7evrimyaz\u0131 formunu ve edeb\u00ee a\u00e7\u0131dan bunlar\u0131n ayr\u0131nt\u0131l\u0131 analizini i\u00e7ermektedir. \u00c7al\u0131\u015fmada, metinler orijinal diliyle verildi\u011finden sonuna bir de s\u00f6zl\u00fck eklenmi\u015ftir. B\u00f6ylece Bitlisli Kemal Fevzi\u2019nin her \u00fc\u00e7 eseri de latin harfleriyle ve tam metin olarak ilk kez bir arada yay\u0131nlanm\u0131\u015f olacak. Bu eserlerden biri &hellip;<\/p>\n","protected":false},"author":32,"featured_media":21967,"comment_status":"open","ping_status":"open","sticky":false,"template":"","format":"standard","meta":{"footnotes":""},"categories":[1746],"tags":[5813,5812,5818,573,3939,5817,5815,137,3562,117,1616,5811,734,5816,5814,5753],"class_list":["post-21966","post","type-post","status-publish","format-standard","has-post-thumbnail","","category-kitapcilik","tag-abdulhak-hamid","tag-ahmet-hasim","tag-bitlisli-kemal-fevzi","tag-diyarbakir","tag-diyarbekir","tag-elem-cicekleri","tag-kemal-fevzi-bey","tag-kurt","tag-kurtce-kitap","tag-kurtler","tag-manset","tag-mehmet-emin-yurdakul","tag-osmanli","tag-tanzimat","tag-tarhan","tag-ziya-gokalp"],"_links":{"self":[{"href":"https:\/\/candname.com\/tr\/index.php?rest_route=\/wp\/v2\/posts\/21966","targetHints":{"allow":["GET"]}}],"collection":[{"href":"https:\/\/candname.com\/tr\/index.php?rest_route=\/wp\/v2\/posts"}],"about":[{"href":"https:\/\/candname.com\/tr\/index.php?rest_route=\/wp\/v2\/types\/post"}],"author":[{"embeddable":true,"href":"https:\/\/candname.com\/tr\/index.php?rest_route=\/wp\/v2\/users\/32"}],"replies":[{"embeddable":true,"href":"https:\/\/candname.com\/tr\/index.php?rest_route=%2Fwp%2Fv2%2Fcomments&post=21966"}],"version-history":[{"count":0,"href":"https:\/\/candname.com\/tr\/index.php?rest_route=\/wp\/v2\/posts\/21966\/revisions"}],"wp:featuredmedia":[{"embeddable":true,"href":"https:\/\/candname.com\/tr\/index.php?rest_route=\/wp\/v2\/media\/21967"}],"wp:attachment":[{"href":"https:\/\/candname.com\/tr\/index.php?rest_route=%2Fwp%2Fv2%2Fmedia&parent=21966"}],"wp:term":[{"taxonomy":"category","embeddable":true,"href":"https:\/\/candname.com\/tr\/index.php?rest_route=%2Fwp%2Fv2%2Fcategories&post=21966"},{"taxonomy":"post_tag","embeddable":true,"href":"https:\/\/candname.com\/tr\/index.php?rest_route=%2Fwp%2Fv2%2Ftags&post=21966"}],"curies":[{"name":"wp","href":"https:\/\/api.w.org\/{rel}","templated":true}]}}