{"id":21957,"date":"2021-02-28T15:10:55","date_gmt":"2021-02-28T12:10:55","guid":{"rendered":"http:\/\/candname.com\/tr\/?p=21957"},"modified":"2021-02-28T15:10:55","modified_gmt":"2021-02-28T12:10:55","slug":"nubiharin-154-sayisi-cikti","status":"publish","type":"post","link":"https:\/\/candname.com\/tr\/?p=21957","title":{"rendered":"N\u00fbbihar\u2019\u0131n 154. say\u0131s\u0131 \u00e7\u0131kt\u0131"},"content":{"rendered":"<div class=\"short_content\">3 ayda bir yay\u0131nlanan N\u00fbbihar dergisinin son say\u0131s\u0131 \u00e7e\u015fitli yaz\u0131, \u00f6yk\u00fc ve \u015fiirlerle \u00e7\u0131kt\u0131.<\/div>\n<div id=\"news_content\" class=\"text_content\">\n<p>Derginin Genel Yay\u0131n Y\u00f6netmeni S\u00fcleyman \u00c7evik sunu\u015f yaz\u0131s\u0131nda bu say\u0131yla 24 cildi tamamlad\u0131klar\u0131n\u0131 belirtmi\u015f.<\/p>\n<p>Rohat Alakom yaz\u0131s\u0131n\u0131 1931 y\u0131l\u0131nda Erivan\u2019da \u201cT\u00eaxn\u00eek\u00fbma Kurmanca\u201d ad\u0131yla bilinen K\u00fcrt \u00d6\u011fretmenleri Okuluna ay\u0131rm\u0131\u015f.<\/p>\n<p>Ayhan Gever\u00ee yaz\u0131s\u0131nda y\u00fcz, suret ve imaj\u0131n yayg\u0131nla\u015fmas\u0131n\u0131n arkelojisini yap\u0131yor. Koronan\u0131n \u00c7in\u2019den bula\u015fmas\u0131 gibi \u00c7in\u2019den \u00e7\u0131kan suretin etimolojiden minyat\u00fcr ve sanat tarihine de\u011fin olu\u015fan iktidar alan\u0131 \u00fczerinde duruyor.<\/p>\n<p>Sar\u0131kam\u0131\u015f\u2019\u0131n K\u0131z\u0131l k\u00f6y\u00fcnde yakla\u015f\u0131k olarak 115 \u00f6nce d\u00fcnyaya gelen \u201cKaloy\u00ea Qizil\u00ea\u201d, ya\u015fad\u0131\u011f\u0131 d\u00f6nemde \u00e7ok nam salm\u0131\u015f. Ahmet Aras Kaloy\u00ea Qizil\u00ea\u2019nin birka\u00e7 maceras\u0131n\u0131 yazm\u0131\u015f.<\/p>\n<p>Murad Celal\u00ee Osmanl\u0131n\u0131n Musul valisi Ebubekir Hazim Tepeyran\u2019\u0131n hat\u0131ralar\u0131nda yer alan Musul\u2019daki K\u00fcrtleri ve Hamidiye Alaylar\u0131n\u0131 yazm\u0131\u015f.<\/p>\n<p>\u0130ran K\u00fcrtlerinden tarih\u00e7i ve ara\u015ft\u0131rmac\u0131 \u0130smail \u015eems tarihte Aran ve Sebelan b\u00f6lgesinde K\u00fcrtlerin hakimiyetini yazm\u0131\u015f.<\/p>\n<p>Nevzat Emino\u011flu Eyy\u00fcbi Devletinin ve Selaheddin Eyy\u00fcbi\u2019nin K\u00fcrtlere yapt\u0131\u011f\u0131 hizmetleri s\u0131ralam\u0131\u015f.<\/p>\n<p>Rahmetullah Karakaya Y\u0131lmaz G\u00fcney\u2019in e\u015fi Fato\u015f G\u00fcney\u2019in \u201cCamlar\u0131 K\u0131r\u0131n Ku\u015flar Kurtulsun\u201d adl\u0131 kitab\u0131ndan yola \u00e7\u0131karak Y\u0131lmaz G\u00fcney\u2019i ve sinemas\u0131n\u0131 yazm\u0131\u015f.<\/p>\n<p>Bu say\u0131da Osman Aytar\u2019n \u00f6yk\u00fcs\u00fc, \u015eaban \u015eenate\u015f\u2019in dille ilgili yaz\u0131s\u0131 ve O. Faruk \u00c7et\u00eenkaplan\u2019\u0131n Melay\u00ea Ciz\u00eer\u00ee\u2019den \u00e7evirisi Zazaca olarak yay\u0131nlanm\u0131\u015f&#8230;<\/p>\n<p>Occo Mahabad\u2019\u0131n Zazaca yaz\u0131lm\u0131\u015f mevl\u00fctlerle ilgili yaz\u0131s\u0131 okunmaya de\u011fer.<\/p>\n<p>Bu say\u0131daki s\u00f6yle\u015fi Dr. N\u00fbra Cewar\u00ee ile yap\u0131lm\u0131\u015f; \u015f\u00f6yle\u015fiyi Nihat G\u00fcltekin yapm\u0131\u015f.<\/p>\n<p>Ayr\u0131ca Rojen Barnas, Berken Bereh, S\u00eepan\u00ee, Ferhad P\u00eerbal, Sid\u00eeq Gor\u00eecan, Ro\u015fan Lezg\u00een, Mut\u00ee, Abdullah Can, Bamed Serdar, Abdullah \u0130ncekan, Mewlana Celaledd\u00een\u00ea Rom\u00ee, Kon\u00ea Re\u015f, Raif Yaman, Ahmed Arif, Kevok Mizg\u00een, M. Xalid\u00ea Erto\u015f\u00ee, Mehmet Arslan, \u2018El\u00ee Kemal Bap\u00eer (Kemal\u00ee), Evdilxaliq\u00ea \u00cesa ve Lokman Polat bu say\u0131ya katk\u0131 vermi\u015f<a href=\"http:\/\/www.ilkehaber.com\/\" target=\"_blank\" rel=\"nofollow noopener\">.<\/a><\/p>\n<p><strong>154. say\u0131n\u0131n i\u00e7eri\u011fi<\/strong>:<\/p>\n<p><strong><img decoding=\"async\" src=\"https:\/\/www.ilkehaber.com\/d\/other\/nubihar-450-002.jpg\" alt=\"nubihar-450-002.jpg\" \/>S\u00fcleyman \u00c7evik<\/strong>\/Ji Ed\u00eetor<\/p>\n<p><strong>Rohat Alakom<\/strong>\/Xwendegeha Mamostey\u00ean Kurd \u201cT\u00eaxn\u00eek\u00fbma Kurmanca\u201d (1931-Rewan)<\/p>\n<p><strong>Rojen Barnas<\/strong>\/Ez bi H\u00eev\u00ea Xapiyam<\/p>\n<p><strong>Ayhan Gever\u00ee<\/strong><em>\/<\/em>V\u00eeral-Narration: S\u00fbret, \u00cemaj \u00fb Iqtidara Tesw\u00eer\u00ea<\/p>\n<p><strong>Ahmet Aras<\/strong><em>\/<\/em>Kaloy\u00ea Qizil\u00ea<\/p>\n<p><strong>Murad Celal\u00ee<\/strong><em>\/<\/em>Bi \u00e7av\u00ea Waliy\u00ea Osman\u00ee Tepeyran Kurd\u00ean M\u00fbsil\u00ea \u00fb Alay\u00ean Hem\u00eediye<\/p>\n<p><strong>Berken Bereh<\/strong><em>\/<\/em>ismail be\u015fik\u00e7i<\/p>\n<p><strong>Isma\u00eel \u015eemis<\/strong>\/Aras \u00fb Sebelan \u00fb Fermanrewayiya Kurdan ya li wir (Wergera ji Faris\u00ee: Mes\u2019\u00fbd Xalid Gul\u00ee)<\/p>\n<p><strong>S\u00eepan\u00ee<\/strong>\/Seqema \u00c7ile<\/p>\n<p><strong>Osman Aytar<\/strong>\/Kewtena m\u00eeyan\u00ea kay\u00eana tal\u00fbke\u2026<\/p>\n<p><strong>Nevzat Em\u00eeno\u011flu<\/strong>\/Cih\u00ea Sultan Selahedd\u00een \u00fb Dewleta Ey\u00fbb\u00ee di D\u00eeroka Kurdan de<\/p>\n<p><strong>Ferhad P\u00eerbal<\/strong>\/Du helbest (Ji Soran\u00ee: R\u00eab\u00een Mihemed)<\/p>\n<p><strong>Dr. N\u00fbra Cewar\u00ee<\/strong>: Ji bo xwendin\u00ea bav\u00ea min em dav\u00eatine x\u00eeret\u00ea, x\u00eereta miletiy\u00ea! (Hevpeyv\u00een: Nihat G\u00fcltekin)<\/p>\n<p><strong>Sid\u00eeq Gor\u00eecan<\/strong>\/\u015ee\u015f Ha\u00eek\u00fb<\/p>\n<p><strong>Rahmetullah Karakaya<\/strong><em>\/<\/em>Yilmaz Guney \u00fb du e\u015fq\u00ean w\u00ee y\u00ean mezin<\/p>\n<p><strong>Ro\u015fan Lezg\u00een\/<\/strong>Hubir (Wergera ji Kirdk\u00ee: Mahs\u00fbn Re\u015f\u00e7elan)<\/p>\n<p><strong>Mut\u00ee<\/strong>\/D\u00ealegur<\/p>\n<p><strong>Melay\u00ea Ciz\u00eer\u00ee\/<\/strong>\u2018Emir Qedya b\u00ee (Kurmanc\u00ee ra A\u00e7arnayi\u015f: O. Faruk \u00c7et\u00eenkaplan)<\/p>\n<p><strong>Abdullah Can<\/strong>\/Se\u00eed\u00ea Kurd\u00ee \u00fb \u00eed\u00eeaya endametiya w\u00ee ya Te\u015fk\u00eelata Mexs\u00fbse<\/p>\n<p><strong>Bamed Serdar<\/strong>\/Y\u00fbsif \u00fb Zuleyxa<\/p>\n<p><strong>Abdullah \u0130ncekan<\/strong>\/Em \u00fb Kew<\/p>\n<p><strong>\u015eaban \u015eenate\u015f<\/strong>\/Vira\u015fti\u015f \u00fb Robereardi\u015fd\u00ea Kel\u00eeman Sero<\/p>\n<p><strong>Mewlana Celaledd\u00een\u00ea Rom\u00ee\/<\/strong>Ez mest \u00fb tu d\u00eewane (Wergera ji Faris\u00ee: Hayrullah Acar)<\/p>\n<p><strong>Kon\u00ea Re\u015f<\/strong>\/Zimanheziya min ji gund\u00ea min Doda destp\u00ea kir<\/p>\n<p><strong>Raif Yaman<\/strong>\/War\u00ea May\u00eenan<\/p>\n<p><strong>Ahmed Arif\/<\/strong>Ev Z\u00eendan, Ev Qel \u00fb Qiran, Ev Bazara Can (Wergera ji Tirk\u00ee: Talat \u0130nan\u00e7)<\/p>\n<p><strong>Occo Mahabad<\/strong>\/D\u00eeroka Mewl\u00fbd\u00ean Zazak\u00ee<\/p>\n<p><strong>Kevok Mizg\u00een<\/strong>\/H\u00eaviya B\u00eanavser<\/p>\n<p><strong>M. Xalid\u00ea Erto\u015f\u00ee<\/strong>\/Ey xewn\u00ea bo \u00e7i derew \u00ee?<\/p>\n<p><strong>Mehmet Arslan<\/strong>\/Destara Felek\u00ea<\/p>\n<p><strong>\u2018El\u00ee Kemal Bap\u00eer (Kemal\u00ee)<\/strong>\/Ji \u015ea\u2019\u00eer\u00ean Nav Wenday\u00ean Kurd-3- (Ji Soran\u00ee \u00fb Ferhengok: H\u00eamin Omar Ahmad)<\/p>\n<p><strong>Evdilxaliq\u00ea \u00cesa<\/strong>\/B\u00fbka Baran\u00ea<\/p>\n<p><strong>Lokman Polat<\/strong>\/Romana Destana Gilgam\u00ea\u015f<\/p>\n<\/div>\n","protected":false},"excerpt":{"rendered":"<p>3 ayda bir yay\u0131nlanan N\u00fbbihar dergisinin son say\u0131s\u0131 \u00e7e\u015fitli yaz\u0131, \u00f6yk\u00fc ve \u015fiirlerle \u00e7\u0131kt\u0131. Derginin Genel Yay\u0131n Y\u00f6netmeni S\u00fcleyman \u00c7evik sunu\u015f yaz\u0131s\u0131nda bu say\u0131yla 24 cildi tamamlad\u0131klar\u0131n\u0131 belirtmi\u015f. Rohat Alakom yaz\u0131s\u0131n\u0131 1931 y\u0131l\u0131nda Erivan\u2019da \u201cT\u00eaxn\u00eek\u00fbma Kurmanca\u201d ad\u0131yla bilinen K\u00fcrt \u00d6\u011fretmenleri Okuluna ay\u0131rm\u0131\u015f. Ayhan Gever\u00ee yaz\u0131s\u0131nda y\u00fcz, suret ve imaj\u0131n yayg\u0131nla\u015fmas\u0131n\u0131n arkelojisini yap\u0131yor. Koronan\u0131n \u00c7in\u2019den bula\u015fmas\u0131 &hellip;<\/p>\n","protected":false},"author":32,"featured_media":21958,"comment_status":"open","ping_status":"open","sticky":false,"template":"","format":"standard","meta":{"footnotes":""},"categories":[158],"tags":[962,156,127,141,117,1616],"class_list":["post-21957","post","type-post","status-publish","format-standard","has-post-thumbnail","","category-dergicilik","tag-dergi","tag-kovar","tag-kurdi","tag-kurtce","tag-kurtler","tag-manset"],"_links":{"self":[{"href":"https:\/\/candname.com\/tr\/index.php?rest_route=\/wp\/v2\/posts\/21957","targetHints":{"allow":["GET"]}}],"collection":[{"href":"https:\/\/candname.com\/tr\/index.php?rest_route=\/wp\/v2\/posts"}],"about":[{"href":"https:\/\/candname.com\/tr\/index.php?rest_route=\/wp\/v2\/types\/post"}],"author":[{"embeddable":true,"href":"https:\/\/candname.com\/tr\/index.php?rest_route=\/wp\/v2\/users\/32"}],"replies":[{"embeddable":true,"href":"https:\/\/candname.com\/tr\/index.php?rest_route=%2Fwp%2Fv2%2Fcomments&post=21957"}],"version-history":[{"count":0,"href":"https:\/\/candname.com\/tr\/index.php?rest_route=\/wp\/v2\/posts\/21957\/revisions"}],"wp:featuredmedia":[{"embeddable":true,"href":"https:\/\/candname.com\/tr\/index.php?rest_route=\/wp\/v2\/media\/21958"}],"wp:attachment":[{"href":"https:\/\/candname.com\/tr\/index.php?rest_route=%2Fwp%2Fv2%2Fmedia&parent=21957"}],"wp:term":[{"taxonomy":"category","embeddable":true,"href":"https:\/\/candname.com\/tr\/index.php?rest_route=%2Fwp%2Fv2%2Fcategories&post=21957"},{"taxonomy":"post_tag","embeddable":true,"href":"https:\/\/candname.com\/tr\/index.php?rest_route=%2Fwp%2Fv2%2Ftags&post=21957"}],"curies":[{"name":"wp","href":"https:\/\/api.w.org\/{rel}","templated":true}]}}