{"id":21858,"date":"2021-01-16T14:06:48","date_gmt":"2021-01-16T11:06:48","guid":{"rendered":"http:\/\/candname.com\/tr\/?p=21858"},"modified":"2021-01-16T14:06:48","modified_gmt":"2021-01-16T11:06:48","slug":"hanili-salih-beyden-ziya-gokalpe","status":"publish","type":"post","link":"https:\/\/candname.com\/tr\/?p=21858","title":{"rendered":"HAN\u0130L\u0130 SAL\u0130H BEY\u2019DEN Z\u0130YA G\u00d6KALP\u2019E"},"content":{"rendered":"<p>Hanili Salih Bey ile Ziya G\u00f6kalp birbirlerini iyi tan\u0131rlar. Hatta Ziya G\u00f6kalp Halil Hayali Bey ile beraber K\u00fcrt\u00e7e Gramer \u00fczerinde \u00e7al\u0131\u015ft\u0131klar\u0131 (yani Ziya G\u00f6kalp\u2019in K\u00fcrt\u00e7\u00fc oldu\u011fu) d\u00f6nemden gelir bu tan\u0131\u015f\u0131kl\u0131klar\u0131. Ancak Ziya G\u00f6kalp bu ortak \u00e7al\u0131\u015fman\u0131n notlar\u0131n\u0131 yok edip, \u0130ttihat ve Terakki Cemiyetine \u00fcye olup T\u00fcrk\u00e7\u00fcl\u00fck yapmaya ba\u015flay\u0131nca Hanili Salih Bey onu hicveden bu uzun \u015fiiri yazar.<\/p>\n<div class=\"text_exposed_show\">\n<p>\u0130ttihad\u0131n o\u011fluyum<br \/>\nGayri anam babam yok<br \/>\nCemiyet amalini<br \/>\nY\u00fcr\u00fctmeye bor\u00e7luyum<\/p>\n<p>Ne buyursa yapar\u0131m<br \/>\nHakl\u0131 haks\u0131z emrine<br \/>\nK\u00f6r\u00fc k\u00f6r\u00fcne tapar\u0131m,<br \/>\nBu hususta hayam yok<\/p>\n<p>Severim her h\u00e2lini<br \/>\nHatt\u00e2 an\u0131n u\u011fruna<br \/>\n\u0130man\u0131m bulunmazsa<br \/>\n\u201cG\u00f6zlerimi kapar\u0131m\u201d<\/p>\n<p>Vicdan\u0131m\u0131 satar\u0131m.<br \/>\nAttil\u00e2 b\u00fcy\u00fck babam<br \/>\nHi\u00e7 bir zaman unutmam<br \/>\n-Tahribatla anar\u015fi-<\/p>\n<p>Babam\u0131n yadig\u00e2r\u0131<br \/>\nHep insanlara kar\u015f\u0131<br \/>\nRuhumda var intikam<br \/>\nAn\u0131 asla uyutmam<\/p>\n<p>U\u011frad\u0131\u011f\u0131m yerleri<br \/>\nYakar \u201cTuran\u201d yapar\u0131m<br \/>\nBa\u015fka i\u015fim olmazsa<br \/>\nY\u00e2ni ma\u2019m\u00fbreleri<\/p>\n<p>\u201cG\u00f6zlerimi kapar\u0131m\u201d<br \/>\nYak\u0131p viran yapar\u0131m<br \/>\nAmucem Timu\u00e7in\u2019in<br \/>\nKanunumdur yasas\u0131<\/p>\n<p>T\u00fcrk\u00e7\u00fcl\u00fck \u00e2yininin<br \/>\n\u0130\u015fte odur esas\u0131<br \/>\nH\u00e2t\u0131r\u0131mdan \u00e7\u0131km\u0131yor<br \/>\n\u201cKarakurum\u201d yaylas\u0131<\/p>\n<p>Dima\u011f\u0131m\u0131 sars\u0131yor<br \/>\nHele \u201cK\u0131z\u0131lema\u201dda<br \/>\nCihangirlik h\u00fclyas\u0131<br \/>\nAkl\u0131m\u0131 \u00e7\u0131ld\u0131rt\u0131yor<\/p>\n<p>Ya\u011fmac\u0131l\u0131k sevdas\u0131<br \/>\nM\u00fcmk\u00fcn ise r\u00fcyada<br \/>\nUyan\u0131kken olmazsa<br \/>\n\u201cG\u00f6zlerimi kapar\u0131m\u201d<\/p>\n<p>Cihangirlik yapar\u0131m.<br \/>\n\u201cErgenekon\u201ddur benim<br \/>\nAsil ana vatan\u0131m<br \/>\nOrada taht\u0131m, tac\u0131m<\/p>\n<p>Saltanat\u0131m, \u015feririm<br \/>\nOrada kurulursa,<br \/>\nDerne\u011fim kurultay\u0131m<br \/>\nBen anda bir kalfay\u0131m<\/p>\n<p>Sanmay\u0131n ki dilmac\u0131m<br \/>\nHan o\u011flu Han Giray\u2019\u0131m<br \/>\n\u0130man eden olursa J\u00f6n<br \/>\nT\u00fcrklere yalvac\u0131m<\/p>\n<p>M\u00fcnkirler bulunmazsa<br \/>\n\u201cG\u00f6zlerimi kapar\u0131m\u201d<br \/>\nPeygamberlik satar\u0131m<br \/>\nGe\u00e7mi\u015flerim, ecdad\u0131m<\/p>\n<p>Hep kahraman g\u00fcrb\u00fczler<br \/>\nHul\u00e2gu\u2019lar, O\u011fuzlar<br \/>\nN\u00fcm\u00fbnedir meydanda<br \/>\nYakutlar\u2019la Tunguzlar<\/p>\n<p>Kendimi T\u00fcrk san\u0131r\u0131m<br \/>\nNeden s\u00f6ylenmez ad\u0131m<br \/>\nBen de bu son zamanda<br \/>\nBir ink\u0131l\u00e2b yapar\u0131m<\/p>\n<p>Hem bir \u015fan kazan\u0131r\u0131m<br \/>\nHem bir k\u00fcl\u00e2h kapar\u0131m<br \/>\n\u0130stedi\u011fim olmazsa<br \/>\n\u201cG\u00f6zlerimi kapar\u0131m\u201d<\/p>\n<p>Avrupa\u2019ya ka\u00e7ar\u0131m<br \/>\nO da ele girmezse<br \/>\nMalta\u2019ya can atar\u0131m<br \/>\nYan gelir de yatar\u0131m.<\/p>\n<p><strong>Osman AYDIN-Dirokakurdistan.com<\/strong><\/p>\n<\/div>\n","protected":false},"excerpt":{"rendered":"<p>Hanili Salih Bey ile Ziya G\u00f6kalp birbirlerini iyi tan\u0131rlar. Hatta Ziya G\u00f6kalp Halil Hayali Bey ile beraber K\u00fcrt\u00e7e Gramer \u00fczerinde \u00e7al\u0131\u015ft\u0131klar\u0131 (yani Ziya G\u00f6kalp\u2019in K\u00fcrt\u00e7\u00fc oldu\u011fu) d\u00f6nemden gelir bu tan\u0131\u015f\u0131kl\u0131klar\u0131. Ancak Ziya G\u00f6kalp bu ortak \u00e7al\u0131\u015fman\u0131n notlar\u0131n\u0131 yok edip, \u0130ttihat ve Terakki Cemiyetine \u00fcye olup T\u00fcrk\u00e7\u00fcl\u00fck yapmaya ba\u015flay\u0131nca Hanili Salih Bey onu hicveden bu uzun &hellip;<\/p>\n","protected":false},"author":32,"featured_media":21859,"comment_status":"open","ping_status":"open","sticky":false,"template":"","format":"standard","meta":{"footnotes":""},"categories":[5371],"tags":[573,3939,5755,5754,5756,1616,5753],"class_list":["post-21858","post","type-post","status-publish","format-standard","has-post-thumbnail","","category-alinti-yazilar","tag-diyarbakir","tag-diyarbekir","tag-gokalp","tag-hanili-salih-bey","tag-ittihat-ve-terakki","tag-manset","tag-ziya-gokalp"],"_links":{"self":[{"href":"https:\/\/candname.com\/tr\/index.php?rest_route=\/wp\/v2\/posts\/21858","targetHints":{"allow":["GET"]}}],"collection":[{"href":"https:\/\/candname.com\/tr\/index.php?rest_route=\/wp\/v2\/posts"}],"about":[{"href":"https:\/\/candname.com\/tr\/index.php?rest_route=\/wp\/v2\/types\/post"}],"author":[{"embeddable":true,"href":"https:\/\/candname.com\/tr\/index.php?rest_route=\/wp\/v2\/users\/32"}],"replies":[{"embeddable":true,"href":"https:\/\/candname.com\/tr\/index.php?rest_route=%2Fwp%2Fv2%2Fcomments&post=21858"}],"version-history":[{"count":0,"href":"https:\/\/candname.com\/tr\/index.php?rest_route=\/wp\/v2\/posts\/21858\/revisions"}],"wp:featuredmedia":[{"embeddable":true,"href":"https:\/\/candname.com\/tr\/index.php?rest_route=\/wp\/v2\/media\/21859"}],"wp:attachment":[{"href":"https:\/\/candname.com\/tr\/index.php?rest_route=%2Fwp%2Fv2%2Fmedia&parent=21858"}],"wp:term":[{"taxonomy":"category","embeddable":true,"href":"https:\/\/candname.com\/tr\/index.php?rest_route=%2Fwp%2Fv2%2Fcategories&post=21858"},{"taxonomy":"post_tag","embeddable":true,"href":"https:\/\/candname.com\/tr\/index.php?rest_route=%2Fwp%2Fv2%2Ftags&post=21858"}],"curies":[{"name":"wp","href":"https:\/\/api.w.org\/{rel}","templated":true}]}}