{"id":21843,"date":"2020-12-25T21:15:31","date_gmt":"2020-12-25T18:15:31","guid":{"rendered":"http:\/\/candname.com\/tr\/?p=21843"},"modified":"2020-12-25T21:16:04","modified_gmt":"2020-12-25T18:16:04","slug":"kurtlugun-kutsal-mekani-icin-kan-agliyoruz","status":"publish","type":"post","link":"https:\/\/candname.com\/tr\/?p=21843","title":{"rendered":"K\u00fcrtl\u00fc\u011f\u00fcn Kutsal Mekan\u0131 \u0130\u00e7in Kan A\u011fl\u0131yoruz"},"content":{"rendered":"<p>Bitlis\u2019te bulunan medreseler, yap\u0131ld\u0131klar\u0131 d\u00f6nemin E\u011fitim, \u00d6\u011fretim ve K\u00fclt\u00fcr hizmetlerinin y\u00fcr\u00fct\u00fcld\u00fc\u011f\u00fc \u00f6nemli kurumlard\u0131r.<\/p>\n<div id=\"singleContent\" class=\"reading\">\n<p><strong>\u201dD\u00fc\u015fen olunca b\u0131\u00e7ak \u00e7eken \u00e7ok olurmu\u015f\u201d<\/strong><\/p>\n<p>Tarihi eserlerin birco\u011fu Bitlis beyli\u011fi taraf\u0131ndan \u0130MC usul\u00fc ile Bitlis halk\u0131 taraf\u0131ndan yap\u0131lm\u0131\u015ft\u0131r. \u0130hlasiye Medresesi Bitlis\u2019te bulunan Medreselerin en \u00f6nemlisidir. Bitlis Hani taraf\u0131ndan 1200\u2019l\u00fc y\u0131llarda yap\u0131lm\u0131\u015f \u015eerefhan taraf\u0131ndan yeniden d\u00fczenlenmi\u015ftir.<\/p>\n<p>Medresenin kitabesine g\u00f6re 1589 tarihinde Bitlis Hanlarindan 5\u2019inci \u015eerefhan taraf\u0131ndan onar\u0131lm\u0131\u015ft\u0131r.\u0130hlasiye Medresesi \u015eerefhan Bedlisi ve Abdal Han d\u00f6neminde b\u00f6lgenin en iyi \u00e2limlerini b\u00fcnyesinde toplanm\u0131\u015ft\u0131r.<\/p>\n<p>Sadece b\u00f6lgede degil di\u011fer islam ilim merkezierinden de Bitlis\u2019e gelip \u0130hlasiye Medresesinde ders veren, okuyan \u00e2limlerin oldu\u011fu bilinmektedir. Medresede her t\u00fcrl\u00fc Bilim, Edebiyat,Senkretik bir pedagoji ile y\u00fcr\u00fct\u00fclm\u00fc\u015f bunlar\u0131n yan\u0131 s\u0131ra Bitlis Tarihi ye Edebiyat\u0131n\u0131 i\u00e7eren dersler \u00f6nemle takip edilmi\u015ftir. \u0130hlasiye Medresesi b\u00f6lgede Kurdoloji alanlar\u0131nda b\u00f6lgenin ilim, K\u00fclt\u00fcr, Tarih \u00e7al\u0131\u015fmalar\u0131 ile ilgili olarak en iyi Akademik geleneksel ruha sahip bir \u00f6zellige sahiptir.<\/p>\n<p><strong>Bitlis ve Kurdistan\u2019\u0131n kutsal mekan\u0131 ; \u0130hlasiye Medresesi<\/strong><\/p>\n<p>Ge\u00e7mi\u015fte at\u0131l halde olan medrese 1993 y\u0131l\u0131nda Bitlis halk\u0131n\u0131n bask\u0131lar\u0131 sonucunda etraf\u0131ndaki yap\u0131lardan ar\u0131nd\u0131r\u0131larak Arkeoloji m\u00fczesi olarak kullan\u0131lmak \u00fczere restore edilmi\u015ftir. Ancak tarihi yap\u0131 g\u00fcn\u00fcm\u00fczde Vak\u0131flar M\u00fcd\u00fcrl\u00fc\u011f\u00fc olarak hizmet vermesi Bitlis halk\u0131n\u0131 rahats\u0131z etmektedir. Medresenin bah\u00e7esinde ziyaretgah olarak kullan\u0131lan t\u00fcrbeler bulunmaktad\u0131r. Medresenin tarihte vermi\u015f oldu\u011fu hizmetlerden \u00f6t\u00fcr\u00fc bir \u00e7ok bilim ve ilim adam\u0131n\u0131n d\u0131\u015f\u0131nda \u00f6nemli \u015fahsiyetlerin mezarlar\u0131 da medresenin etraf\u0131nda bulunmaktad\u0131r.<\/p>\n<p><a href=\"http:\/\/bitlisname.com\/wp-content\/uploads\/2015\/11\/medrese3.jpg\"><img loading=\"lazy\" decoding=\"async\" class=\"size-full wp-image-848 aligncenter\" src=\"http:\/\/bitlisname.com\/wp-content\/uploads\/2015\/11\/medrese3.jpg\" sizes=\"auto, (max-width: 720px) 100vw, 720px\" srcset=\"http:\/\/www.bitlisname.com\/wp-content\/uploads\/2015\/11\/medrese3.jpg 720w, http:\/\/www.bitlisname.com\/wp-content\/uploads\/2015\/11\/medrese3-225x300.jpg 225w\" alt=\"medrese3\" width=\"720\" height=\"960\" \/><\/a><\/p>\n<p>&nbsp;<\/p>\n<p>\u0130hlasiye Medresesi bug\u00fcn kurulu\u015f amac\u0131ndan uzak bir \u015fekilde kullan\u0131lmaktad\u0131r. B\u00f6lge\u2019nin ilim ve irfan merkezi , Vak\u0131flar B\u00f6lge M\u00fcd\u00fcrl\u00fc\u011f\u00fc\u2019n\u00fcn binas\u0131 olarak kullan\u0131lmaktad\u0131r. Tarihi eserlerin bu \u015fekilde geli\u015fi g\u00fczel kullan\u0131lmas\u0131 Bitlis halk\u0131 ba\u015fta olmak \u00fczere b\u00f6lge halk\u0131n\u0131 derinden \u00fczmektedir.<\/p>\n<p><strong>\u201d\u0130hlasiye Medresesi, Kurdoloji\u2019nin merkezidir.\u201d<\/strong><\/p>\n<p>\u0130hlasiye Medresesi, sadece Bitlis\u2019in de\u011fil Kurdistan\u2019\u0131n ortak de\u011feridir. Rojkanl\u0131lar\u0131n, emekleriyle, al\u0131n terleriyle, gecelerini g\u00fcnd\u00fczlerini katarak in\u015fa ettikleri medresenin bu \u015fekilde kaderine terk edilmesini hazmedemiyoruz. D\u00fcnya ve T\u00fcrkiye\u2019de bir \u00e7ok tarihi eser ve yap\u0131 asl\u0131na uygun bir \u015fekilde hizmet vermeye devam ederken Bitlis\u2019te, Bitlislilerin eme\u011fiyle in\u015fa edilen tarihi yap\u0131lar\u0131n belirli ba\u015fl\u0131 kurumlara verilip \u2018talan\u2019 edilmesine kar\u015f\u0131 sessiz kalmayaca\u011f\u0131z.<\/p>\n<p><a href=\"http:\/\/bitlisname.com\/wp-content\/uploads\/2015\/11\/medrese2.jpg\"><img loading=\"lazy\" decoding=\"async\" class=\"size-full wp-image-847 aligncenter\" src=\"http:\/\/bitlisname.com\/wp-content\/uploads\/2015\/11\/medrese2.jpg\" sizes=\"auto, (max-width: 960px) 100vw, 960px\" srcset=\"http:\/\/www.bitlisname.com\/wp-content\/uploads\/2015\/11\/medrese2.jpg 960w, http:\/\/www.bitlisname.com\/wp-content\/uploads\/2015\/11\/medrese2-300x225.jpg 300w\" alt=\"medrese2\" width=\"960\" height=\"720\" \/><\/a><\/p>\n<p>&nbsp;<\/p>\n<p><strong>\u201d Mezarlar ilgisizlik ve bak\u0131ms\u0131zl\u0131ktan y\u0131k\u0131l\u0131yor \u201d<\/strong><\/p>\n<p>Medresenin bah\u00e7esinde ziyaretgah olarak kullan\u0131lan t\u00fcrbeler bulunmaktad\u0131r. Medresenin tarihte vermi\u015f oldu\u011fu hizmetlerden \u00f6t\u00fcr\u00fc bir \u00e7ok bilim ve ilim adam\u0131n\u0131n d\u0131\u015f\u0131nda \u00f6nemli \u015fahsiyetlerin mezarlar\u0131 da medresenin etraf\u0131nda bulunmaktad\u0131r.<\/p>\n<p>Ancak y\u00fczlerce mezar ve mezar ta\u015flar\u0131 tahrip edilerek yok olmu\u015ftur. G\u00fcn\u00fcm\u00fcze kadar gelen mezar ta\u015flar\u0131 ve sandukalar ise korumas\u0131z bir halde d\u0131\u015far\u0131da at\u0131l bir halde \u00fcst \u00fcste b\u0131rak\u0131larak yok olmaya kar\u015f\u0131 y\u00fcz y\u00fcze b\u0131rak\u0131lm\u0131\u015ft\u0131r.<\/p>\n<p><strong>Biz, Bitlis D\u00fc\u015f\u00fcnce ve Akademik \u00c7al\u0131\u015fma Grubu olarak tarihi yap\u0131lar\u0131n ve eserlerin s\u00fcrekli takip\u00e7isi ve savunucusu olaca\u011f\u0131z.<\/strong> Atalar\u0131m\u0131zdan bizlere kalan miras\u0131n, asl\u0131na uygun bir \u015fekilde faaliyet g\u00f6stermesini sa\u011flamak i\u00e7in m\u00fccadeleye devam edece\u011fiz. Tarihi eser ve yap\u0131lara kar\u015f\u0131 uygulanan bu hakaret dolu tav\u0131rlar\u0131 kabullenmiyoruz. Bitlislilerin de kabullenmesini istemiyoruz.<\/p>\n<\/div>\n<div id=\"page-links\"><\/div>\n<p class=\"tags\"><strong>(Bitlisname.com adl\u0131 siteden al\u0131nt\u0131d\u0131r.)<\/strong><\/p>\n","protected":false},"excerpt":{"rendered":"<p>Bitlis\u2019te bulunan medreseler, yap\u0131ld\u0131klar\u0131 d\u00f6nemin E\u011fitim, \u00d6\u011fretim ve K\u00fclt\u00fcr hizmetlerinin y\u00fcr\u00fct\u00fcld\u00fc\u011f\u00fc \u00f6nemli kurumlard\u0131r. \u201dD\u00fc\u015fen olunca b\u0131\u00e7ak \u00e7eken \u00e7ok olurmu\u015f\u201d Tarihi eserlerin birco\u011fu Bitlis beyli\u011fi taraf\u0131ndan \u0130MC usul\u00fc ile Bitlis halk\u0131 taraf\u0131ndan yap\u0131lm\u0131\u015ft\u0131r. \u0130hlasiye Medresesi Bitlis\u2019te bulunan Medreselerin en \u00f6nemlisidir. Bitlis Hani taraf\u0131ndan 1200\u2019l\u00fc y\u0131llarda yap\u0131lm\u0131\u015f \u015eerefhan taraf\u0131ndan yeniden d\u00fczenlenmi\u015ftir. Medresenin kitabesine g\u00f6re 1589 tarihinde Bitlis &hellip;<\/p>\n","protected":false},"author":32,"featured_media":21844,"comment_status":"open","ping_status":"open","sticky":false,"template":"","format":"standard","meta":{"footnotes":""},"categories":[5371],"tags":[1560,589,5730,2219,5729,3436,4541,963,5733,5732,1616,428,1898,5731],"class_list":["post-21843","post","type-post","status-publish","format-standard","has-post-thumbnail","","category-alinti-yazilar","tag-alim","tag-bitlis","tag-bitlis-hukumdarligi","tag-bitlisname","tag-ihlasiye-medresesi","tag-kultur","tag-kurt-kulturu","tag-kurt-tarihi","tag-kutsal","tag-kutsal-mekanlar","tag-manset","tag-medrese","tag-mele","tag-mola"],"_links":{"self":[{"href":"https:\/\/candname.com\/tr\/index.php?rest_route=\/wp\/v2\/posts\/21843","targetHints":{"allow":["GET"]}}],"collection":[{"href":"https:\/\/candname.com\/tr\/index.php?rest_route=\/wp\/v2\/posts"}],"about":[{"href":"https:\/\/candname.com\/tr\/index.php?rest_route=\/wp\/v2\/types\/post"}],"author":[{"embeddable":true,"href":"https:\/\/candname.com\/tr\/index.php?rest_route=\/wp\/v2\/users\/32"}],"replies":[{"embeddable":true,"href":"https:\/\/candname.com\/tr\/index.php?rest_route=%2Fwp%2Fv2%2Fcomments&post=21843"}],"version-history":[{"count":0,"href":"https:\/\/candname.com\/tr\/index.php?rest_route=\/wp\/v2\/posts\/21843\/revisions"}],"wp:featuredmedia":[{"embeddable":true,"href":"https:\/\/candname.com\/tr\/index.php?rest_route=\/wp\/v2\/media\/21844"}],"wp:attachment":[{"href":"https:\/\/candname.com\/tr\/index.php?rest_route=%2Fwp%2Fv2%2Fmedia&parent=21843"}],"wp:term":[{"taxonomy":"category","embeddable":true,"href":"https:\/\/candname.com\/tr\/index.php?rest_route=%2Fwp%2Fv2%2Fcategories&post=21843"},{"taxonomy":"post_tag","embeddable":true,"href":"https:\/\/candname.com\/tr\/index.php?rest_route=%2Fwp%2Fv2%2Ftags&post=21843"}],"curies":[{"name":"wp","href":"https:\/\/api.w.org\/{rel}","templated":true}]}}