{"id":21840,"date":"2020-12-19T14:59:17","date_gmt":"2020-12-19T11:59:17","guid":{"rendered":"http:\/\/candname.com\/tr\/?p=21840"},"modified":"2020-12-19T14:59:17","modified_gmt":"2020-12-19T11:59:17","slug":"kurt-tarihi-dergisi-42-sayisi-cikti","status":"publish","type":"post","link":"https:\/\/candname.com\/tr\/?p=21840","title":{"rendered":"K\u00dcRT TAR\u0130H\u0130 DERG\u0130S\u0130 42. SAYISI \u00c7IKTI"},"content":{"rendered":"<p>\u00dc\u00e7 g\u00fczel haberimiz var: Evvela, yay\u0131n kurulumuzu geni\u015flettik. Art\u0131k daha geni\u015f ve daha gen\u00e7, yeni ileti\u015fim teknolojileri sayesinde de daha temas i\u00e7erisinde bir yay\u0131n kurulumuz var. Dergiyi dinamikle\u015ftirip, canland\u0131raca\u011f\u0131n\u0131 \u00fcmit ediyoruz. \u0130kinci g\u00fczel haberimiz de \u00e7oktand\u0131r d\u00fc\u015f\u00fcn\u00fcp de yapamad\u0131\u011f\u0131m\u0131z bir i\u015fle ilgili: K\u00fcrt Tarihi art\u0131k e-dergi olarak da yay\u0131mlan\u0131yor. Sonuncusundan ba\u015flanarak derginin b\u00fct\u00fcn say\u0131lar\u0131 e-dergi olarak da sat\u0131\u015fa sunulacak. Bir de fark etmi\u015fsinizdir derginin mizanpaj\u0131 de\u011fi\u015fti. Aysel Kaz\u0131c\u0131 daha estetik ve daha kolay okunabilir bir mizanpaj haz\u0131rlad\u0131 K\u00fcrt Tarihi i\u00e7in.<\/p>\n<ol start=\"42\">\n<li>say\u0131ya gelince&#8230; \u00d6ncelikle bir dosyam\u0131z var. K\u00fcrt hareketinin neredeyse y\u00fcz senesine damga vuran Bedirhan ailesiyle ilgili K\u00fcrt\u00e7e ve T\u00fcrk\u00e7e yaz\u0131lardan olu\u015fan dosyan\u0131n haz\u0131rlanmas\u0131na Bahoz \u015eavata \u00f6nc\u00fcl\u00fck etti. Dosyadaki ilk yaz\u0131 Botan Beyi\u2019nin isyan\u0131na ve sonras\u0131na dair iki \u00e7ok k\u0131ymetli kitab\u0131n yazar\u0131 Ahmet Kardam\u2019\u0131n. Kardam\u2019\u0131n yaz\u0131s\u0131 Bedirhan isyan\u0131n\u0131n temel \u00f6zelliklerini ve sonu\u00e7lar\u0131n\u0131 so\u011fukkanl\u0131 bir perspektifle \u00e7\u00f6z\u00fcml\u00fcyor. Dosyan\u0131n di\u011fer yaz\u0131lar\u0131 Bedirhanlar\u0131n takip eden ku\u015faklar\u0131yla ilgili. Bahoz \u015eavata Mikdat Midhat Bedirhan ve me\u015fhur K\u00fcrdistan gazetesi \u00fczerine yazd\u0131. Seid Veroj\u2019la Celadet ve Kamuran Bedirhan karde\u015fler \u00fczerine Dara Yay\u0131nlar\u0131\u2019ndan \u00e7\u0131kan kitab\u0131yla ilgili s\u00f6yle\u015fiyi de Bahoz \u015eavata yapt\u0131. Celile Celil\u2019in K\u00fcrt\u00e7e yaz\u0131s\u0131 ise Bedirhanlar\u0131n biraz ayr\u0131ks\u0131 fig\u00fcr\u00fc Abd\u00fcrrezzak Bedirhan\u2019la ilgili. Mehmet Emin Pur\u00e7ak\u2019\u0131n yine K\u00fcrt\u00e7e yaz\u0131lm\u0131\u015f yaz\u0131s\u0131 2013\u2019te Erbil\u2019de bas\u0131lan Bedirhaniler Alb\u00fcm\u00fc\u2019ne dair. Dosyan\u0131n son yaz\u0131s\u0131 Rohat Alakom\u2019dan. Alakom\u2019un \u00e7al\u0131\u015fmas\u0131 Bedirhanilerden Ali \u015eamil Pa\u015fa\u2019n\u0131n k\u0131z\u0131 ve Halide Edip Ad\u0131var\u2019\u0131n \u00fcvey karde\u015fi Mahmure Bedirhan hakk\u0131nda.<\/li>\n<\/ol>\n<p>Dosya haricinde de \u00f6nemli katk\u0131lar var bu say\u0131da. Nasruddewle Mardux\u2019un ilk b\u00f6l\u00fcm\u00fcn\u00fc bu say\u0131da yay\u0131mlad\u0131\u011f\u0131m\u0131z yaz\u0131s\u0131 K\u00fcrdistan teriminin tarih boyunca nas\u0131l kullan\u0131ld\u0131\u011f\u0131na dair etkileyici ve emek \u00fcr\u00fcn\u00fc bir \u00e7al\u0131\u015fma. Ahmet \u00d6zer de Nahc\u0131van\u2019da do\u011fduktan sonra ailesiyle s\u00fcr\u00fcld\u00fc\u011f\u00fc Kazakistan\u2019da \u00f6nemli bir bilim insan\u0131 olarak parlayan Nadir Nadirov \u00fczerine yazd\u0131. Bir de K\u00fcrdistan Yahudileri\u2019yle ilgili bir yaz\u0131 var bu say\u0131da. Anjelika Pobedonostseva Kaya ve Art\u00f6m Kirpi\u00e7\u00f6nok\u2019un Rus\u00e7a kaleme ald\u0131\u011f\u0131 yaz\u0131y\u0131 Zelal Konak T\u00fcrk\u00e7ele\u015ftirdi. Son olarak, kitap tan\u0131t\u0131m-ele\u015ftiri k\u0131sm\u0131n\u0131 canland\u0131rmaya karar verdik. J. Andrew Bush\u2019un Between Muslims: Religious Difference in Iraqi Kurdistan ba\u015fl\u0131kl\u0131 \u00e7al\u0131\u015fmas\u0131n\u0131 Metin Atmaca de\u011ferlendirdi.<\/p>\n<ol start=\"43\">\n<li>say\u0131da bulu\u015fmak \u00fczere\u2026<\/li>\n<\/ol>\n<p><strong>K\u00fcrt Tarihi Dergisi Edit\u00f6r<\/strong><\/p>\n<p><strong>\u0130<\/strong><strong>\u00c7\u0130NDEK\u0130LER<\/strong><\/p>\n<ul>\n<li><strong>CO\u011eRAF\u0130 VE S\u0130YAS\u0130 B\u0130R TER\u0130M OLARAK K\u00dcRD\u0130STAN-I<\/strong>\u00a0\u00a0&#8211; NASRUDDEWLE MARDUX<\/li>\n<li><strong>K\u00dcRD\u0130STAN YAHUD\u0130LER\u0130: NEREDEN, NEREYE, NEDEN<\/strong>? &#8211; ANJELIKA POBEDONOSTSEVA KAYA &amp; ART\u00d6M K\u0130RP\u0130\u00c7\u00d6NOK<\/li>\n<li><strong>DOSYA: BED\u0130RHAN\u0130LER<\/strong><\/li>\n<li><strong>M\u0130R BED\u0130RHAN\u2019IN D\u0130REN\u0130\u015e VE \u0130SYANININ \u00d6ZELL\u0130KLER\u0130 YEN\u0130LG\u0130S\u0130N\u0130N NEDEN VE SONU\u00c7LARI\u00a0<\/strong>&#8211; AHMET KARDAM<\/li>\n<li><strong>NAVEK\u00ce P\u00ceROZ Y\u00ca P\u00ceVANA WELATPAR\u00caZ\u00ceY\u00ca EBDURREZAQ BEDIRXAN<\/strong>\u00a0&#8211; CEL\u00ceL\u00ca CEL\u00ceL<\/li>\n<li><strong>M\u0130KDAT M\u0130DHAT BED\u0130RHAN VE K\u00dcRD\u0130STAN GAZETES\u0130\u00a0<\/strong>&#8211; BAHOZ \u015eAVATA<\/li>\n<li><strong>HAL\u0130DE ED\u0130B\u2019\u0130N CAN KARDE\u015e\u0130 MAHMURE BED\u0130RHAN (1877-1939)<\/strong>\u00a0&#8211; ROHAT ALAKOM<\/li>\n<li><strong>BI SE\u00ceD VEROJ RE LI SER PIRT\u00dbKA DU BIRAY\u00caN BEDIRXAN\u00ce: CELADET \u00db KAMIRAN BEDIRXAN (1913 -1923)\u00a0<\/strong>&#8211; HEVPEYV\u00ceN BAHOZ \u015eAVATA<\/li>\n<li><strong>LI SER ALB\u00dbMA BEDIRXANIYAN &#8211;<\/strong>\u00a0\u00a0MEHMET EM\u0130N PUR\u00c7AK<\/li>\n<li><strong>NAD\u0130R NAD\u0130ROV: PETROL VE GAZ B\u0130L\u0130M\u0130N MARE\u015eAL\u0130<\/strong>\u00a0\u00a0&#8211; AHMET \u00d6ZER<\/li>\n<li><strong>BETWEEN MUSL\u0130MS: REL\u0130G\u0130OUS D\u0130FFERENCE \u0130N IRAQ\u0130 KURD\u0130STAN \u00dcZER\u0130NE<\/strong>\u00a0&#8211; MET\u0130N ATMACA<\/li>\n<\/ul>\n<p>&nbsp;<\/p>\n","protected":false},"excerpt":{"rendered":"<p>\u00dc\u00e7 g\u00fczel haberimiz var: Evvela, yay\u0131n kurulumuzu geni\u015flettik. Art\u0131k daha geni\u015f ve daha gen\u00e7, yeni ileti\u015fim teknolojileri sayesinde de daha temas i\u00e7erisinde bir yay\u0131n kurulumuz var. Dergiyi dinamikle\u015ftirip, canland\u0131raca\u011f\u0131n\u0131 \u00fcmit ediyoruz. \u0130kinci g\u00fczel haberimiz de \u00e7oktand\u0131r d\u00fc\u015f\u00fcn\u00fcp de yapamad\u0131\u011f\u0131m\u0131z bir i\u015fle ilgili: K\u00fcrt Tarihi art\u0131k e-dergi olarak da yay\u0131mlan\u0131yor. Sonuncusundan ba\u015flanarak derginin b\u00fct\u00fcn say\u0131lar\u0131 e-dergi &hellip;<\/p>\n","protected":false},"author":32,"featured_media":21841,"comment_status":"open","ping_status":"open","sticky":false,"template":"","format":"standard","meta":{"footnotes":""},"categories":[25],"tags":[108,137,963,117,1616],"class_list":["post-21840","post","type-post","status-publish","format-standard","has-post-thumbnail","","category-tarih","tag-kurdistan","tag-kurt","tag-kurt-tarihi","tag-kurtler","tag-manset"],"_links":{"self":[{"href":"https:\/\/candname.com\/tr\/index.php?rest_route=\/wp\/v2\/posts\/21840","targetHints":{"allow":["GET"]}}],"collection":[{"href":"https:\/\/candname.com\/tr\/index.php?rest_route=\/wp\/v2\/posts"}],"about":[{"href":"https:\/\/candname.com\/tr\/index.php?rest_route=\/wp\/v2\/types\/post"}],"author":[{"embeddable":true,"href":"https:\/\/candname.com\/tr\/index.php?rest_route=\/wp\/v2\/users\/32"}],"replies":[{"embeddable":true,"href":"https:\/\/candname.com\/tr\/index.php?rest_route=%2Fwp%2Fv2%2Fcomments&post=21840"}],"version-history":[{"count":0,"href":"https:\/\/candname.com\/tr\/index.php?rest_route=\/wp\/v2\/posts\/21840\/revisions"}],"wp:featuredmedia":[{"embeddable":true,"href":"https:\/\/candname.com\/tr\/index.php?rest_route=\/wp\/v2\/media\/21841"}],"wp:attachment":[{"href":"https:\/\/candname.com\/tr\/index.php?rest_route=%2Fwp%2Fv2%2Fmedia&parent=21840"}],"wp:term":[{"taxonomy":"category","embeddable":true,"href":"https:\/\/candname.com\/tr\/index.php?rest_route=%2Fwp%2Fv2%2Fcategories&post=21840"},{"taxonomy":"post_tag","embeddable":true,"href":"https:\/\/candname.com\/tr\/index.php?rest_route=%2Fwp%2Fv2%2Ftags&post=21840"}],"curies":[{"name":"wp","href":"https:\/\/api.w.org\/{rel}","templated":true}]}}