{"id":21823,"date":"2020-11-27T21:22:16","date_gmt":"2020-11-27T18:22:16","guid":{"rendered":"http:\/\/candname.com\/tr\/?p=21823"},"modified":"2020-11-27T21:22:16","modified_gmt":"2020-11-27T18:22:16","slug":"nubihar-dergisinin-153-sayisi-cikti","status":"publish","type":"post","link":"https:\/\/candname.com\/tr\/?p=21823","title":{"rendered":"N\u00fbbihar dergisinin 153. say\u0131s\u0131 \u00e7\u0131kt\u0131"},"content":{"rendered":"<div class=\"short_content\">3 ayda bir, K\u00fcrt\u00e7e yay\u0131nlanan N\u00fbbihar dergisi 153. say\u0131s\u0131n\u0131 yay\u0131nlad\u0131. \u200bBu say\u0131da da de\u011fi\u015fik yaz\u0131lar, \u015fiirler ve \u015fiir \u00e7evirileri yer alm\u0131\u015f.<\/div>\n<div id=\"news_content\" class=\"text_content\">\n<p>Genel Yay\u0131n Y\u00f6netmeni S\u00fcleyman \u00c7evik sunu\u015f yaz\u0131s\u0131nda yak\u0131nda zamanda covid-19\u2019den vefat eden 5 ki\u015fiden k\u0131saca bahsetmi\u015f.<\/p>\n<p>Rohat Alakom yaz\u0131s\u0131nda 1934 y\u0131l\u0131nda Ermenistan\u2019\u0131n ba\u015fkenti Erivan\u2019da toplanan Kurdoloji Konferans\u0131n\u0131 i\u015flemi\u015f.<\/p>\n<p>Ro\u015fan Lezg\u00een k\u0131lamlara konu olmu\u015f Ehmed\u00ea Huseyni\u2019yi, ya\u015fad\u0131\u011f\u0131 d\u00f6nemi; \u015eeyh Said sonras\u0131nda olu\u015fan ortam\u0131 yazm\u0131\u015f; Ehmed\u00ea Huseyni \u00fczerine s\u00f6ylenen k\u0131lam\u0131n metnini de yaz\u0131s\u0131na eklemi\u015f.<\/p>\n<p>Se\u00eed Veroj, mecburi iskandan dolay\u0131 S\u00fcleymaniye\u2019den Adana \u00e7evresine g\u00f6\u00e7eden Fanizede Ailesinin unutulmu\u015f bir simas\u0131n\u0131, El\u00ee \u00celm\u00ee Fan\u00ee\u2019yi g\u00fcn\u00fcm\u00fcze ta\u015f\u0131m\u0131\u015f.<\/p>\n<p>Murad Celal\u00ee James Justinian Morier\u2019in \u0130sfahanl\u0131 Hac\u0131 Baba\u2019n\u0131n Maceralar\u0131 adl\u0131 kitap ge\u00e7en Kurd ve Kurdistan ile ilgili metinleri yazm\u0131\u015f.<\/p>\n<p>Perw\u00eez C\u00eehan\u00ee bu say\u0131da daha \u00f6nce 151 say\u0131da yay\u0131nlanm\u0131\u015f olan Axaok\u00ea B\u00eadar\u00ee\u2019nin bir \u015fiirini \u015ferh etmi\u015f.<\/p>\n<p>Abdullah Can 1926 y\u0131l\u0131nda yay\u0131nlanan Nasreddin Hoca\u2019n\u0131n f\u0131kralar\u0131nda K\u00fcrtlerden bahseden birka\u00e7 yeri yaz\u0131s\u0131na konu etmi\u015f.<\/p>\n<p>Metin Y\u00fcksel ge\u00e7en d\u00f6nemde 3 y\u0131l aral\u0131ks\u0131z Kurdistan24 Tv\u2019inde yay\u0131nlanan Qelenderxan adl\u0131 \u015fiir program\u0131n\u0131 yazm\u0131\u015f; programlara kat\u0131lan konuklar\u0131n listesini vererek merakl\u0131 olanlar\u0131n ilgisine sunmu\u015f.<\/p>\n<p>Rahmetullah Karakaya Mela Husn\u00ee Hez\u00een\u2019in \u201cH\u00ealiya Heq\u00eeqet\u00ea, Xatirey\u00ean Heyat\u00ea\u201d adl\u0131 kitab\u0131n\u0131 okuyuculara tan\u0131tm\u0131\u015f.<\/p>\n<p>Bu say\u0131da iki s\u00f6yle\u015fi var: Nihat G\u00fcltekin Cem\u00eele Cel\u00eel ile, Kamil Basirgan da Abdullah \u0130ncekan ile s\u00f6yle\u015fmi\u015f.<\/p>\n<p>Rojen Barnas ve Berken Bereh gibi \u00f6nemli \u015fairlerin \u015fiirlerinin yan\u0131 s\u0131ra, ayr\u0131ca \u015fu ki\u015filer bu say\u0131da yer alm\u0131\u015f: Qedr\u00ee Sipran\u00ee, Se\u2019diy\u00ea \u015e\u00eeraz\u00ee, Kevok Mizg\u00een, Melay\u00ea Ciz\u00eer\u00ee, \u2018El\u00ee Kemal Bap\u00eer, Tengezar Mar\u00een\u00ee, R\u00fbbar El\u00ee, Evdilxaliq\u00ea \u00cesa, Mela Muhemmed Gulnar, Bamed Serdar, Talat \u0130nan\u00e7, Occo Mahabad, Molla Sur\u00fbr\u00ee Efend\u00ee, Hanifi Ta\u015fk\u0131n, Yusif H\u00ea\u015fet\u00ee, Nas\u0131r Kemalo\u011flu, Fuz\u00fbl\u00ee, Y\u0131lmaz Budancamanak, Fraz\u00ea Xoyt\u00ee \u00fb Receb Dildar.<\/p>\n<p><strong>153. say\u0131n\u0131n i\u00e7eri\u011fi:<\/strong><\/p>\n<p><img decoding=\"async\" src=\"https:\/\/www.ilkehaber.com\/d\/other\/nubihar-450-001.jpg\" alt=\"nubihar-450-001.jpg\" \/>S\u00fcleyman \u00c7evik\/Ji Ed\u00eetor<\/p>\n<p>Rohat Alakom\/Konferansa Kurdnasiy\u00ea (Rewan -1934)<\/p>\n<p>Rojen Barnas\/Sorgula Dilgez<\/p>\n<p>Ahmet Aras\/Kurdperwerek\u00ee b\u00ea hesab: Dewr\u00ea\u015f\u00ea Sado<\/p>\n<p>Ro\u015fan Lezg\u00een\/Kilama Ehmed\u00ea Huseyn\u00ee<\/p>\n<p>Berken Bereh Axa Sar<\/p>\n<p>Se\u00eed Veroj\/Sirg\u00fbnek\u00ee Peymana Lozan\u00ea ji L\u00eesteya 150an: El\u00ee \u00celm\u00ee Fan\u00ee<\/p>\n<p>Qedr\u00ee Sipran\u00ee\/Qurix\u00ea li Bost\u00ean xistiye, \u015fev li \u015eiv\u00ean geriyaye<\/p>\n<p>Murad Celal\u00ee\/W\u00eaneyek\u00ee Kurd \u00fb Kurdistan\u00ea y\u00ea bi dest\u00ea James Morier hatiye ki\u015fandin<\/p>\n<p>Se\u2019diy\u00ea \u015e\u00eeraz\u00ee\/Find\u00ea \u00fb Perwane (ji Faris\u00ee Werger: Hayrullah Acar)<\/p>\n<p>Perw\u00eez C\u00eehan\u00ee\/\u015eiroveya helbesteke Axayok\u00ea B\u00eadar\u00ee \u00fb rexne li ser t\u00eepguh\u00eaz\u00eeya w\u00ea<\/p>\n<p>Kevok Mizg\u00een\/Aheng<\/p>\n<p>Abdullah Can\/Di p\u00eakenok\u00ean Mela Nesred\u00een de behsa Kurdan<\/p>\n<p>Melay\u00ea Ciz\u00eer\u00ee\/\u015eewdir\u00ea To\u2019b Xeyr Xana Mi (Kurmanc\u00ee ra A\u00e7arnayi\u015f: \u00d6mer Faruk \u00c7etinkaplan)<\/p>\n<p>\u2018El\u00ee Kemal Bap\u00eer (Kemal\u00ee)\/\u015ea\u2019\u00eer\u00ean Navwenda y\u00ean Kurd -2-\u00a0 (Ji Soran\u00ee \u00fb Ferhengok: H\u00eamin Omar Ahmad)<\/p>\n<p>Abdullah \u0130ncekan: Div\u00ea em Kurd j\u00ee z\u00eadetir bala xwe bidin werger\u00ea (Hevpeyv\u00een: Kamil Basirgan)<\/p>\n<p>Tengezar Mar\u00een\u00ee\/K\u00ealiy\u00ean lixweveger\u00ea<\/p>\n<p>R\u00fbbar El\u00ee\/Raper\u00een<\/p>\n<p>Evdilxaliq\u00ea \u00cesa\/\u015eer\u00ea Sivik<\/p>\n<p>Mela Muhemmed Gulnar\/Mersiya Mela Nizamedd\u00een\u00ea Tetwan\u00ee (Veguh\u00eaztina ji t\u00eep\u00ean \u2018Ereb\u00ee: S\u00eepan\u00ee)<\/p>\n<p>Metin Y\u00fcksel\/Qelenderxane: Mektebek li ser \u015eair\u00ean Kurd<\/p>\n<p>Bamed Serdar\/Li te di\u011ferim<\/p>\n<p>Talat \u0130nan\u00e7\/Ebbas\u00ea Xwenenas<\/p>\n<p>Occo Mahabad\/Xweku\u015ftineke Qed\u00eefey\u00ee: \u00ceran Xanim<\/p>\n<p>Molla Sur\u00fbr\u00ee Efend\u00ee\/Nameyeke Menz\u00fbm (Amadekar: Ahmet Gem\u00ee)<\/p>\n<p>Hanifi Ta\u015fk\u0131n\/Sey\u00eed Ebdullah Arvas\u00ee\/Dilbir\u00een \u00fb D\u00eewana W\u00ee<\/p>\n<p>Yusif H\u00ea\u015fet\u00ee\/Ku bikem ez?<\/p>\n<p>Nas\u0131r Kemalo\u011flu\/Ziman giyan\u00ea nasnamey\u00ea ye<\/p>\n<p>Fuz\u00fbl\u00ee\/Qes\u00eeda der Ne\u2019t\u00ea Hazret\u00ea Nebew\u00ee: Qes\u00eeda Av\u00ea (Wergera ji Tirk\u00ee: Halil \u0130brahim Sofuo\u011flu)<\/p>\n<p>Cem\u00eela Cel\u00eel: Der\u00ea bav\u00ea min tim\u00ee vekir\u00ee ye heta roja \u00eero j\u00ee! (Hevpeyv\u00een: Nihat G\u00fcltekin)<\/p>\n<p>Y\u0131lmaz Budancamanak\/Def\u00ea S\u00eeney\u00ee<\/p>\n<p>Fraz\u00ea Xoyt\u00ee\/Berdin bila b\u00ea<\/p>\n<p>Rahmetullah Karakaya\/H\u00ealiya Heq\u00eeqet\u00ea, Xatirey\u00ean Heyat\u00ea<\/p>\n<p>Receb Dildar\/Romana ku hesaran dir\u00fbx\u00eene<\/p>\n<p><strong>\u0130lke Haber<\/strong><\/p>\n<\/div>\n","protected":false},"excerpt":{"rendered":"<p>3 ayda bir, K\u00fcrt\u00e7e yay\u0131nlanan N\u00fbbihar dergisi 153. say\u0131s\u0131n\u0131 yay\u0131nlad\u0131. \u200bBu say\u0131da da de\u011fi\u015fik yaz\u0131lar, \u015fiirler ve \u015fiir \u00e7evirileri yer alm\u0131\u015f. Genel Yay\u0131n Y\u00f6netmeni S\u00fcleyman \u00c7evik sunu\u015f yaz\u0131s\u0131nda yak\u0131nda zamanda covid-19\u2019den vefat eden 5 ki\u015fiden k\u0131saca bahsetmi\u015f. Rohat Alakom yaz\u0131s\u0131nda 1934 y\u0131l\u0131nda Ermenistan\u2019\u0131n ba\u015fkenti Erivan\u2019da toplanan Kurdoloji Konferans\u0131n\u0131 i\u015flemi\u015f. Ro\u015fan Lezg\u00een k\u0131lamlara konu olmu\u015f Ehmed\u00ea &hellip;<\/p>\n","protected":false},"author":32,"featured_media":21824,"comment_status":"open","ping_status":"open","sticky":false,"template":"","format":"standard","meta":{"footnotes":""},"categories":[158],"tags":[5517,1616,180],"class_list":["post-21823","post","type-post","status-publish","format-standard","has-post-thumbnail","","category-dergicilik","tag-ilke-haber","tag-manset","tag-nubihar"],"_links":{"self":[{"href":"https:\/\/candname.com\/tr\/index.php?rest_route=\/wp\/v2\/posts\/21823","targetHints":{"allow":["GET"]}}],"collection":[{"href":"https:\/\/candname.com\/tr\/index.php?rest_route=\/wp\/v2\/posts"}],"about":[{"href":"https:\/\/candname.com\/tr\/index.php?rest_route=\/wp\/v2\/types\/post"}],"author":[{"embeddable":true,"href":"https:\/\/candname.com\/tr\/index.php?rest_route=\/wp\/v2\/users\/32"}],"replies":[{"embeddable":true,"href":"https:\/\/candname.com\/tr\/index.php?rest_route=%2Fwp%2Fv2%2Fcomments&post=21823"}],"version-history":[{"count":0,"href":"https:\/\/candname.com\/tr\/index.php?rest_route=\/wp\/v2\/posts\/21823\/revisions"}],"wp:featuredmedia":[{"embeddable":true,"href":"https:\/\/candname.com\/tr\/index.php?rest_route=\/wp\/v2\/media\/21824"}],"wp:attachment":[{"href":"https:\/\/candname.com\/tr\/index.php?rest_route=%2Fwp%2Fv2%2Fmedia&parent=21823"}],"wp:term":[{"taxonomy":"category","embeddable":true,"href":"https:\/\/candname.com\/tr\/index.php?rest_route=%2Fwp%2Fv2%2Fcategories&post=21823"},{"taxonomy":"post_tag","embeddable":true,"href":"https:\/\/candname.com\/tr\/index.php?rest_route=%2Fwp%2Fv2%2Ftags&post=21823"}],"curies":[{"name":"wp","href":"https:\/\/api.w.org\/{rel}","templated":true}]}}