{"id":21701,"date":"2020-08-08T17:21:32","date_gmt":"2020-08-08T14:21:32","guid":{"rendered":"http:\/\/candname.com\/tr\/?p=21701"},"modified":"2021-02-20T13:58:18","modified_gmt":"2021-02-20T10:58:18","slug":"kurt-sinemasi-demesek-de-olur-bari-turkiye-sinemasinda-anlasalim","status":"publish","type":"post","link":"https:\/\/candname.com\/tr\/?p=21701","title":{"rendered":"&#8220;K\u00fcrt Sinemas\u0131 demesek de olur, bari T\u00fcrkiye Sinemas\u0131\u2019nda anla\u015fal\u0131m&#8221;"},"content":{"rendered":"<p><em>Saraybosna Film Festivali\u2019nde, festivalin b\u00fcy\u00fck \u00f6d\u00fcl\u00fcn\u00fc kazanan \u2018Klama Dayika Min\u2019i (Annemin \u015eark\u0131s\u0131) y\u00f6netmen Erol Minta\u015f\u2019\u0131n ve ba\u015frol oyuncusu Feyyaz Duman\u2019la konu\u015ftuk.<\/em><\/p>\n<p><em>Haftan\u0131n ba\u015f\u0131ndan itibaren \u2018Saraybosna Film Festivali\u2019nde T\u00fcrk filmine iki \u00f6d\u00fcl\u2019 ba\u015fl\u0131kl\u0131 haberlerden, y\u00f6netmen Erol Minta\u015f\u2019\u0131n, anne-o\u011ful \u00fc\u00e7lemesinin son filmi \u2018Klama Dayika Min\u2019 (Annemin \u015eark\u0131s\u0131) filmiyle Saraybosna Film Festivali\u2019nde, festivalin b\u00fcy\u00fck \u00f6d\u00fcl\u00fc \u2018Saraybosna\u2019n\u0131n Kalbi\u2019ni, filmin ba\u015frol oyuncusu Feyyaz Duman\u2019\u0131n ise \u2018En \u0130yi Erkek Oyuncu \u00d6d\u00fcl\u00fc\u2019n\u00fc kazand\u0131\u011f\u0131n\u0131 okuduk. Film, 90larda zorunlu g\u00f6\u00e7le Tarlaba\u015f\u0131\u2019na yerle\u015fen ve kentsel d\u00f6n\u00fc\u015f\u00fcm belas\u0131yla Esenyurt\u2019a ikinci kez g\u00f6\u00e7 etmek zorunda kalan bir anne ve o\u011fulun hik\u00e2yesi anlat\u0131yor ve ba\u015ftan sona K\u00fcrt\u00e7e. Minta\u015f ve Duman\u2019la \u2018her \u015feye T\u00fcrk etiketi koyma ihtiyac\u0131\u2019n\u0131, filmin maceras\u0131n\u0131 ve kimliklerin belirleyicili\u011fini konu\u015ftuk.<\/em><\/p>\n<ul>\n<li>Saraybosna Festivali\u2019nde \u00f6d\u00fcl\u00fc kabul ederken ne dediniz?<\/li>\n<\/ul>\n<p>Erol Minta\u015f &#8211; Anadolu Ajans\u0131 benim \u00f6d\u00fcl\u00fc al\u0131rken dediklerimi tamamen yanl\u0131\u015f ge\u00e7ti. G\u00fcya \u201cFilm sayesinde Sincar\u2019da neler oldu\u011funu biliyorsunuz\u201d gibi bir laf etmi\u015fim. Hatta filmdeki Z\u00fcbeyde annenin de benim annem oldu\u011funu yazd\u0131lar. De\u011fil. Z\u00fcbeyde anne de yan\u0131mdayd\u0131 \u00f6d\u00fcl\u00fc al\u0131rken, onun \u015fahs\u0131nda; 80\u2019lerde Halep\u00e7e Katliam\u0131\u2019nda ve \u015eengal\u2019deki Ezidi katliam\u0131 sonucu \u00e7ocuklar\u0131n\u0131 kaybeden annelere, Cumartesi Anneleri\u2019ne, evlatlar\u0131n\u0131n mezarlar\u0131n\u0131 h\u00e2l\u00e2 arayan annelere adad\u0131m filmi.<\/p>\n<p>Feyyaz Duman &#8211; Zaman darl\u0131\u011f\u0131ndan, \u00f6d\u00fcl\u00fc al\u0131rken s\u00f6yleyemedim, sizin arac\u0131l\u0131\u011f\u0131n\u0131zla s\u00f6yleyeyim. Ben de \u00f6d\u00fcl\u00fcm\u00fc anne-o\u011ful ili\u015fkisinden mahrum b\u0131rak\u0131lan herkese ad\u0131yorum.<\/p>\n<ul>\n<li>Annelere adanan bir \u00f6d\u00fcl, anne-o\u011ful \u00fc\u00e7lemeniz derken, \u2018anne\u2019yi konu\u015fal\u0131m.<\/li>\n<\/ul>\n<p><strong>E.A.<\/strong>\u00a090\u2019lardan \u00f6nce, anadilimizle olan b\u00fct\u00fcn temaslar\u0131m\u0131z kesilmi\u015fken, bir s\u00fcr\u00fc K\u00fcrt \u00e7ocu\u011fu gibi benim de elimde kalan tek \u015fey annemdi. A\u00e7\u0131k\u00e7as\u0131 dilimi koruyor olmam\u0131n sebebi odur. \u015eu anda K\u00fcrt\u00e7e film yap\u0131yorsam anneme bor\u00e7luyum. Annem \u00e7ok iyi bir hik\u00e2ye anlat\u0131c\u0131s\u0131d\u0131r, k\u00fc\u00e7\u00fckken b\u00fct\u00fcn k\u00f6y \u00e7ocuklar\u0131 soban\u0131n etraf\u0131nda toplan\u0131rd\u0131k ve o bize \u00e7ok g\u00fczel masallar anlat\u0131rd\u0131. Hatta \u00f6yle hik\u00e2yelerdi ki bunlar, sonradan izledi\u011fim filmlerde o hik\u00e2yeleri g\u00f6r\u00fcyordum. Yerevan Radyosu\u2019nu sevdirdi annem bize. \u00c7ocuklu\u011fumda Yerevan\u2019\u0131n \u00e7ok \u00f6zel bir yeri var. \u00c7ok g\u00fczel radyo tiyatrosu yap\u0131l\u0131rd\u0131. Onlar dinledi\u011fimiz ilk tiyatro oyunlar\u0131yd\u0131. Bu y\u00fczden de ilk filmim \u2018Butimar\u2019da, bir hurda arabas\u0131n\u0131n \u00fczerinde ko\u015ftura ko\u015ftura annesini hastaneye yeti\u015ftirmeye \u00e7al\u0131\u015fan bir o\u011ful g\u00f6r\u00fcrs\u00fcn\u00fcz. Do\u011fu Beyaz\u0131t\u2019ta \u00e7ekti\u011fim \u2018Berf\u2019te \u00f6lmek \u00fczere olan bir annenin son iste\u011fi, A\u011fr\u0131\u2019dan bir avu\u00e7 kar. Bu kar, o\u011flunu gerilla sava\u015f\u0131nda kaybeden ve cenazesini alamayan anneye \u00e7ok \u015fey ifada ediyor. O\u011flunu da\u011f ile \u00f6zde\u015fle\u015ftirdi\u011fi i\u00e7in, kar ona o\u011flunun kokusu gibi geliyor. Bunlar hep annelerden duydu\u011fum hik\u00e2yelerle \u015fekillenen filmler.<\/p>\n<ul>\n<li>\u2018Annemin \u015eark\u0131s\u0131\u2019ndaki Z\u00fcbeyde anneyi bulmak kolay oldu mu?<\/li>\n<\/ul>\n<p><strong>E.A. <\/strong>Kolay olmad\u0131. Senaryoyu yazarken de biliyordum bunu. Yaz\u0131m a\u015famas\u0131nda g\u00f6z\u00fcm\u00a0 hep anneyi ar\u0131yordu. Bilgi \u00dcniversitesi\u2019nde Ermeni Katliam\u0131 \u00fczerine bir panel vard\u0131, Z\u00fcbeyde anne de oraya konu\u015fmac\u0131 olarak gelmi\u015fti. Diyarbak\u0131r\u2019da bir Ermeni mahallesinde ya\u015f\u0131yormu\u015f anne. Oradaki kom\u015fuluklar eskiden nas\u0131ld\u0131, \u015fimdi nas\u0131l gibi konular \u00fczerine konu\u015fuluyordu, herkes kendi an\u0131lar\u0131n\u0131 anlat\u0131yordu. G\u00f6r\u00fcr g\u00f6rmez anlad\u0131m onun filmimdeki anne olaca\u011f\u0131n\u0131. Anlatt\u0131m, katiyen kabul etmedi. Diyarbak\u0131r\u2019daki ailesini bile i\u015fin i\u00e7ine katt\u0131m. Herkes de istiyordu filmde olmas\u0131n\u0131. \u0130ki y\u0131l\u0131m\u0131 ald\u0131 onu ikna etmek.<\/p>\n<ul>\n<li>Filmleriniz, K\u00fcrt\u00e7e olmas\u0131n\u0131n yan\u0131nda, K\u00fcrt k\u00fclt\u00fcr\u00fcnden de \u00e7ok\u00e7a \u00f6\u011fe ta\u015f\u0131yor\u2026<\/li>\n<\/ul>\n<p>E.A. Kesinlikle. Hatta baz\u0131 \u00f6\u011feler o kadar K\u00fcrtlere ait ki, insanlar anlam\u0131yor olabilirler. G\u00fcnl\u00fck rit\u00fcellerin simgele\u015fti\u011fi anlat\u0131lar\u0131m var.<\/p>\n<ul>\n<li>H\u00e2l b\u00f6yleyken, \u00f6d\u00fcl\u00fc ald\u0131ktan sonra bas\u0131nda filminize \u2018T\u00fcrk filmi\u2019 denmesini nas\u0131l kar\u015f\u0131l\u0131yorsunuz?<\/li>\n<\/ul>\n<p><strong>E.A. <\/strong>Bunu bir t\u00fcrl\u00fc anlam\u0131\u015f de\u011filim. K\u00fcrt sorununu \u00e7\u00f6zmeye \u00e7al\u0131\u015ft\u0131\u011f\u0131m\u0131z bu zamanda, bu \u00fcslubun de\u011fi\u015fmesi gerek. En az\u0131ndan T\u00fcrkiye Sinemas\u0131 denilebilir. Baz\u0131lar\u0131 K\u00fcrdistan filmi diyebilir miyiz diye soruyor. Filmin dili K\u00fcrt\u00e7e. Yap\u0131m, T\u00fcrkiye, Fransa ve Almanya ortam yap\u0131m\u0131. K\u00fclt\u00fcr Bakanl\u0131\u011f\u0131\u2019ndan destek ald\u0131k. Dolay\u0131s\u0131yla bu film buraya ait. Ben de zaten T\u00fcrkiye vatanda\u015f\u0131 K\u00fcrt bir y\u00f6netmenim. Yine de filmin K\u00fcrt\u00e7e oldu\u011fundan, filmin K\u00fcrt\u00e7e ad\u0131 \u2018Klama Dayika Min\u2019den s\u00f6z edilmesi gerekiyordu.<\/p>\n<p><strong>F.D. <\/strong>Mesela ge\u00e7en y\u0131l Hinar Saleem\u2019in filmiyle Cannes\u2019a kat\u0131ld\u0131\u011f\u0131m\u0131zda da gazetelerde \u2018Unutulan T\u00fcrkler\u2019 diye haber \u00e7\u0131km\u0131\u015ft\u0131. Film K\u00fcrdistan Federal H\u00fck\u00fcmeti, Alman ve Frans\u0131z ortak yap\u0131m\u0131. Cannes\u2019da da d\u00f6rt tane K\u00fcrt oyuncu vard\u0131, onlar da filmin ba\u015frol oyuncular\u0131.<\/p>\n<ul>\n<li>Bir \u00f6d\u00fcl al\u0131nd\u0131\u011f\u0131 zaman hemen T\u00fcrk etiketi ile pazarlamaya bay\u0131l\u0131yoruz de\u011fil mi ?<\/li>\n<\/ul>\n<p><strong>E.A. <\/strong>\u00c7ok enteresan bir al\u0131\u015fkanl\u0131k, tak\u0131nt\u0131 gibi herhalde. Her \u015feye T\u00fcrk etiketi koyma ihtiyac\u0131, her \u015feyi bir ulusun ba\u015far\u0131s\u0131 gibi k\u0131lmaya \u00e7al\u0131\u015fmak do\u011fru de\u011fil.<\/p>\n<ul>\n<li>Filminizi \u2018T\u00fcrk\u2019 filmi diye pazarlayanlar\u0131n, asl\u0131nda bu filmde anlat\u0131lanlar\u0131 konu\u015fmaktan ka\u00e7\u0131nd\u0131klar\u0131n\u0131 da biliyoruz\u2026 Fatih Ak\u0131n\u2019\u0131n \u2018The Cut\u2019\u0131n\u0131n veya sizin filminizin i\u00e7eri\u011fiyle ilgili hi\u00e7bir \u015fey yaz\u0131lmad\u0131.<\/li>\n<\/ul>\n<p><strong>E.A.<\/strong>\u00a0\u201cT\u00fcrkiye de\u011fi\u015fti, art\u0131k burada her \u015feyi konu\u015fuyoruz\u201d diyoruz da, asl\u0131nda konu\u015fuyor gibi yap\u0131yoruz. Daha k\u00f6t\u00fc \u015feylere sebebiyet verebilir bu tav\u0131r. B\u0131rak\u0131n insanlar filmlerle do\u011frudan ili\u015fki kursun. G\u00f6receksiniz o zaman hi\u00e7 sorun olmayacak, ama siz araya girmeyin yeter. Manip\u00fclasyon, dezenformasyon yapmadan do\u011fru i\u00e7eri\u011fi aktar\u0131p, karar\u0131 seyirciye b\u0131rak\u0131n.<\/p>\n<ul>\n<li>Devlet politikalar\u0131nda pasif-agresif bir tav\u0131r hissediyorum. Mesela sizin filminizi desteklemekte hi\u00e7bir sak\u0131nca g\u00f6r\u00fclmezken, filminizde de aktard\u0131\u011f\u0131n\u0131z K\u00fcrt halk\u0131n\u0131n asli problemlerinin, K\u00fcrt siyaset\u00e7iler d\u0131\u015f\u0131nda, kimse taraf\u0131ndan dillendirildi\u011fini duymuyoruz.<\/li>\n<\/ul>\n<p><strong>E.A. <\/strong>Artuklu \u00dcniversitesi\u2019nden mezun olan K\u00fcrt\u00e7e dil hocalar\u0131 atanam\u0131yorlar diye grev yap\u0131yorlar bu ara. K\u00fcrt\u00e7e dili se\u00e7meli olarak koydular, \u00f6\u011frenci se\u00e7mek istedi\u011finde \u00f6\u011fretmen yok diyorlar. Bu sorunlar giderilmedik\u00e7e bir \u015feyin \u00e7\u00f6z\u00fcld\u00fc\u011f\u00fcn\u00fc, ilerledi\u011fimizi s\u00f6yleyemem.<\/p>\n<p><iframe loading=\"lazy\" title=\"Klama Dayika Min \/ Annemin \u015eark\u0131s\u0131  \/ Song of My Mother - Resmi Fragman (Official Trailer)\" src=\"https:\/\/player.vimeo.com\/video\/104635631?dnt=1&amp;app_id=122963\" width=\"618\" height=\"348\" frameborder=\"0\" allow=\"autoplay; fullscreen; picture-in-picture; clipboard-write\"><\/iframe><\/p>\n<ul>\n<li>Filmlerinize d\u00f6nersek, \u00fc\u00e7 filminizde de hep bir k\u00f6ye d\u00f6n\u00fc\u015f ukdesi var. K\u00f6ylere d\u00f6n\u00fclebilir mi veya d\u00f6n\u00fclse eskisi gibi olur mu?<\/li>\n<\/ul>\n<p><strong>E.A. <\/strong>Kendi k\u00f6y\u00fcn\u00fc yeniden in\u015fa edip, orada ya\u015famak isteyenler varsa bunun \u00f6n\u00fc a\u00e7\u0131lmal\u0131. Tazminatla, onunla, bununla\u2026 Onun d\u0131\u015f\u0131nda, b\u00fcy\u00fck \u015fehirlerde milyonlarca K\u00fcrt var, Feyyaz da ben de burada hayat\u0131m\u0131z\u0131 kurduk ve bundan sonra burada ya\u015fayaca\u011f\u0131z. Dolay\u0131s\u0131yla, \u0130stanbul\u2019daki ve di\u011fer b\u00fcy\u00fck \u015fehirlerdeki K\u00fcrtlerin nas\u0131l ya\u015fayaca\u011f\u0131 da \u00e7ok \u00f6nemli bir mesele. B\u00fcy\u00fck \u015fehirlerde ya\u015fayan K\u00fcrtlerin sorunlar\u0131yla, K\u00fcrtlerin \u00e7o\u011funlukta oldu\u011fu \u015fehirlerde ya\u015fayan K\u00fcrtlerin sorunlar\u0131 birbirinden ayr\u0131lmaya ba\u015fl\u0131yor. B\u00fcy\u00fck \u015fehirlerdeki K\u00fcrtlerin hayat\u0131 iki dilli devam ediyor ve neden \u0130stanbul\u2019da metrolarda K\u00fcrt\u00e7e tabelalar olmas\u0131n? Duraklarda niye K\u00fcrt\u00e7e durak isimleri yok? Zorunlu g\u00f6\u00e7, sava\u015f s\u0131ras\u0131nda \u00e7ocuk olan bug\u00fcn\u00fcn gen\u00e7 K\u00fcrt ku\u015fa\u011f\u0131n\u0131n b\u00fcy\u00fck\u015fehirlere b\u00fcy\u00fck bir etkisi var. \u0130stanbullu K\u00fcrtler oldu\u011funu kabul etmemiz gerekiyor mesela. Kitleleri d\u0131\u015flay\u0131p, onlar\u0131 \u0130stanbulluluk duygusundan uzakla\u015ft\u0131r\u0131yorlar. Halbuki bu insanlar 30 y\u0131ld\u0131r \u0130stanbul\u2019da, art\u0131k onlara \u0130stanbulluluk duygusunun verilmesi gerekiyor.<\/p>\n<ul>\n<li>\u0130stanbulluluk duygusu nas\u0131l bir \u015fey?<\/li>\n<\/ul>\n<p><strong>E.A. <\/strong>Ya\u015fad\u0131\u011f\u0131n\u0131z \u015fehre sahip \u00e7\u0131kmam\u0131za izin verilmiyor. Buray\u0131 g\u00fczelle\u015ftirerek, kendi rengimizi vererek ula\u015fabiliriz bu duyguya. Kendimize dair bir \u015fey bulmam\u0131z gerek \u015fehirde. Mesela Ermenilerin ya\u015fad\u0131\u011f\u0131 mahallede Ermenice tabelalar olsun, ne kaybederiz?<\/p>\n<ul>\n<li>\u2018Annemin \u015eark\u0131s\u0131\u2019nda da g\u00f6rd\u00fc\u011f\u00fcm\u00fcz, kentsel d\u00f6n\u00fc\u015f\u00fcmle birlikte ikinci kez g\u00f6\u00e7 eden K\u00fcrtler nas\u0131l ba\u015fa \u00e7\u0131k\u0131yor bununla?<\/li>\n<\/ul>\n<p><strong>E.A. <\/strong>Bir kez her insan g\u00f6\u00e7menli\u011fi kald\u0131rabilir ama bence d\u00fcnyan\u0131n en zor \u015feyi ikinci zorunlu g\u00f6\u00e7t\u00fcr. 90\u2019larda k\u00f6yleri yak\u0131l\u0131p bo\u015falt\u0131lan insanlar i\u00e7in Tarlaba\u015f\u0131 bir simge, Tarlaba\u015f\u0131 gibi bir\u00e7ok semt de var. \u015eimdi bu insanlar zorunlu kentsel d\u00f6n\u00fc\u015f\u00fcmle bir kez daha yerlerinden edildi. Z\u00fcbeyde annenin de ya\u015fad\u0131\u011f\u0131 gibi, bedenen ve ruhen ikinci bir g\u00f6\u00e7e haz\u0131r de\u011filler. Abbas Kiarostami\u2019nin de dedi\u011fi gibi \u201cSiz bir meyve a\u011fac\u0131n\u0131 topra\u011f\u0131ndan kopar\u0131rsan\u0131z, o meyve a\u011fac\u0131 bir daha meyve vermez. Verse de bir daha ayn\u0131 tatta olmaz.\u201d<\/p>\n<ul>\n<li>Ben sizi K\u00fcrt oyuncu, K\u00fcrt y\u00f6netmen olarak kategorize etmekten dahi rahats\u0131zl\u0131k duyuyorum asl\u0131nda. Filminize \u2018T\u00fcrk\u2019 filmi dendik\u00e7e, benim bast\u0131ra bast\u0131ra \u2018Onlar K\u00fcrt, film K\u00fcrt\u00e7e\u2019 diyesim geliyor.<\/li>\n<\/ul>\n<p><strong>E.A. \u00a0<\/strong>Ben K\u00fcrt y\u00f6netmenim derken, s\u0131n\u0131rlar \u00e7izmek i\u00e7in de\u011fil, baz\u0131 s\u0131n\u0131rlar\u0131n, \u00f6nyarg\u0131lar\u0131n a\u015f\u0131lmas\u0131 i\u00e7in diyorum. Bir filmin K\u00fcrt\u00e7e \u00e7ekiliyor olmas\u0131 inan\u0131n bir filme \u00e7ok fazla de\u011fer katm\u0131yor.<\/p>\n<p><strong>\u2018K\u00fcrt\u00e7e oynamay\u0131 risk olarak alg\u0131lamak siyaseten de K\u00fcrt\u00e7eyi reddetmem anlam\u0131na gelir&#8217;<\/strong><\/p>\n<ul>\n<li>Filmde canland\u0131rd\u0131\u011f\u0131n\u0131z Ali nas\u0131l biri, Sevdiniz mi onu?<\/li>\n<\/ul>\n<p><strong>F.D. <\/strong>Ali\u2019den \u00e7ok farkl\u0131 bir hayat hik\u00e2yem yok. Mardinliyim. 87\u2019de, ben 5 ya\u015f\u0131ndayken K\u00fcrtlerin zorunlu g\u00f6\u00e7\u00fcnden ayr\u0131 olarak, ekonomik nedenlerden dolay\u0131 \u0130stanbul\u2019a ta\u015f\u0131nd\u0131k. \u0130ki dille b\u00fcy\u00fcd\u00fcm. 12 ya\u015f\u0131nda Mezopotamya K\u00fclt\u00fcr Merkezi\u2019ne ba\u015flad\u0131m, orada m\u00fczik, tiyatro, halk danslar\u0131, K\u00fcrt k\u00fclt\u00fcr\u00fc ve sanat\u0131yla ilgili \u00e7ok fazla ders ald\u0131m. Bran\u015fla\u015fmam gerekince tiyatroda karar k\u0131ld\u0131m. Ailemle \u00e7ok fazla m\u00fcnaka\u015fam oldu bu konuyla ilgili. Sadece K\u00fcrtler de\u011fil, T\u00fcrkiye\u2019deki b\u00fct\u00fcn halklar\u0131n korkusu \u00e7ocuklar\u0131n\u0131n sanatla ilgilenmesi, para kazanamamas\u0131d\u0131r. Benim de vard\u0131 \u00f6yle kayg\u0131lar\u0131m. K\u00fcrt sanat\u0131 ve k\u00fclt\u00fcr\u00fcyle ilgilenmenin bana ekonomik olarak ne gibi bir fayda sa\u011flayaca\u011f\u0131n\u0131 d\u00fc\u015f\u00fcn\u00fcrd\u00fcm hep. Ali\u2019nin de \u00f6yle bir problemi var. Ali bir yazar ama ge\u00e7inemedi\u011finden \u00f6\u011fretmenlik yapmak zorunda.<\/p>\n<ul>\n<li>Baya da yak\u0131\u015f\u0131kl\u0131s\u0131n\u0131z asl\u0131nda.\u00a0 K\u00fcrt\u00e7e bir filmde oynayarak marjinalle\u015fti\u011finizi, bir oyuncu daha da fazla risk ald\u0131\u011f\u0131n\u0131z\u0131 biliyorsunuz de\u011fil mi?<\/li>\n<\/ul>\n<p><strong>F.D. <\/strong>Evet. Ama ben 12 ya\u015f\u0131ndan beri K\u00fcrt\u00e7e tiyatro yap\u0131yorum, 1999\u2019da H\u00fcseyin Karabey\u2019in \u2018Boran\u2019 filmiyle de K\u00fcrt\u00e7e sinemaya ad\u0131m att\u0131m. K\u00fcrt\u00e7e oynamamak, onu bir risk olarak alg\u0131lamak benim siyaseten de K\u00fcrt\u00e7eyi reddetmem anlam\u0131na gelir. Bir kap\u0131 a\u00e7\u0131lacak diye ana kap\u0131y\u0131 kapatmay\u0131 ahlakl\u0131 bulmam. Ama evet piyasaya girebilmek i\u00e7in, kendi anadiline mesafeli olan y\u00f6netmenler, oyuncular tan\u0131yorum.<\/p>\n<p><em>LORA SARI | lorasari@agos.com.tr<br \/>\n<\/em>agos.com.tr<br \/>\n<span class=\"posted-on\"><span class=\"dtreviewed\">28.08.2014<\/span><\/span><\/p>\n","protected":false},"excerpt":{"rendered":"<p>Saraybosna Film Festivali\u2019nde, festivalin b\u00fcy\u00fck \u00f6d\u00fcl\u00fcn\u00fc kazanan \u2018Klama Dayika Min\u2019i (Annemin \u015eark\u0131s\u0131) y\u00f6netmen Erol Minta\u015f\u2019\u0131n ve ba\u015frol oyuncusu Feyyaz Duman\u2019la konu\u015ftuk. Haftan\u0131n ba\u015f\u0131ndan itibaren \u2018Saraybosna Film Festivali\u2019nde T\u00fcrk filmine iki \u00f6d\u00fcl\u2019 ba\u015fl\u0131kl\u0131 haberlerden, y\u00f6netmen Erol Minta\u015f\u2019\u0131n, anne-o\u011ful \u00fc\u00e7lemesinin son filmi \u2018Klama Dayika Min\u2019 (Annemin \u015eark\u0131s\u0131) filmiyle Saraybosna Film Festivali\u2019nde, festivalin b\u00fcy\u00fck \u00f6d\u00fcl\u00fc \u2018Saraybosna\u2019n\u0131n Kalbi\u2019ni, filmin &hellip;<\/p>\n","protected":false},"author":2,"featured_media":0,"comment_status":"open","ping_status":"open","sticky":false,"template":"","format":"standard","meta":{"footnotes":""},"categories":[1084],"tags":[5619,5620,5401,5621],"class_list":["post-21701","post","type-post","status-publish","format-standard","","category-arastirma","tag-erol-mintas","tag-feyyaz-duman","tag-kurt-sinemasi","tag-lora-sari"],"_links":{"self":[{"href":"https:\/\/candname.com\/tr\/index.php?rest_route=\/wp\/v2\/posts\/21701","targetHints":{"allow":["GET"]}}],"collection":[{"href":"https:\/\/candname.com\/tr\/index.php?rest_route=\/wp\/v2\/posts"}],"about":[{"href":"https:\/\/candname.com\/tr\/index.php?rest_route=\/wp\/v2\/types\/post"}],"author":[{"embeddable":true,"href":"https:\/\/candname.com\/tr\/index.php?rest_route=\/wp\/v2\/users\/2"}],"replies":[{"embeddable":true,"href":"https:\/\/candname.com\/tr\/index.php?rest_route=%2Fwp%2Fv2%2Fcomments&post=21701"}],"version-history":[{"count":0,"href":"https:\/\/candname.com\/tr\/index.php?rest_route=\/wp\/v2\/posts\/21701\/revisions"}],"wp:attachment":[{"href":"https:\/\/candname.com\/tr\/index.php?rest_route=%2Fwp%2Fv2%2Fmedia&parent=21701"}],"wp:term":[{"taxonomy":"category","embeddable":true,"href":"https:\/\/candname.com\/tr\/index.php?rest_route=%2Fwp%2Fv2%2Fcategories&post=21701"},{"taxonomy":"post_tag","embeddable":true,"href":"https:\/\/candname.com\/tr\/index.php?rest_route=%2Fwp%2Fv2%2Ftags&post=21701"}],"curies":[{"name":"wp","href":"https:\/\/api.w.org\/{rel}","templated":true}]}}