{"id":21672,"date":"2020-06-22T11:31:48","date_gmt":"2020-06-22T08:31:48","guid":{"rendered":"http:\/\/candname.com\/tr\/?p=21672"},"modified":"2020-06-06T11:34:34","modified_gmt":"2020-06-06T08:34:34","slug":"osmanliyi-kim-nerede-satti-5","status":"publish","type":"post","link":"https:\/\/candname.com\/tr\/?p=21672","title":{"rendered":"Osmanl\u0131\u2019y\u0131 kim, nerede satt\u0131?-5"},"content":{"rendered":"<p>Mustafa Kemal Pa\u015fa\u2019n\u0131n, 1918 temmuzunda, yani Birinci D\u00fcnya Sava\u015f\u0131\u2019n\u0131n en kanl\u0131 d\u00f6neminde cephede sava\u015fmak yerine, &#8220;kitap okumak, \u00e7amur banyosu yapmak, lisan \u00f6\u011frenmek ve d\u00fc\u015f\u00fcnmek i\u00e7in&#8221; geldi\u011fi, d\u00fcnyaca \u00fcnl\u00fc kapl\u0131ca kenti, \u00c7ekya\u2019n\u0131n bir kentiydi. Avusturya \u0130mparatorlu\u011fu k\u00f6kten \u00e7\u00f6km\u00fc\u015ft\u00fc! Peki, \u00c7ekya ve Slovakya\u2019da h\u00e2kim g\u00fc\u00e7 kimdi? Ku\u015fkusuz bu sorunun cevab\u0131, as\u0131l konumuzla ilgili ku\u015fkular\u0131 da\u011f\u0131t\u0131p bilinmeyenleri a\u00e7\u0131kl\u0131\u011fa kavu\u015fturmada bize yard\u0131mc\u0131 olaca\u011f\u0131 i\u00e7in, belki de Osmanl\u0131 gibi bir imparatorlu\u011fun y\u0131k\u0131lmas\u0131nda oynad\u0131\u011f\u0131 rol itibariyle \u00fczerinde durmak bu anlamda \u00f6nemlidir.<\/p>\n<p>&nbsp;<\/p>\n<p>Mustafa Kemal Pa\u015fa<span dir=\"RTL\">\u2019<\/span>n\u0131n, 1918 temmuzunda, yani Birinci D\u00fcnya Sava\u015f\u0131\u2019n\u0131n en kanl\u0131 d\u00f6neminde cephede sava\u015fmak yerine, &#8220;kitap okumak, \u00e7amur banyosu yapmak, lisan \u00f6\u011frenmek ve d\u00fc\u015f\u00fcnmek i\u00e7in&#8221; geldi\u011fi, d\u00fcnyaca \u00fcnl\u00fc kapl\u0131ca kenti, \u00c7ekya<span dir=\"RTL\">\u2019<\/span>n\u0131n bir kentiydi. Avusturya \u0130mparatorlu\u011fu k\u00f6kten \u00e7\u00f6km\u00fc\u015ft\u00fc!\u00a0<strong><em>Peki, \u00c7ekya ve Slovakya<\/em><\/strong><strong><em><span dir=\"RTL\">\u2019<\/span><\/em><\/strong><strong><em>da h<\/em><\/strong><strong><em>\u00e2kim g\u00fc\u00e7 kimdi?<\/em><\/strong>\u00a0Ku\u015fkusuz bu sorunun cevab\u0131, as\u0131l konumuzla ilgili ku\u015fkular\u0131 da\u011f\u0131t\u0131p bilinmeyenleri a\u00e7\u0131kl\u0131\u011fa kavu\u015fturmada bize yard\u0131mc\u0131 olaca\u011f\u0131 i\u00e7in, belki de Osmanl\u0131 gibi bir imparatorlu\u011fun y\u0131k\u0131lmas\u0131nda oynad\u0131\u011f\u0131 rol itibariyle \u00fczerinde durmak bu anlamda \u00f6nemlidir.<\/p>\n<p>&nbsp;<\/p>\n<p>\u00d6zg\u00fcrl\u00fc\u011f\u00fc i\u00e7in sava\u015fan \u00c7ekoslovakya da h\u00e2kim olan g\u00fc\u00e7 \u00a0o d\u00f6nemde Mafya<span dir=\"RTL\">\u2019<\/span>yd\u0131! Evet, bizzat\u00a0<strong>Mafya<\/strong>* ismindeki bu gizli \u00f6rg\u00fct\u00fcn bizim bildi\u011fimiz\u00a0<em>\u0130talyan Mafyas\u0131yla hi\u00e7bir ili\u015fkisi yoktur<\/em>. Bu, varl\u0131\u011f\u0131n\u0131 y\u00fczy\u0131ldan fazla\u00a0 gizli tutmu\u015f ve h\u00e2l\u00e2 da gizli tutulmas\u0131nda \u0131srar edilen, Masonlar\u0131n, Yahudilerin, \u00c7ekoslovaklar\u0131n kurdu\u011fu bir \u00f6rg\u00fctt\u00fcr.Bunlar, bu \u00f6rg\u00fct\u00fc daha 1. D\u00fcnya Sava\u015f\u0131\u2019n\u0131n ba\u015flar\u0131nda kurmu\u015flar ve sava\u015f\u0131n bitti\u011fi g\u00fcn, \u00c7ekoslovakya<span dir=\"RTL\">\u2019<\/span>n\u0131n resmen ilan edildi\u011fi 28.10.1918 tarihinde de feshetmi\u015flerdir; \u00f6rg\u00fct\u00fcn faaliyetlerine ili\u015fkin t\u00fcm bilgi ve belgeleri geride hi\u00e7bir \u015fey b\u0131rakmayacak bi\u00e7imde\u00a0 itina ve titizlikle imha ederek \u00f6rg\u00fct\u00fcn t\u00fcm \u00fcyelerine ilelebet konu\u015fma yasa\u011f\u0131 getirmi\u015flerdir.<\/p>\n<p>&nbsp;<\/p>\n<p>Bu MAFYA son bin y\u0131l\u0131 i\u00e7erisinde birdenbire kurulan fakat 4 kanl\u0131 sava\u015f y\u0131l\u0131 boyunca g\u00f6sterdi\u011fi hayalleri a\u015fan ba\u015far\u0131larla da sava\u015f\u0131n y\u00f6n\u00fcn\u00fcn de\u011fi\u015fmesini sa\u011flayan ve belki de insanl\u0131k tarihinde, ayn\u0131 \u00e7abuklukta hareket ederek, bir g\u00fcn i\u00e7inde yok olan, e\u015fine rastlanmayacak tek \u00f6rg\u00fctt\u00fcr!<\/p>\n<p>&nbsp;<\/p>\n<p>Mafya<span dir=\"RTL\">\u2019<\/span>da sadece Masonlar yoktu, Mason olmayan Yahudiler ve d\u00fcnyaca \u00fcn yapm\u0131\u015f \u00c7ek sanat\u00e7\u0131lar\u0131na kadar kim \u00fcnl\u00fcyse o vard\u0131. Mesela onlardan bir tanesi d\u00fcnyaca tan\u0131nm\u0131\u015f bir opera hem de kad\u0131n \u015fark\u0131c\u0131s\u0131yd\u0131.(o y\u0131llarda) Verece\u011fi konserleri bahane ederek s\u00fcrekli Amerika<span dir=\"RTL\">\u2019<\/span>ya gidip gelen; bu iki uzak \u00fclke aras\u0131nda kar\u015f\u0131l\u0131kl\u0131 gizli dok\u00fcmanlar ta\u015f\u0131yan bir kuryeydi. Birka\u00e7 kez tam yakalanma karar\u0131 \u00e7\u0131kmas\u0131na ra\u011fmen yakalanmamas\u0131n\u0131,\u00a0 kendisinin son anda se\u00e7ti\u011fi yol ve zaman diliminde yolculuk yapmas\u0131na bor\u00e7ludur. D\u00f6neminin en \u00fcnl\u00fc sanat\u00e7\u0131s\u0131 ve inan\u0131lmaz bir sa\u011fduyuya sahip olan bu sanat\u00e7\u0131, may\u0131n tarlalar\u0131nda opera t\u00fcrk\u00fcleri s\u00f6yleyip dans ederek ulusunun kurtulu\u015fu i\u00e7in hayat\u0131n\u0131 ortaya koyabilecek g\u00f6z\u00fc peklikte birisi olan Ema Destinnova<span dir=\"RTL\">\u2019<\/span>yd\u0131!Mustafa Kemal Karlsbad<span dir=\"RTL\">\u2019<\/span>a gelmeden y\u0131llarca \u00f6nce, \u00c7ekoslovaklar Avusturya \u0130mparatorlu\u011fundan koparak sava\u015f sonras\u0131 s\u0131n\u0131rlar\u0131n\u0131 belirlemi\u015fler ve Paris<span dir=\"RTL\">\u2019<\/span>te kendi h\u00fck\u00fcmetlerini kurmu\u015flard\u0131 bile. Bu h\u00fck\u00fcmetin Ba\u015fbakan\u0131 Dr. Edvard Bene\u015f\u2019ti! Bu \u015fah\u0131s, o d\u00f6nemde Avrupa<span dir=\"RTL\">\u2019<\/span>daki en \u00fcnl\u00fc Masonlardan biriydi ve Frans\u0131z locas\u0131na ba\u011fl\u0131yd\u0131. (Masonlu\u011funu gizlemeyen ender liderlerden biriydi)\u00a0<strong><em>Sava\u015f\u00a0<\/em><\/strong><strong><em>bitip de Paris<\/em><\/strong><span dir=\"RTL\">\u2019<\/span><strong><em>teki \u00c7ekoslovakya h\u00fck\u00fcmeti \u00c7ekoslovakya<\/em><\/strong><span dir=\"RTL\">\u2019<\/span><strong><em>n\u0131n ba\u015fkenti ilan edilen Prag<\/em><\/strong><span dir=\"RTL\">\u2019<\/span><strong><em>a ta\u015f\u0131nd\u0131\u011f\u0131nda Edvard Bene\u015f ne oldu?<\/em><\/strong>\u00a0\u00c7ekoslovakya<span dir=\"RTL\">\u2019<\/span>n\u0131n D\u0131\u015fi\u015fleri Bakanl\u0131\u011f\u0131\u2019na getirildi ve rekor k\u0131rarak tam 17 y\u0131l bu g\u00f6revde kald\u0131. Sonras\u0131 siyasi kariyeri a\u00e7\u0131s\u0131ndan daha da dikkat \u00e7ekici!..<\/p>\n<p>&nbsp;<\/p>\n<p>D\u0131\u015fi\u015fleri Bakanl\u0131\u011f\u0131\u2019ndan do\u011frudan saraya gidip Cumhurba\u015fkan\u0131 oldu.\u00a0<strong>Dr. Edvard Bene\u015f yeni kurulmu\u015f bir \u00fclkenin yepyeni D\u0131\u015fi\u015fleri Bakanl\u0131\u011f\u0131 koltu\u011funa 1918 y\u0131l\u0131n\u0131n son ay\u0131nda oturur oturmaz, ilk olarak ne mi yapt\u0131 dersiniz? Hemen \u0130stanbul<\/strong><strong><span dir=\"RTL\">\u2019<\/span><\/strong><strong>da temsilcilik a\u00e7\u0131lmas\u0131 talimat\u0131n\u0131 verdi: Ocak 1919<\/strong><strong><span dir=\"RTL\">\u2019<\/span><\/strong><strong>da\u00a0<\/strong><strong>\u0130stanbul<\/strong><strong><span dir=\"RTL\">\u2019<\/span><\/strong><strong>da faaliyete ba\u015flayan temsilcilik, Mustafa Kemal<\/strong><strong><span dir=\"RTL\">\u2019<\/span><\/strong><strong>in Samsun<\/strong><strong><span dir=\"RTL\">\u2019<\/span><\/strong><strong>a hareketinden\u00a0<\/strong><strong>\u00f6<\/strong><strong>nce art<\/strong><strong>\u0131k resmen de a\u00e7\u0131lm\u0131\u015ft\u0131<\/strong><strong>!<\/strong><\/p>\n<p>&nbsp;<\/p>\n<p>Peki daha Amerika<span dir=\"RTL\">\u2019<\/span>da Cumhurba\u015fkan\u0131 Wilson ile sava\u015f sonras\u0131nda Avrupa<span dir=\"RTL\">\u2019<\/span>n\u0131n, Ortado\u011fu<span dir=\"RTL\">\u2019<\/span>nun ve Uzakdo\u011fu<span dir=\"RTL\">\u2019<\/span>nun son r\u00f6tu\u015flar\u0131n\u0131 yapan, o d\u00f6nemde Moskova<span dir=\"RTL\">\u2019<\/span>dan Vladivostok<span dir=\"RTL\">\u2019<\/span>a K\u0131z\u0131l Orduyla sava\u015farak varan ve akabinde Vladivostok<span dir=\"RTL\">\u2019<\/span>tan Chicago<span dir=\"RTL\">\u2019<\/span>ya kadar giderek sadece Amerikan halk\u0131n\u0131n de\u011fil, d\u00fcnyan\u0131n Wilson<span dir=\"RTL\">\u2019<\/span>dan daha pop\u00fclerle\u015fmi\u015f \u015fahsiyeti olan Prof. T. G. Masaryk Amerika<span dir=\"RTL\">\u2019<\/span>da d\u00fcnyan\u0131n yeni s\u0131n\u0131rlar\u0131 \u00fczerine \u00e7al\u0131\u015f\u0131rken, 400 y\u0131l\u0131 a\u015fk\u0131n bir s\u00fcreden sonra \u00f6zg\u00fcrl\u00fc\u011f\u00fcne kavu\u015fmu\u015f \u00c7ekoslovakya<span dir=\"RTL\">\u2019<\/span>da b\u00f6ylece cumhurba\u015fkan\u0131 se\u00e7ilmi\u015fti.<\/p>\n<p>&nbsp;<\/p>\n<p><em>Masaryk Mason muydu?<\/em>\u00a0Bilemiyoruz. Mason oldu\u011funu iddia eden tarih\u00e7iler \u00e7ok. Masaryk<span dir=\"RTL\">\u00a0Mas<\/span>onlara resmen\u00a0<em>kurumu gizlilikten \u00e7\u0131kar\u0131p legal \u00e7al\u0131\u015fmalar\u0131n\u0131 tavsiye edendir<\/em>. Ve daha \u00f6\u011frenciyken evlendi\u011fi Amerikal\u0131 e\u015finin babas\u0131, yani kay\u0131npederi, Say\u0131n Garrigue<span dir=\"RTL\">\u2019<\/span>in \u00e7ok \u00fcnl\u00fc bir Amerikal\u0131 Mason oldu\u011fu bir ger\u00e7ek! Ve Tomas Masaryk, belki de Avrupa tarihinde e\u015finin soyad\u0131n\u0131 alan ilk erkeklerdendir! Yani Tomas Garrigue Masaryk!.. Cumhurba\u015fkan\u0131 olan Masaryk, daha sava\u015f ba\u015flamadan \u00f6nce yak\u0131n dostluk kurdu\u011fu \u00c7ekoslovakya tarihinin en \u00fcnl\u00fc yazar\u0131 -ki Robot kelimesini 1919 y\u0131l\u0131nda \u00fcretip yazd\u0131\u011f\u0131 tiyatro eseriyle sanayi devriminin yarataca\u011f\u0131 robotlar\u0131n bir g\u00fcn insana h\u00e2kim olaca\u011f\u0131n\u0131 insanl\u0131k tarihinde ilk ba\u011f\u0131rarak uyaran insand\u0131. Bu yap\u0131t\u0131n\u0131 ben 1973 y\u0131l\u0131nda T\u0131p Fak\u00fcltesinin birinci s\u0131n\u0131f\u0131nda \u00f6\u011frenciyken Prof. P. Martasek<span dir=\"RTL\">\u2019<\/span>in yard\u0131m\u0131yla K\u00fcrt\u00e7e<span dir=\"RTL\">\u2019<\/span>ye \u00e7evirmi\u015ftim ve\u00a0<em>Musa Anter Kara Yara<\/em><span dir=\"RTL\">\u2019<\/span><em>y\u0131\u00a0<\/em>ne kadar Karel \u00c7apek<span dir=\"RTL\">\u2019<\/span>in 1930 y\u0131l\u0131nda yazd\u0131\u011f\u0131 Beyaz Yara<span dir=\"RTL\">dan<\/span>\u00a0esinlenerek yazm\u0131\u015f olsa da bi\u00e7im ve i\u00e7erik bak\u0131m\u0131ndan farkl\u0131 bir boyutu yans\u0131t\u0131r- Karel \u00c7apek ve kendisi gibi koyu Mason olan yazar ve sanat\u00e7\u0131larla her per\u015fembe g\u00fcn\u00fc \u00e7ok yak\u0131n dostu Cumhurba\u015fkan\u0131 Masaryk<span dir=\"RTL\">\u2019<\/span>le &#8220;sohbet&#8221; toplant\u0131lar\u0131 d\u00fczenler, Cumhurba\u015fkanl\u0131\u011f\u0131 Saray\u0131\u2019nda. Karel \u00c7apek<span dir=\"RTL\">\u2019<\/span>in karde\u015fi Josef \u00c7apek ise \u00fclkenin en \u00fcnl\u00fc ressam\u0131d\u0131r ve tabii ki o da \u00fcnl\u00fc bir Masondur ve \u00e7ok sonralar\u0131 Hitler<span dir=\"RTL\">\u2019<\/span>e kar\u015f\u0131 a\u00e7t\u0131\u011f\u0131 sanatsal sava\u015ftan \u00f6t\u00fcr\u00fc yakalan\u0131r ve pi\u015fmanl\u0131k bildirgesini imzalamad\u0131\u011f\u0131 i\u00e7in toplama kamp\u0131nda \u00f6ld\u00fcr\u00fcl\u00fcr. Peki ya Karel \u00c7apek\u2019in o d\u00f6nemin en \u00fcnl\u00fc milli tiyatro artisti, yazar, \u015fair e\u015fi Olga Scheinpflugov\u00e1?.. Tabii ki o yahudi dir .Yine Cumhurba\u015fkan\u0131 Masaryk<span dir=\"RTL\">\u2019<\/span>in o\u011flu -ki \u0130kinci D\u00fcnya Sava\u015f\u0131 sonras\u0131 d\u0131\u015fi\u015fleri bakan\u0131 da oldu ve Sovyetler istihbarat\u0131 onu d\u0131\u015fi\u015fleri bakan odas\u0131n\u0131n penceresinden 10 Mart 1948<span dir=\"RTL\">\u2019<\/span>de atarak \u00f6ld\u00fcrd\u00fcler &#8211; \u00fcnl\u00fc bir Masondur! Masonlu\u011fun en yayg\u0131n oldu\u011fu \u00fclkelerden biridir \u00c7ekya veya Bohemya. \u00c7ekoslovakya, onlar\u0131n, Yahudilerin ve di\u011fer \u00c7ekoslovakyal\u0131lar\u0131n insan hayal g\u00fcc\u00fcn\u00fc a\u015fan \u00e7abalar\u0131yla kurulur.<\/p>\n<p>&nbsp;<\/p>\n<p>Mafya \u00f6rg\u00fct olarak bir hata yapt\u0131, \u00c7ekoslovakya<span dir=\"RTL\">\u2019<\/span>n\u0131n kuruldu\u011fu g\u00fcnlerde sava\u015f\u0131n galibi galeyan\u0131na ya da zafer sarho\u015flu\u011funa gelip \u00f6rg\u00fct\u00fcn 20-25 \u00fcyesi hemen y\u00fcksek devlet \u00f6d\u00fcl\u00fcyle \u00f6d\u00fcllendirildi ama bunun ne t\u00fcr bir gaflet oldu\u011fu Mafyan\u0131n \u00c7ekoslovakya s\u0131n\u0131rlar\u0131 d\u0131\u015f\u0131nda ya\u015fayan Yahudi\u00a0 ve mason \u00fcyelerince sert bir dille uyar\u0131l\u0131nca art\u0131k Mafya konusu \u00c7ekoslovakya tarihinde bir tabu oldu. \u00d6rg\u00fctle ilgili t\u00fcm bilgi ve belgeler, k\u0131saca ne varsa imha edildi. \u00c7\u00fcnk\u00fc Mafya<span dir=\"RTL\">\u2019<\/span>n\u0131n ili\u015fki i\u00e7inde oldu\u011fu Almanya ve Avusturya<span dir=\"RTL\">\u2019<\/span>da veya di\u011fer \u00fclkelerdeki Yahudi k\u00f6kenli vatanda\u015flar\u0131n\u0131n hayatlar\u0131 ve gelecekleri s\u00f6z konusuydu. Kald\u0131 ki bunlar s\u0131radan ki\u015fi veya aileler de\u011fillerdi. S\u00f6z\u00fc edilen opera sanat\u00e7\u0131s\u0131 Ema Destinnova<span dir=\"RTL\">\u2019<\/span>dan \u00c7apek karde\u015flere kadar hi\u00e7 kimse sonradan yay\u0131nlanan an\u0131 yaz\u0131lar\u0131nda Mafya<span dir=\"RTL\">\u2019<\/span>y\u0131 hi\u00e7 dile almad\u0131lar ve alamazlard\u0131 da! Sanki Mafya hi\u00e7 var olmam\u0131\u015ft\u0131; \u00c7ekoslovakya<span dir=\"RTL\">\u2019<\/span>n\u0131n kurtulu\u015fu i\u00e7in hi\u00e7 ama hi\u00e7 hayalleri a\u015fan \u00e7abay\u0131 vermemi\u015fti. Mafya<span dir=\"RTL\">\u2019<\/span>n\u0131n kendi \u00fcyelerine, kurulan \u00c7ekoslovakya devletine koydu\u011fu yasaklara ra\u011fmen, \u00f6rg\u00fctle ilgili baz\u0131 kaynaklar\u0131 silmeleri yine de m\u00fcmk\u00fcn olmad\u0131. Bunlardan bir tanesi, \u00f6rne\u011fin mafyan\u0131n paramiliter organizasyonunu t\u00fcm \u00fclkede yayg\u0131nla\u015ft\u0131ran \u00c7ekoslovakya Lejyonlar\u0131na asker g\u00f6nderen Premys Samal ve Karel Kramar<span dir=\"RTL\">\u2019<\/span>in\u00a021 May\u0131s 1915<span dir=\"RTL\">\u2019<\/span>te imparatorluk g\u00fcvenlik g\u00fc\u00e7lerince \u00c7ekya<span dir=\"RTL\">\u2019<\/span>da tutuklan\u0131p Avusturya<span dir=\"RTL\">\u2019<\/span>ya g\u00f6t\u00fcr\u00fcl\u00fcp ilk celsede mahkemece \u00f6l\u00fcm cezas\u0131na \u00e7arpt\u0131r\u0131lmas\u0131d\u0131r. Mafya, Avusturya \u0130mparatoru Frantisek Josef<span dir=\"RTL\">\u2019<\/span>e bunu yapmamas\u0131 gerekti\u011fi y\u00f6n\u00fcnde haber g\u00f6nderir. \u0130mparator gelen mesaja k\u0131smen uyar, idam cezas\u0131n\u0131 m\u00fcebbet hapis cezas\u0131na \u00e7evirir. Mesaja tam uyulmad\u0131\u011f\u0131 i\u00e7in \u00f6l\u00fcm \u00e7abuk gelir, 21 Kas\u0131m 1916<span dir=\"RTL\">\u2019<\/span>da emanetini al\u0131r yaradan! Yerine de imparatorlu\u011fu hak etmemi\u015f gencecik, tecr\u00fcbesiz bir imparator getirilir. 1.Karel<span dir=\"RTL\">\u2019<\/span>dir ismi, tam Mafya<span dir=\"RTL\">\u2019<\/span>n\u0131n i\u015fine yarayacak, arzulad\u0131\u011f\u0131 bir fig\u00fcr ve hemen ilk yapt\u0131\u011f\u0131 i\u015f, bu m\u00fcebbet cezal\u0131lar\u0131 korkusundan sal\u0131vermektir!<\/p>\n<p>&nbsp;<\/p>\n<p><em>Mafya imparatorlu\u011fun parlamentosunda ka\u00e7 sosyal demokrat \u00fcyeyle ili\u015fkiliydi?<\/em>\u00a0Bilgi ve belgeler Avusturya Parlamentosu<span dir=\"RTL\">\u2019<\/span>nun kay\u0131tlar\u0131na ge\u00e7ti\u011fi i\u00e7in imha edilememi\u015fti, ondan \u00f6t\u00fcr\u00fc isimlerini \u00f6\u011frenme \u015fans\u0131na sahibiz.\u00a0<strong>Ya da \u0130mparatorlu\u011fun korkulu \u0130<\/strong><strong><em>\u00e7i\u015fleri Bakan\u0131\u00a0<a href=\"https:\/\/de.wikipedia.org\/w\/index.php?title=Karl_Freiherr_Heinold_von_Udynski&amp;action=edit&amp;redlink=1\">Heinold von Udynski<\/a><\/em><\/strong><strong><span dir=\"RTL\">\u2019<\/span><\/strong><strong><em>un\u00a0<\/em><\/strong><strong><em>\u00d6<\/em><\/strong><strong><em>zel Kalem M\u00fcd\u00fcr\u00fc<\/em><\/strong><strong>\u00a0Yahudi as\u0131ll\u0131 Julius Kovanda, Mafya<\/strong><strong><span dir=\"RTL\">\u2019<\/span><\/strong><strong>n\u0131n aktif \u00fcyelerinden olup, her gece bakanl\u0131\u011fa gelen t\u00fcm gizli yaz\u0131lar\u0131 bakanl\u0131ktan \u00e7\u0131kartt\u0131r\u0131p sabaha kadar elle kopyalar\u0131n\u0131n ekibine yazd\u0131rtarak (fotokopi yoktu o d<\/strong><strong>\u00f6<\/strong><strong>nemde) Paris<\/strong><strong><span dir=\"RTL\">\u2019<\/span><\/strong><strong>teki \u00c7ekoslovakya h\u00fck\u00fcmetine, oradan da Fransa-\u0130ngiltere Savunma Bakanl\u0131klar\u0131na ula\u015ft\u0131ran ve sabah\u0131n mesai ba\u015flama saatinde bakanl\u0131k a\u00e7\u0131ld\u0131\u011f\u0131nda o belgelerin yerlerine zaman\u0131nda varm\u0131\u015f olmas\u0131n\u0131 y\u0131llarca sa\u011flayan ki\u015fiydi<\/strong>!\u00a0 Sava\u015ftan sonra \u00f6z g\u00fcvenli\u011fi i\u00e7in Prag<span dir=\"RTL\">\u2019<\/span>a ta\u015f\u0131nd\u0131 ve torunu Br\u00fcksel<span dir=\"RTL\">\u2019<\/span>de tahmini zor olmayan bir g\u00fcvenlik kurumunda!.. Mafya<span dir=\"RTL\">\u2019<\/span>n\u0131n \u00c7ekoslovakya Lejyonlar\u0131na 120.000 asker veren ve her kasaba veya kentin her mahallesinde mutlaka binas\u0131 ve \u00f6rg\u00fct\u00fc olan SOKOL isimli te\u015fkilat, 1873<span dir=\"RTL\">\u2019<\/span>te kurulmu\u015f ve on y\u0131llarca kendisini sadece Avusturya \u0130mparatorlu\u011fu s\u0131n\u0131rlar\u0131 i\u00e7inde de\u011fil, t\u00fcm d\u00fcnyada kurtulu\u015f sava\u015f\u0131na haz\u0131rlam\u0131\u015ft\u0131. Mafyan\u0131n haberle\u015fme biriminin ismi de ALARM idi. \u0130mparatorlu\u011fun telefoncular\u0131ndan, telgraf\u00e7\u0131lar\u0131ndan, da\u011fc\u0131lar\u0131ndan, ko\u015fucular\u0131ndan, kanocular\u0131ndan ve g\u00fcvercincilerinden olu\u015fuyordu.\u00a0Mafya haberle\u015fme ve istihbarat y\u00f6n\u00fcnden b\u00f6yle bir te\u015fkilatt\u0131! Ve b\u00f6yle bir \u00f6rg\u00fct\u00fcn ana merkezlerinden Karlsbad<span dir=\"RTL\">\u2019<\/span>a bir Osmanl\u0131 Pa\u015fas\u0131 elini kolunu sallayarak gelecek de ak\u015famlar\u0131 di\u011fer pa\u015fa aileleriyle e\u011flenceli yemekler ve danslara gidecek, \u00e7amur banyosunun yoruculu\u011fundan \u015fik\u00e2yet ederken doktoruna,\u00a0<span dir=\"RTL\">\u2018\u2019<\/span>Ben pa\u015fay\u0131m, pa\u015fa!..\u201d diyecek de en az\u0131ndan \u0130\u00e7i\u015fleri Bakan\u0131 \u00d6zel Kalem M\u00fcd\u00fcr\u00fc Kovanda<span dir=\"RTL\">\u2019<\/span>n\u0131n \u00fclkeye gelen bu pa\u015fadan haberi olmayacak. Mafyay\u0131 bu \u00e7ok \u00f6zel misafirleri hakk\u0131nda bilgilendirmeyecek hem de \u00fclkede sava\u015f rejiminin h\u00e2kim oldu\u011fu o d\u00f6nemde!..<\/p>\n<p>&nbsp;<\/p>\n<p>Sadece Masonlar de\u011fil, d\u00fcnyadaki t\u00fcm Yahudiler de \u00c7ekoslovakya<span dir=\"RTL\">\u2019<\/span>n\u0131n \u00f6zg\u00fcrle\u015fmesini b\u00fct\u00fcn imkanlar\u0131yla desteklemi\u015flerdi! Peki niye? \u00c7\u00fcnk\u00fc y\u00fczy\u0131llarca Yahudilerin bask\u0131 g\u00f6rmedi\u011fi tek \u00fclke Bohemya ve Moravya<span dir=\"RTL\">\u2019<\/span>yd\u0131, yani \u00c7ekya! Prag\u2019\u0131n en g\u00fczel ve zengin semti Yahudilerindi. (Hitler<span dir=\"RTL\">\u2019<\/span>e kadar) Yahudilerin d\u00fcnyadaki en b\u00fcy\u00fck mezarl\u0131\u011f\u0131 ve sinagogu da Prag<span dir=\"RTL\">\u2019<\/span>dayd\u0131 ve \u00c7ekler Yahudilerle her yerde iki karde\u015f halk gibi ya\u015f\u0131yorlar; birbirlerinin yetenek ve imkanlar\u0131ndan istifade ediyordu. Birinci D\u00fcnya Sava\u015f\u0131\u2019ndan sonra Masaryk<span dir=\"RTL\">\u2019<\/span>in kurdu\u011fu \u00c7ekoslovakya, Yahudilerin ak\u0131n\u0131na kap\u0131lar\u0131n\u0131 sonuna kadar a\u00e7t\u0131. Ve T. G. Masaryk, gerek \u00c7ekya<span dir=\"RTL\">\u2019<\/span>daki Yahudilerle, gerek Avrupa ve hele hele Amerika<span dir=\"RTL\">\u2019<\/span>dakilerle kurdu\u011fu ili\u015fkilerde ve onlarla giri\u015fti\u011fi her i\u015fbirli\u011finde yine onlara, \u00c7ekoslovakya kurulduktan sonra beraber vaat edilmi\u015f topraklarda \u0130srail<span dir=\"RTL\">\u2019<\/span>i kurma s\u00f6z\u00fc vermi\u015fti. Ve beraber hem \u00c7ekoslovakya<span dir=\"RTL\">\u2019<\/span>n\u0131n hem de kurulacak olan \u0130srail<span dir=\"RTL\">\u2019<\/span>in sosyalist olaca\u011f\u0131, en geli\u015fmi\u015f demokratik sistem olaca\u011f\u0131 konusunda anla\u015fm\u0131\u015flard\u0131. (Kom\u00fcnist de\u011fil!) \u00a0Ki, bu s\u00f6z\u00fcn\u00fc Masaryk, kurulduktan sonra \u00c7ekoslovakya i\u00e7in harfiyen yerine getirdi, \u0130srail i\u00e7in de \u00e7o\u011fu Yahudi \u00fcst s\u0131n\u0131f\u0131n\u0131n yapmad\u0131\u011f\u0131n\u0131 yapt\u0131. 1927 y\u0131l\u0131nda proje-plandaki Osmanl\u0131 engeli kalkm\u0131\u015f, T\u00fcrkiye Cumhuriyeti Mustafa Kemal<span dir=\"RTL\">\u2019<\/span>le kurulmu\u015f, yol a\u00e7\u0131lm\u0131\u015ft\u0131r.\u00a0<strong>Masaryk Prag<\/strong><strong><span dir=\"RTL\">\u2019<\/span><\/strong><strong>l\u0131 Yahudi filozof\u00a0\u00a0 Hugo Bergmann\u2019\u0131n \u0130srail topraklar\u0131na gidip Yahudi Milli K\u00fct\u00fcphanesini kurmas\u0131n\u0131 ister ve kurulur.\u00a0<\/strong>Hugo Bergmann da m\u00fcd\u00fcr\u00fc olur! Akabinde Masaryk 77 ya\u015f\u0131nda olmas\u0131na ra\u011fmen\u00a0\u00a0 d\u00fcnyadaki ilk devlet adam\u0131 olarak \u0130srail topraklar\u0131na \u0130srail<span dir=\"RTL\">\u2019<\/span>in kurulmas\u0131na destek olmak i\u00e7in gider. Bug\u00fcn bile Tel Aviv<span dir=\"RTL\">\u2019<\/span>in en b\u00fcy\u00fck caddelerinden biri onun ad\u0131n\u0131 ta\u015f\u0131r. Gidip \u00f6rnek olsun diye kooperatif kurdu\u011fu k\u00f6y de h\u00e2l\u00e2 onun ismini ta\u015f\u0131yand\u0131r.<\/p>\n<p>&nbsp;<\/p>\n<p>Osmanl\u0131\u2019n\u0131n y\u0131k\u0131l\u0131\u015f s\u00fcreci i\u00e7inde tabii ki hem Masonlar hem de Yahudiler g\u00fcnl\u00fck olarak Osmanl\u0131\u2019da olup biteni izliyor ve projenin hayata ge\u00e7irmesi i\u00e7in \u00e7al\u0131\u015f\u0131yorlard\u0131. Bu i\u015fte en b\u00fcy\u00fck destek\u00e7ileri \u00c7ekoslovaklar ve Mafya idi!<\/p>\n<p>&nbsp;<\/p>\n<p>Osmanl\u0131 imparatorlu\u011fu i\u00e7inde de anahtar konumunda olan yer Selanik<span dir=\"RTL\">\u2019<\/span>ti. 20. y\u00fczy\u0131l\u0131n ba\u015flar\u0131na kadar d\u00fcnyada en fazla Yahudi<span dir=\"RTL\">\u2019<\/span>nin ya\u015fad\u0131\u011f\u0131 ve Yahudilerin \u00e7o\u011funlukta oldu\u011fu tek kent yine Selanik<span dir=\"RTL\">\u2019<\/span>ti! Daha sonra Yunanistan s\u0131n\u0131rlar\u0131 i\u00e7inde kalsa da, Osmanl\u0131\u2019n\u0131n neresinde Yahudi varsa oralarla do\u011fal ba\u011flant\u0131lar\u0131 olan merkez konumunu hep korudu! Yine Selanik\u00a0 1920 y\u0131l\u0131nda 25.000 Sabatayc\u0131n\u0131n ya\u015fad\u0131\u011f\u0131 ana merkezdi.<\/p>\n<p>&nbsp;<\/p>\n<p>Selanik, yani Yahudilerin ve Sabatay\u0131c\u0131lar\u0131n d\u00fcnyadaki en yo\u011fun ya\u015fad\u0131klar\u0131 bir kent do\u011fumlu, Ingilizce Wikipedia\u2019n\u0131n kaynak vererek\u00a0<em>Mason oldu\u011funu iddia etti\u011fi Mustafa Kemal&#8217;in Mason, Yahudi, Cek ve Slovaklar\u0131n gizli\u00a0<\/em><em>\u00f6<\/em><em>rg\u00fctlerinin ku\u015f u\u00e7urtmad\u0131klar\u0131 Karlsbad<\/em><span dir=\"RTL\">\u2019<\/span><em>ta sava\u015f\u0131n en kanl\u0131 d<\/em><em>\u00f6<\/em><em>neminde i\u015fi neydi<\/em>?<\/p>\n<p>&nbsp;<\/p>\n<p>&nbsp;<\/p>\n<p><strong>Yekta Uzuno\u011flu<\/strong><\/p>\n<p><strong>*\u00a0<\/strong><strong>https:\/\/de.wikipedia.org\/wiki\/Maffie<\/strong><\/p>\n","protected":false},"excerpt":{"rendered":"<p>Mustafa Kemal Pa\u015fa\u2019n\u0131n, 1918 temmuzunda, yani Birinci D\u00fcnya Sava\u015f\u0131\u2019n\u0131n en kanl\u0131 d\u00f6neminde cephede sava\u015fmak yerine, &#8220;kitap okumak, \u00e7amur banyosu yapmak, lisan \u00f6\u011frenmek ve d\u00fc\u015f\u00fcnmek i\u00e7in&#8221; geldi\u011fi, d\u00fcnyaca \u00fcnl\u00fc kapl\u0131ca kenti, \u00c7ekya\u2019n\u0131n bir kentiydi. Avusturya \u0130mparatorlu\u011fu k\u00f6kten \u00e7\u00f6km\u00fc\u015ft\u00fc! Peki, \u00c7ekya ve Slovakya\u2019da h\u00e2kim g\u00fc\u00e7 kimdi? Ku\u015fkusuz bu sorunun cevab\u0131, as\u0131l konumuzla ilgili ku\u015fkular\u0131 da\u011f\u0131t\u0131p bilinmeyenleri a\u00e7\u0131kl\u0131\u011fa &hellip;<\/p>\n","protected":false},"author":32,"featured_media":21673,"comment_status":"open","ping_status":"open","sticky":false,"template":"","format":"standard","meta":{"footnotes":""},"categories":[5371],"tags":[1616],"class_list":["post-21672","post","type-post","status-publish","format-standard","has-post-thumbnail","","category-alinti-yazilar","tag-manset"],"_links":{"self":[{"href":"https:\/\/candname.com\/tr\/index.php?rest_route=\/wp\/v2\/posts\/21672","targetHints":{"allow":["GET"]}}],"collection":[{"href":"https:\/\/candname.com\/tr\/index.php?rest_route=\/wp\/v2\/posts"}],"about":[{"href":"https:\/\/candname.com\/tr\/index.php?rest_route=\/wp\/v2\/types\/post"}],"author":[{"embeddable":true,"href":"https:\/\/candname.com\/tr\/index.php?rest_route=\/wp\/v2\/users\/32"}],"replies":[{"embeddable":true,"href":"https:\/\/candname.com\/tr\/index.php?rest_route=%2Fwp%2Fv2%2Fcomments&post=21672"}],"version-history":[{"count":0,"href":"https:\/\/candname.com\/tr\/index.php?rest_route=\/wp\/v2\/posts\/21672\/revisions"}],"wp:featuredmedia":[{"embeddable":true,"href":"https:\/\/candname.com\/tr\/index.php?rest_route=\/wp\/v2\/media\/21673"}],"wp:attachment":[{"href":"https:\/\/candname.com\/tr\/index.php?rest_route=%2Fwp%2Fv2%2Fmedia&parent=21672"}],"wp:term":[{"taxonomy":"category","embeddable":true,"href":"https:\/\/candname.com\/tr\/index.php?rest_route=%2Fwp%2Fv2%2Fcategories&post=21672"},{"taxonomy":"post_tag","embeddable":true,"href":"https:\/\/candname.com\/tr\/index.php?rest_route=%2Fwp%2Fv2%2Ftags&post=21672"}],"curies":[{"name":"wp","href":"https:\/\/api.w.org\/{rel}","templated":true}]}}