{"id":21654,"date":"2020-05-29T21:36:22","date_gmt":"2020-05-29T18:36:22","guid":{"rendered":"http:\/\/candname.com\/tr\/?p=21654"},"modified":"2020-05-29T21:36:34","modified_gmt":"2020-05-29T18:36:34","slug":"osmanliyi-kim-nerede-satti","status":"publish","type":"post","link":"https:\/\/candname.com\/tr\/?p=21654","title":{"rendered":"Osmanl\u0131\u2019y\u0131 kim, nerede satt\u0131?-1"},"content":{"rendered":"<p><strong>30 y\u0131ld\u0131r Osmanl\u0131\u2019n\u0131n nerede, nas\u0131l sat\u0131ld\u0131\u011f\u0131 \u00fczerine say\u0131s\u0131z makale yazd\u0131m, tarih\u00e7ilerle televizyon tart\u0131\u015fmalar\u0131na kat\u0131ld\u0131m, tarihle sorumlu devlet kurumlar\u0131n\u0131 hatta \u00c7ek Belediyesini tabelay\u0131 yenilemeri i\u00e7in \u00a0uyar\u0131p durdum, ama bu arada bu konuyu T\u00fcrk\u00e7e\u2019de \u00a0yazmad\u0131\u011f\u0131m\u0131 sonradan idrak ettim.<\/strong><\/p>\n<p>Y\u0131l 1972 ve ben Avrupa\u2019n\u0131n en \u00fcnl\u00fc bir k\u00fclt\u00fcr kasabas\u0131 olan Marienbad\u2019ta bulunuyordum. Goethe\u2019nin Dr. Faust\u2019unu tamamlad\u0131\u011f\u0131, Beethoven\u2019in 9. Senfonisini yazd\u0131\u011f\u0131, Mozart\u2019\u0131n \u201cSaraydan Ka\u00e7\u0131\u015f\u0131n\u0131\u201d \u0130ngiliz Kraliyet Ailesinin saray\u0131ndan, Avusturya imparatorlar\u0131n\u0131n saraylar\u0131na kadar\u2026 Ve ben bu kasabada \u00c7ek\u00e7e \u00f6\u011freniyor, \u00c7arls \u00dcniversitesi T\u0131p Fak\u00fcltesinin giri\u015f s\u0131navlar\u0131na haz\u0131rlan\u0131yordum. Okul idaresi bizi ayda bir kez otob\u00fcsle ba\u015fka tarihi bir kente geziye g\u00f6t\u00fcr\u00fcyordu. Kald\u0131\u011f\u0131m kasaban\u0131n yak\u0131n\u0131nda say\u0131s\u0131z tarihi kentler var ve bunlardan birinin \u00fczerine Naz\u0131m Hikmet\u2019in \u015fiirleri de var. Bir pazar g\u00fcn\u00fc, bizi otob\u00fcsle Karlsbad\u2019a -d\u00fcnyaca \u00fcnl\u00fc tarihi bir kapl\u0131ca kenti- g\u00f6t\u00fcrd\u00fcler. Karlsbad, hem tarihi hem de d\u00fcnyan\u0131n en g\u00fczel kristalleri ve porseleninin \u00fcretildi\u011fi bir kasaba. Film sanat olarak \u00fcredikten sonra tabii ki Orta Avrupa\u2019n\u0131n en \u00fcnl\u00fc film festivalinin yap\u0131ld\u0131\u011f\u0131 kasabad\u0131r da ayn\u0131 zamanda. Karlsbad Avrupa \u0130mparatoru IV. \u00c7arl ve e\u015fi imparatori\u00e7e Maria, Marienbad\u2019\u0131 in\u015fa etmi\u015fler 14. y\u00fczy\u0131lda. \u0130kisi de kapl\u0131ca kenti ve farkl\u0131 hastal\u0131klara deva iki kasaba!<\/p>\n<p>Karlsbad\u2019ta bizi matematik hocam\u0131z gezdiriyor, bize kasabay\u0131 tan\u0131t\u0131yordu. \u00d6nce kristal fabrikas\u0131n\u0131 ard\u0131ndan porselen fabrikas\u0131n\u0131 gezdik. \u00d6\u011fleden sonra da \u015fehrin saraylarla kapl\u0131 merkezini dola\u015ft\u0131k ve nihayet tarihi tiyatro binas\u0131n\u0131 gezip \u00e7\u0131kt\u0131\u011f\u0131m\u0131zda matematik hocam\u0131z soka\u011f\u0131n \u00fcst\u00fcndeki k\u00f6hne bir evi g\u00f6stererek: \u201cSenin cumhurba\u015fkan\u0131n burada kalm\u0131\u015ft\u0131,\u201d deyince bana, bir tuhaf oldum! \u201cBenim devletim yok ki cumhurba\u015fkan\u0131m olsun!\u201d diye yan\u0131t verdim. O, beni hep k\u0131zd\u0131ran hocamd\u0131. \u201cSizi k\u0131r\u0131mdan ge\u00e7iren Atat\u00fcrk bu evde kald\u0131!\u201d deyince daha da bir tuhaf oldum. Atat\u00fcrk ve Karlsbad?!<\/p>\n<p>Avrupa\u2019ya gelmeden \u00f6nce Siverek\u2019teki G\u00fcmr\u00fck Han\u0131n 2. kat\u0131nda biz liseli \u00f6\u011frenciler olarak kiralad\u0131\u011f\u0131m\u0131z iki oday\u0131 \u201cK\u00fct\u00fcphane-Okuma-Seminer Evi\u201d yapm\u0131\u015ft\u0131k. Orada Atat\u00fcrk\u2019le ilgili o d\u00f6nemde var olan t\u00fcm kitaplar\u0131 okumu\u015ftum. Bunlar aras\u0131nda \u015eevket S\u00fcreyya Aydemir\u2019in \u201cTEK ADAM\u201d isimli kitab\u0131 da dahil ama hi\u00e7bir yerde Atat\u00fcrk\u2019\u00fcn \u00c7ekoslovakya\u2019ya gitti\u011fini ne duymu\u015f ne de okumu\u015ftum. Hocam\u0131n bana parma\u011f\u0131yla g\u00f6sterdi\u011fi, durdu\u011fumuz yerden 30-40 m ilerideki eve, gruptan ayr\u0131larak h\u0131zl\u0131 ad\u0131mlarla gittim ve ger\u00e7ekten o bak\u0131ms\u0131z evin duvar\u0131nda pas tutmu\u015f bir levhan\u0131n \u00fczerinde \u201cBu evde T\u00fcrkiye Cumhuriyeti\u2019nin kurucusu M. Kemal Atat\u00fcrk kald\u0131\u201d yaz\u0131yordu ama levha o kadar pasl\u0131 ve pas\u0131n \u00fcst\u00fcndeki toz kal\u0131p tutmu\u015f bir haldeydi ki yaz\u0131 zor okunuyordu.<\/p>\n<p>O g\u00fcnden sonra y\u0131llarca s\u00fcren bir ara\u015ft\u0131rma s\u00fcreci ba\u015flad\u0131 bende.<\/p>\n<p>Atat\u00fcrk nas\u0131l, niye, kimin izniyle, kimin iste\u011fiyle ve kimin davetlisi olarak Birinci D\u00fcnya Sava\u015f\u0131\u2019n\u0131n son aylar\u0131nda yani sava\u015f\u0131n en kanl\u0131 d\u00f6neminde cepheyi terk edip de elini kolunu sallayarak hem de emir eri \u015eevki e\u015fli\u011finde \u0130stanbul\u2019dan ta Prag\u2019a oradan da Karlsbad\u2019a kadar 30 Haziran 1918 pazar g\u00fcn\u00fc saat:19:30 da gelebilmi\u015fti? S\u00f6z konusu tarih 1918! Yani otomobilin daha do\u011fu\u015f sanc\u0131lar\u0131 i\u00e7inde oldu\u011fu, yollar\u0131n ya olmad\u0131\u011f\u0131 ya da \u00e7ok k\u00f6t\u00fc oldu\u011fu ve de sava\u015f\u0131n en kanl\u0131 d\u00f6neminden bahsediyoruz! Her sava\u015f\u0131n son d\u00f6nemi en kanl\u0131 d\u00f6nemidir!<\/p>\n<p>Emektar K\u00fcrt ayd\u0131nlar\u0131 insan\u00fcst\u00fc \u00e7abayla Sevr\u2019den Lozan\u2019a olan s\u00fcre\u00e7 \u00fczerine \u00e7al\u0131\u015ft\u0131lar, kitaplar yay\u0131nlad\u0131lar ama onlar hakl\u0131 olarak ula\u015f\u0131labilir kaynaklardan yola \u00e7\u0131kt\u0131lar. Ya ula\u015f\u0131lmayan, askeri istihbaratlar\u0131n bug\u00fcne kadar kasalar\u0131nda sakl\u0131 olan ger\u00e7ekler? Evet bu ger\u00e7ekler ancak a\u00e7\u0131\u011fa \u00e7\u0131kar\u0131ld\u0131\u011f\u0131nda hem Osmanl\u0131\u2019n\u0131n mahk\u00fbm edildi\u011fi kaderi hem TC\u2019nin do\u011fu\u015fu hem de K\u00fcrtlere reva g\u00f6r\u00fclen k\u00f6lelik ya da yok etme siyaseti anla\u015f\u0131labilinir.<\/p>\n<p>T\u00fcm bu sorular\u0131n yan\u0131t\u0131 \u0130stanbul\u2019dan binlerce kilometre uzakta tarihi bir kapl\u0131ca kentinde yatmaktad\u0131r.<\/p>\n<p>-devam\u0131 gelecek \u2013<\/p>\n<p><strong>Yekta Uzuno\u011flu<\/strong><\/p>\n<div id=\"attachment_19086\" class=\"wp-caption aligncenter\">\n<p><a href=\"https:\/\/yektauzunoglu.com\/wp-content\/uploads\/2020\/05\/Screenshot-2020-05-09-at-23.47.00.png\" data-caption=\"\u2013 Atat\u00fcrk\u2019\u00fcn kald\u0131\u011f\u0131 pansiyonun \u00f6n\u00fcnde 1972 y\u0131l\u0131nda \u00e7ekti\u011fimiz foto\u011fraf\"><img loading=\"lazy\" decoding=\"async\" class=\"size-large wp-image-19086\" src=\"https:\/\/yektauzunoglu.com\/wp-content\/uploads\/2020\/05\/Screenshot-2020-05-09-at-23.47.00-1024x440.png\" sizes=\"auto, (max-width: 1024px) 100vw, 1024px\" srcset=\"https:\/\/yektauzunoglu.com\/wp-content\/uploads\/2020\/05\/Screenshot-2020-05-09-at-23.47.00-200x86.png 200w, https:\/\/yektauzunoglu.com\/wp-content\/uploads\/2020\/05\/Screenshot-2020-05-09-at-23.47.00-300x129.png 300w, https:\/\/yektauzunoglu.com\/wp-content\/uploads\/2020\/05\/Screenshot-2020-05-09-at-23.47.00-400x172.png 400w, https:\/\/yektauzunoglu.com\/wp-content\/uploads\/2020\/05\/Screenshot-2020-05-09-at-23.47.00-600x258.png 600w, https:\/\/yektauzunoglu.com\/wp-content\/uploads\/2020\/05\/Screenshot-2020-05-09-at-23.47.00-768x330.png 768w, https:\/\/yektauzunoglu.com\/wp-content\/uploads\/2020\/05\/Screenshot-2020-05-09-at-23.47.00-800x344.png 800w, https:\/\/yektauzunoglu.com\/wp-content\/uploads\/2020\/05\/Screenshot-2020-05-09-at-23.47.00-1024x440.png 1024w, https:\/\/yektauzunoglu.com\/wp-content\/uploads\/2020\/05\/Screenshot-2020-05-09-at-23.47.00-1200x515.png 1200w, https:\/\/yektauzunoglu.com\/wp-content\/uploads\/2020\/05\/Screenshot-2020-05-09-at-23.47.00.png 1760w\" alt=\"\" width=\"1024\" height=\"440\" aria-describedby=\"caption-attachment-19086\" \/><\/a><\/p>\n<p id=\"caption-attachment-19086\" class=\"wp-caption-text\">\u2013 Atat\u00fcrk\u2019\u00fcn kald\u0131\u011f\u0131 pansiyonun \u00f6n\u00fcnde 1972 y\u0131l\u0131nda \u00e7ekti\u011fimiz foto\u011fraf<\/p>\n<\/div>\n<p>&nbsp;<\/p>\n<p>&nbsp;<\/p>\n<div id=\"attachment_19085\" class=\"wp-caption aligncenter\">\n<p><a href=\"https:\/\/yektauzunoglu.com\/wp-content\/uploads\/2020\/05\/Screenshot-2020-05-10-at-14.04.22.png\" data-caption=\"Atat\u00fcrk\u00fcn Karlsbad\u2019ta kald\u0131\u011f\u0131 pansiyon\"><img loading=\"lazy\" decoding=\"async\" class=\"size-large wp-image-19085\" src=\"https:\/\/yektauzunoglu.com\/wp-content\/uploads\/2020\/05\/Screenshot-2020-05-10-at-14.04.22-1024x870.png\" sizes=\"auto, (max-width: 1024px) 100vw, 1024px\" srcset=\"https:\/\/yektauzunoglu.com\/wp-content\/uploads\/2020\/05\/Screenshot-2020-05-10-at-14.04.22-200x170.png 200w, https:\/\/yektauzunoglu.com\/wp-content\/uploads\/2020\/05\/Screenshot-2020-05-10-at-14.04.22-300x255.png 300w, https:\/\/yektauzunoglu.com\/wp-content\/uploads\/2020\/05\/Screenshot-2020-05-10-at-14.04.22-400x340.png 400w, https:\/\/yektauzunoglu.com\/wp-content\/uploads\/2020\/05\/Screenshot-2020-05-10-at-14.04.22-600x510.png 600w, https:\/\/yektauzunoglu.com\/wp-content\/uploads\/2020\/05\/Screenshot-2020-05-10-at-14.04.22-768x652.png 768w, https:\/\/yektauzunoglu.com\/wp-content\/uploads\/2020\/05\/Screenshot-2020-05-10-at-14.04.22-800x679.png 800w, https:\/\/yektauzunoglu.com\/wp-content\/uploads\/2020\/05\/Screenshot-2020-05-10-at-14.04.22-1024x870.png 1024w, https:\/\/yektauzunoglu.com\/wp-content\/uploads\/2020\/05\/Screenshot-2020-05-10-at-14.04.22-1200x1019.png 1200w, https:\/\/yektauzunoglu.com\/wp-content\/uploads\/2020\/05\/Screenshot-2020-05-10-at-14.04.22.png 1220w\" alt=\"\" width=\"1024\" height=\"870\" aria-describedby=\"caption-attachment-19085\" \/><\/a><\/p>\n<p id=\"caption-attachment-19085\" class=\"wp-caption-text\">Atat\u00fcrk\u00fcn Karlsbad\u2019ta kald\u0131\u011f\u0131 pansiyon<\/p>\n<\/div>\n","protected":false},"excerpt":{"rendered":"<p>30 y\u0131ld\u0131r Osmanl\u0131\u2019n\u0131n nerede, nas\u0131l sat\u0131ld\u0131\u011f\u0131 \u00fczerine say\u0131s\u0131z makale yazd\u0131m, tarih\u00e7ilerle televizyon tart\u0131\u015fmalar\u0131na kat\u0131ld\u0131m, tarihle sorumlu devlet kurumlar\u0131n\u0131 hatta \u00c7ek Belediyesini tabelay\u0131 yenilemeri i\u00e7in \u00a0uyar\u0131p durdum, ama bu arada bu konuyu T\u00fcrk\u00e7e\u2019de \u00a0yazmad\u0131\u011f\u0131m\u0131 sonradan idrak ettim. Y\u0131l 1972 ve ben Avrupa\u2019n\u0131n en \u00fcnl\u00fc bir k\u00fclt\u00fcr kasabas\u0131 olan Marienbad\u2019ta bulunuyordum. Goethe\u2019nin Dr. Faust\u2019unu tamamlad\u0131\u011f\u0131, Beethoven\u2019in 9. &hellip;<\/p>\n","protected":false},"author":32,"featured_media":21655,"comment_status":"open","ping_status":"open","sticky":false,"template":"","format":"standard","meta":{"footnotes":""},"categories":[25],"tags":[5610,1616,734],"class_list":["post-21654","post","type-post","status-publish","format-standard","has-post-thumbnail","","category-tarih","tag-ataturk","tag-manset","tag-osmanli"],"_links":{"self":[{"href":"https:\/\/candname.com\/tr\/index.php?rest_route=\/wp\/v2\/posts\/21654","targetHints":{"allow":["GET"]}}],"collection":[{"href":"https:\/\/candname.com\/tr\/index.php?rest_route=\/wp\/v2\/posts"}],"about":[{"href":"https:\/\/candname.com\/tr\/index.php?rest_route=\/wp\/v2\/types\/post"}],"author":[{"embeddable":true,"href":"https:\/\/candname.com\/tr\/index.php?rest_route=\/wp\/v2\/users\/32"}],"replies":[{"embeddable":true,"href":"https:\/\/candname.com\/tr\/index.php?rest_route=%2Fwp%2Fv2%2Fcomments&post=21654"}],"version-history":[{"count":0,"href":"https:\/\/candname.com\/tr\/index.php?rest_route=\/wp\/v2\/posts\/21654\/revisions"}],"wp:featuredmedia":[{"embeddable":true,"href":"https:\/\/candname.com\/tr\/index.php?rest_route=\/wp\/v2\/media\/21655"}],"wp:attachment":[{"href":"https:\/\/candname.com\/tr\/index.php?rest_route=%2Fwp%2Fv2%2Fmedia&parent=21654"}],"wp:term":[{"taxonomy":"category","embeddable":true,"href":"https:\/\/candname.com\/tr\/index.php?rest_route=%2Fwp%2Fv2%2Fcategories&post=21654"},{"taxonomy":"post_tag","embeddable":true,"href":"https:\/\/candname.com\/tr\/index.php?rest_route=%2Fwp%2Fv2%2Ftags&post=21654"}],"curies":[{"name":"wp","href":"https:\/\/api.w.org\/{rel}","templated":true}]}}