{"id":21610,"date":"2020-03-06T21:49:48","date_gmt":"2020-03-06T18:49:48","guid":{"rendered":"http:\/\/candname.com\/tr\/?p=21610"},"modified":"2020-03-05T21:55:38","modified_gmt":"2020-03-05T18:55:38","slug":"nubihardanasiretcilik-milliyetcilik-ve-islamcilik-kavsaginda-osmanlinin-kurt-siyaseti","status":"publish","type":"post","link":"https:\/\/candname.com\/tr\/?p=21610","title":{"rendered":"N\u00fbbihar&#8217;dan;A\u015firet\u00e7ilik, Milliyet\u00e7ilik ve \u0130slamc\u0131l\u0131k Kav\u015fa\u011f\u0131nda Osmanl\u0131&#8217;n\u0131n K\u00fcrt Siyaseti"},"content":{"rendered":"<p>Bu kitap, II. Abd\u00fclhamid\u2019in devr-i iktidar\u0131nda tatbik edilen K\u00fcrt siyasas\u0131na yo\u011funla\u015fm\u0131\u015f, birinci el kaynaklar\u0131n sundu\u011fu ampirik verilerle sosyal bilimlerin sundu\u011fu epistemolojik bilgileri bir araya getirerek yo\u011furmaya \u00e7al\u0131\u015fm\u0131\u015ft\u0131r.<\/p>\n<p>Osmanl\u0131-K\u00fcrt ili\u015fkilerinde ya\u015fanan s\u00fcreklilik ve kopu\u015flar geleneksel devlet\/toplum ile modern devlet\/toplum paradigmalar\u0131 \u0131\u015f\u0131\u011f\u0131nda de\u011ferlendiren \u00e7al\u0131\u015fma, analojiler ve kar\u015f\u0131la\u015ft\u0131rmalar yaparak II. Abd\u00fclhamid\u2019in K\u00fcrt Siyasal\u0131n\u0131 hem b\u00f6lge d\u00fczlemine hem de d\u00fcnya d\u00fczlemine oturtmaya gayret g\u00f6stermi\u015ftir. Kitap, II. Abd\u00fclhamid\u2019in K\u00fcrt politikas\u0131n\u0131 merkeze almakla birlikte, Osmanl\u0131 toplum yap\u0131s\u0131n\u0131n tarihsel olarak ge\u00e7irdi\u011fi d\u00f6n\u00fc\u015f\u00fcmlere de de\u011finmi\u015f, modernle\u015fmeye y\u00f6nelik \u0131slahat giri\u015fimlerinde bulunan imparatorlu\u011fun, s\u00fcre\u00e7 i\u00e7erisinde ya\u015fad\u0131\u011f\u0131 de\u011fi\u015fimlerin alt\u0131n\u0131 \u00e7izmi\u015f, nesnel ko\u015fullarda ya\u015fanan de\u011fi\u015fimlerin Osmanl\u0131\u2019n\u0131n K\u00fcrt siyaset\u00eendeki etkilerine yo\u011funla\u015fm\u0131\u015ft\u0131r.<\/p>\n<p>II. Abd\u00fclhamid, bir taraftan Ermeni tehdidine kar\u015f\u0131 K\u00fcrt a\u015firet reisleri ve \u015feyhleri ile ili\u015fkilerini geli\u015ftirmeye \u00e7al\u0131\u015fm\u0131\u015f, di\u011fer taraftan modernle\u015fen d\u00fcnyan\u0131n milliyet\u00e7ilik \u00e7a\u011f\u0131nda K\u00fcrtleri e\u011fitim yoluyla, Osmanl\u0131\u2019ya, asl\u0131nda kendi \u015fahs\u0131na, ba\u011flamak i\u00e7in m\u00fccadele etmi\u015ftir.<\/p>\n<p>II. Abd\u00fclhamid, zaman\u0131n ruhunu dikkate alm\u0131\u015f, Osmanl\u0131c\u0131l\u0131\u011f\u0131 da i\u00e7inde bar\u0131nd\u0131ran \u0130slamc\u0131l\u0131k d\u00fc\u015f\u00fcncesini esas siyasa haline getirmi\u015f, Osmanl\u0131&#8217;n\u0131n di\u011fer M\u00fcsl\u00fcman unsurlar\u0131yla birlikte K\u00fcrtleri de bu siyasas\u0131n\u0131n par\u00e7as\u0131 yapmak i\u00e7in u\u011fra\u015fm\u0131\u015ft\u0131r.<\/p>\n<p>Nubihar.com<\/p>\n","protected":false},"excerpt":{"rendered":"<p>Bu kitap, II. Abd\u00fclhamid\u2019in devr-i iktidar\u0131nda tatbik edilen K\u00fcrt siyasas\u0131na yo\u011funla\u015fm\u0131\u015f, birinci el kaynaklar\u0131n sundu\u011fu ampirik verilerle sosyal bilimlerin sundu\u011fu epistemolojik bilgileri bir araya getirerek yo\u011furmaya \u00e7al\u0131\u015fm\u0131\u015ft\u0131r. Osmanl\u0131-K\u00fcrt ili\u015fkilerinde ya\u015fanan s\u00fcreklilik ve kopu\u015flar geleneksel devlet\/toplum ile modern devlet\/toplum paradigmalar\u0131 \u0131\u015f\u0131\u011f\u0131nda de\u011ferlendiren \u00e7al\u0131\u015fma, analojiler ve kar\u015f\u0131la\u015ft\u0131rmalar yaparak II. Abd\u00fclhamid\u2019in K\u00fcrt Siyasal\u0131n\u0131 hem b\u00f6lge d\u00fczlemine hem de &hellip;<\/p>\n","protected":false},"author":32,"featured_media":21611,"comment_status":"open","ping_status":"open","sticky":false,"template":"","format":"standard","meta":{"footnotes":""},"categories":[1746],"tags":[5577,5419,117,1616,180,734],"class_list":["post-21610","post","type-post","status-publish","format-standard","has-post-thumbnail","","category-kitapcilik","tag-abdulhamit","tag-hamidiye-alaylari","tag-kurtler","tag-manset","tag-nubihar","tag-osmanli"],"_links":{"self":[{"href":"https:\/\/candname.com\/tr\/index.php?rest_route=\/wp\/v2\/posts\/21610","targetHints":{"allow":["GET"]}}],"collection":[{"href":"https:\/\/candname.com\/tr\/index.php?rest_route=\/wp\/v2\/posts"}],"about":[{"href":"https:\/\/candname.com\/tr\/index.php?rest_route=\/wp\/v2\/types\/post"}],"author":[{"embeddable":true,"href":"https:\/\/candname.com\/tr\/index.php?rest_route=\/wp\/v2\/users\/32"}],"replies":[{"embeddable":true,"href":"https:\/\/candname.com\/tr\/index.php?rest_route=%2Fwp%2Fv2%2Fcomments&post=21610"}],"version-history":[{"count":0,"href":"https:\/\/candname.com\/tr\/index.php?rest_route=\/wp\/v2\/posts\/21610\/revisions"}],"wp:featuredmedia":[{"embeddable":true,"href":"https:\/\/candname.com\/tr\/index.php?rest_route=\/wp\/v2\/media\/21611"}],"wp:attachment":[{"href":"https:\/\/candname.com\/tr\/index.php?rest_route=%2Fwp%2Fv2%2Fmedia&parent=21610"}],"wp:term":[{"taxonomy":"category","embeddable":true,"href":"https:\/\/candname.com\/tr\/index.php?rest_route=%2Fwp%2Fv2%2Fcategories&post=21610"},{"taxonomy":"post_tag","embeddable":true,"href":"https:\/\/candname.com\/tr\/index.php?rest_route=%2Fwp%2Fv2%2Ftags&post=21610"}],"curies":[{"name":"wp","href":"https:\/\/api.w.org\/{rel}","templated":true}]}}