{"id":21607,"date":"2020-03-05T21:48:33","date_gmt":"2020-03-05T18:48:33","guid":{"rendered":"http:\/\/candname.com\/tr\/?p=21607"},"modified":"2020-03-05T21:48:33","modified_gmt":"2020-03-05T18:48:33","slug":"nubihar-dergisi-150-sayiya-ulasti","status":"publish","type":"post","link":"https:\/\/candname.com\/tr\/?p=21607","title":{"rendered":"N\u00fbbihar Dergisi 150. say\u0131ya ula\u015ft\u0131!"},"content":{"rendered":"<p>En uzun soluklu K\u00fcrt\u00e7e dergi N\u00fbbihar\u2019\u0131n 150\u2019nci say\u0131s\u0131 \u00e7\u0131kt\u0131.<\/p>\n<p>1992 y\u0131l\u0131n\u0131n Ekim ay\u0131nda yay\u0131n hayat\u0131na ba\u015flayan N\u00fbbihar Dergisi 28\u2019inci y\u0131l\u0131nda 150\u2019nci say\u0131ya ula\u015ft\u0131.<\/p>\n<p>\u00dc\u00e7 ayda bir \u00e7\u0131kan K\u00fcrt\u00e7e k\u00fclt\u00fcr, edebiyat ve sanat dergisi N\u00fbbihar\u2019\u0131n yeni say\u0131s\u0131 yay\u0131mland\u0131.<\/p>\n<p>K\u00fcrt\u00e7enin Kurmanci ve Kirmancki leh\u00e7eleri ile yay\u0131n yapan N\u00fbbihar Dergisi, her say\u0131da K\u00fcrt k\u00fclt\u00fcr, tarih ve edebiyat\u0131 ile ilgili farkl\u0131 konularla okuyucular\u0131yla bulu\u015fuyor.<\/p>\n<p>Bu say\u0131da yer alan konular di\u011fer say\u0131larda oldu\u011fu gibi yine biribirinden farkl\u0131. 150\u2019inci say\u0131da yer alan yaz\u0131lara bak\u0131ld\u0131\u011f\u0131nda ara\u015ft\u0131rma, hikaye, gezi, biyografi, kilam metinleri ve \u015fiir \u00e7evirileri gibi t\u00fcrlerinin yan\u0131 s\u0131ra bir de r\u00f6portaj var.<\/p>\n<p>150. say\u0131n\u0131n i\u00e7eri\u011fi \u015f\u00f6yle:<\/p>\n<p>\u201cS\u00fcleyman \u00c7evik\/Ji Editor<\/p>\n<p>Berken Bereh\/Li ko\u00e7ka \u015fi\u2019r\u00ea \u00fb \u015fairan<\/p>\n<p>Rohat Alakom\/Du heyran\u00ean Selahadd\u00een Ey\u00fbb\u00ee (Sedsala 14) Dante \u00fb Boccaccio<\/p>\n<p>Murad Celal\u00ee\/F\u00ear\u00eek\u00ea \u00dbsiv \u00fb Xebat\u00ean W\u00ee<\/p>\n<p>Rojen Barnas\/Aldonza \/ Di Bar\u00eegana Ev\u00een\u00ea de<\/p>\n<p>Abdullah \u0130ncekan\/Li welat\u00ea roj\u00ea li xwe veger Ba\u015f\u00fbr\u00ea dil<\/p>\n<p>Berken Bereh\/Kumbet<\/p>\n<p>Heinrich Heine\/Bi xatir\u00ea te (Wergera ji Alman\u00ee: Abdullah \u0130ncekan)<\/p>\n<p>Evdilxaliq\u00ea \u00cesa\/Li zarokatiya xwe digerim<\/p>\n<p>Kon\u00ea Re\u015f\/Newala S\u00eeseban\u00ea li Nis\u00eab\u00een\u00ea ye Ne li Botan \u00fb Ermenistan\u00ea ye!<\/p>\n<p>Fur\u00fbx Ferroxzad\/Diyar\u00ee (Wergera ji Faris\u00ee: Mahs\u00fbn Re\u015f\u00e7elan)<\/p>\n<p>Hafiz\u00ea \u015e\u00eeraz\u00ee\/Bir ji min w\u00ea qerar \u00fb taqet \u00fb he\u015f (Wergera ji Faris\u00ee: Hayrullah Acar)<\/p>\n<p>\u015eemoy\u00ea Mem\u00ea\/D\u00ea \u00fb Kur di Berhem\u00ean Emer\u00eek\u00ea Serdar de<\/p>\n<p>Felat Dilge\u015f\/Bar\u00ea me li erd\u00ea<\/p>\n<p>Mehmet Rauf \u00c7\u00ee\u00e7ek\/Der heq\u00ea Seyda de \u00e7end b\u00eeran\u00een<\/p>\n<p>Kinyaz\u00ea \u00cebrah\u00eem\/Navdarek\u00ee Edebiyata Kurd\u00ee ya Sedsala 20an: Eliy\u00ea Evdirehman<\/p>\n<p>Milla Ehmed\u00ea Ciz\u00eer\u00ee\/Na D\u00fbr\u00eeyey Ez Qut Kerda (Kurmanc\u00ee ra A\u00e7arnayi\u015f: \u00d6. Faruk \u00c7etinkaplan)<\/p>\n<p>H\u00eamin Omar Ahmad\/Heb\u00eeb Mihemed Se\u00eed niv\u00eeskarek\u00ee pirr berhem<\/p>\n<p>Talat \u0130nan\u00e7\/Ziman\u00ea Kurd\u00ee<\/p>\n<p>Salih\u00ea Kevirbir\u00ee\/Hosteyek\u00ee Edebiyata Kurd\u00ee: Eliy\u00ea Evdirehman\u00ea Mom\u00een<\/p>\n<p>Bamed Serdar\/Tu hav\u00een dif\u00fbriya<\/p>\n<p>Michael L. Chyet\/Derbar\u00ea hevpeyv\u00eena jimara 149an de agahdariya<\/p>\n<p>Shah\u00een Bekir Sorekl\u00ee\/Pira Hilwe\u015fiyay\u00ee<\/p>\n<p>Sid\u00eeq Gor\u00eecan\/Ha\u00eek\u00fb (X\u00eaz: Zozan Orak)<\/p>\n<p>Abdullah Can\/Se\u00eed\u00ea Kurd\u00ee \u00fb gel\u00ea xwe-II<\/p>\n<p>Mele Mihemed K\u00ears\u00ee\/Ebdurehman Durre \u00fb Mela Mihemed Sadiq<\/p>\n<p>Nesim S\u00f6nmez\/Sonda bi Quran\u00ea<\/p>\n<p>Dilazad A.R.T\/Ten\u00ea guhdariya b\u00eadengiy\u00ea dikim<\/p>\n<p>Ahmet Seyar\u00ee\/Tehl\u00eela Romana Dimdim a Ereb\u00ea \u015eemo<\/p>\n<p>Mahm\u00fbd\u00ea Hesb\u00eara\/Kilama \u00c7em\u00ea Dilkiya<\/p>\n<p>Qedr\u00ee Sipran\u00ee\/S\u00ea \u00c7ar\u00een<\/p>\n<p>Mihemed\u00ea Xarp\u00eat\u00ee\/Yan e!<\/p>\n<p>Receb Dildar: Ez bi xwendin \u00fb niv\u00ees\u00ea li heyat\u00ea me! (Hevpeyv\u00een: Nihat G\u00fcltekin)<\/p>\n<p>Abdulselam Ak\u0131nc\u0131\/\u00c7ima Kilaman \u00c7\u00eadikim?<\/p>\n<p>Mela Muhemed Gulnar\/Firaqa Jiyana Medresan (Veguhastina ji t\u00eep\u00ean Ereb\u00ee: S\u00eepan\u00ee)<\/p>\n<p>Evd\u00ee Hesqera\/Kilama Heso yan H\u00fbso \u00fb Naz\u00ea?\u201d<\/p>\n","protected":false},"excerpt":{"rendered":"<p>En uzun soluklu K\u00fcrt\u00e7e dergi N\u00fbbihar\u2019\u0131n 150\u2019nci say\u0131s\u0131 \u00e7\u0131kt\u0131. 1992 y\u0131l\u0131n\u0131n Ekim ay\u0131nda yay\u0131n hayat\u0131na ba\u015flayan N\u00fbbihar Dergisi 28\u2019inci y\u0131l\u0131nda 150\u2019nci say\u0131ya ula\u015ft\u0131. \u00dc\u00e7 ayda bir \u00e7\u0131kan K\u00fcrt\u00e7e k\u00fclt\u00fcr, edebiyat ve sanat dergisi N\u00fbbihar\u2019\u0131n yeni say\u0131s\u0131 yay\u0131mland\u0131. K\u00fcrt\u00e7enin Kurmanci ve Kirmancki leh\u00e7eleri ile yay\u0131n yapan N\u00fbbihar Dergisi, her say\u0131da K\u00fcrt k\u00fclt\u00fcr, tarih ve edebiyat\u0131 ile &hellip;<\/p>\n","protected":false},"author":32,"featured_media":21608,"comment_status":"open","ping_status":"open","sticky":false,"template":"","format":"standard","meta":{"footnotes":""},"categories":[158],"tags":[5576,1616,180],"class_list":["post-21607","post","type-post","status-publish","format-standard","has-post-thumbnail","","category-dergicilik","tag-ahmede-xani","tag-manset","tag-nubihar"],"_links":{"self":[{"href":"https:\/\/candname.com\/tr\/index.php?rest_route=\/wp\/v2\/posts\/21607","targetHints":{"allow":["GET"]}}],"collection":[{"href":"https:\/\/candname.com\/tr\/index.php?rest_route=\/wp\/v2\/posts"}],"about":[{"href":"https:\/\/candname.com\/tr\/index.php?rest_route=\/wp\/v2\/types\/post"}],"author":[{"embeddable":true,"href":"https:\/\/candname.com\/tr\/index.php?rest_route=\/wp\/v2\/users\/32"}],"replies":[{"embeddable":true,"href":"https:\/\/candname.com\/tr\/index.php?rest_route=%2Fwp%2Fv2%2Fcomments&post=21607"}],"version-history":[{"count":0,"href":"https:\/\/candname.com\/tr\/index.php?rest_route=\/wp\/v2\/posts\/21607\/revisions"}],"wp:featuredmedia":[{"embeddable":true,"href":"https:\/\/candname.com\/tr\/index.php?rest_route=\/wp\/v2\/media\/21608"}],"wp:attachment":[{"href":"https:\/\/candname.com\/tr\/index.php?rest_route=%2Fwp%2Fv2%2Fmedia&parent=21607"}],"wp:term":[{"taxonomy":"category","embeddable":true,"href":"https:\/\/candname.com\/tr\/index.php?rest_route=%2Fwp%2Fv2%2Fcategories&post=21607"},{"taxonomy":"post_tag","embeddable":true,"href":"https:\/\/candname.com\/tr\/index.php?rest_route=%2Fwp%2Fv2%2Ftags&post=21607"}],"curies":[{"name":"wp","href":"https:\/\/api.w.org\/{rel}","templated":true}]}}