{"id":21593,"date":"2020-02-24T13:11:11","date_gmt":"2020-02-24T10:11:11","guid":{"rendered":"http:\/\/candname.com\/tr\/?p=21593"},"modified":"2020-02-24T13:12:46","modified_gmt":"2020-02-24T10:12:46","slug":"seyh-saidin-bacanagi-binbasi-kasimin-diyarbakirda-verdigi-ifade","status":"publish","type":"post","link":"https:\/\/candname.com\/tr\/?p=21593","title":{"rendered":"\u015eeyh Said&#8217;in Bacana\u011f\u0131 Binba\u015f\u0131 Kas\u0131m&#8217;\u0131n Diyarbak\u0131r\u2019da verdi\u011fi ifade"},"content":{"rendered":"<p><strong>1925\u2019te Diyarbak\u0131r\u2019da kurulan \u015eark \u0130stiklal Mahkemesinde savunma yapan M\u00fcteakid Binba\u015fi Kas\u0131m\u2019\u0131n savunmas\u0131n\u0131 Osmanl\u0131cadan T\u00fcrk\u00e7eye \u00e7eviren Serhatl\u0131\u2019dan tarihe \u0131\u015f\u0131k tutan belge.<\/strong><\/p>\n<p>&nbsp;<\/p>\n<p>&nbsp;<\/p>\n<p>\u015eark \u0130stiklal Mahkemesin kay\u0131tlar\u0131ndan yap\u0131lan \u00e7eviriye ili\u015fkin Serhatl\u0131, \u015fu notu d\u00fc\u015ft\u00fc: \u201c1925 de Diyarbak\u0131r\u2019da kurulan \u015fark istiklal mahkemesinde savunma yapan M\u00fcteakid Binba\u015fi Kas\u0131m\u0131n m\u00fcdafaasidir hi\u00e7bir ekleme yap\u0131lmadan aynen aktar\u0131yoruz.\u201d<\/p>\n<p><strong>\u201cM\u00dcTEKA\u0130D B\u0130NBA\u015e\u0130 VARTO\u2019LU KASIM BEGIN M\u00dcDAFAASI:<\/strong><\/p>\n<p>939(1923)\u2019te Bitlis Mebusu Sab\u0131k (eski mebusu) Yusuf Ziyan\u0131n K\u00fcrtl\u00fckle alakas\u0131n\u0131 Varto\u2019ya geldi\u011finde anlad\u0131\u011f\u0131m g\u00fcnde der hal s\u00fcvari f\u0131rkas\u0131na (ol vakit \u00fc\u00e7\u00fcnc\u00fc alay\u0131 komutan\u0131yd\u0131m) \u015fifre ile arz eyledim ve ald\u0131\u011f\u0131m emir \u00fczerine zabit varakas\u0131n\u0131 tanzim ve takdim ile Merkumu (ad\u0131 ge\u00e7en) Mahkemelere s\u00fcr\u00fckledim. Neticesi meydandad\u0131r; \u015eerif Pa\u015fan\u0131n K\u00fcrtlerle alakadar olmay\u0131p, K\u00fcrdlerin T\u00fcrkiye camiasindan ay\u0131rtaca\u011f\u0131n\u0131, hakk\u0131nda telgraflarla muhite ve halka numune imtisali oldum. Bu y\u00fczden baz\u0131lar\u0131n\u0131n nefretini kazand\u0131m. Lord Kurzo\u2019nun Lozanda K\u00fcrd mebusleri m\u00fcntehib (yerlerine) olmay\u0131p Gazi Pa\u015fa taraf\u0131ndan tayin edildi\u011fi mealindaki zehirli s\u00f6zlerine kar\u015f\u0131 ilk tekzib ve tel\u2019in telgraf\u0131n\u0131 Mu\u015f Mebusu \u0130lyas Sami Beg\u0131n vas\u0131tas\u0131 ile yazd\u0131m. Mecliste okunup H\u00fcsn\u00fc tesir yapt\u0131\u011f\u0131n\u0131 cevab\u0131n\u0131 ald\u0131m. Bu telgraf ve Yusuf Ziya\u2019n\u0131n meselesi K\u00fcrd r\u00fcesas\u0131n\u0131n bir k\u0131sm\u0131 aleyhimde tenzifler, tahkirler yapm\u0131\u015f ve hata Ui kasde bulunmalar\u0131n\u0131 istincap eylemi\u015fken asla meyalat etmemi\u015f ve sadakat\u0131mda sab\u0131t\u0131 kadem (sabit ad\u0131m) ve musir olmu\u015ftum. Hasanal\u0131 Halid Beyin takibi esnas\u0131nda da Gazi Pa\u015fa hazretlerine, Ba\u015f vekalete, Dahili vekalete, Mu\u015f Mebusu \u0130lyas Sami Beye mu\u015f Valisi S\u0131ri Beye, Bulan\u0131k ta Kaz\u0131m Pa\u015fa ya Telgraf verdim. K\u00fcrd Cereyan\u0131 git gide Kuvvetlendi\u011fini, Binaen aleyh bir an evvel \u00f6n\u00fcn\u00fcn al\u0131nmas\u0131n\u0131, Mu\u015f mebusu \u0130lyas Sami, Osman Kadri ve Erzurum Mebusu Halit Beylere s\u0131ra bulduk\u00e7a M\u00fc\u015fafehan (y\u00fczy\u00fcze) ve meclisteler iken Mektupler arz ederdim. Bilhasa Halk f\u0131kras\u0131 Kat\u0131b\u0131 umumiyenin (Receb bey zaman\u0131nda) uzun bir Mektub takdimi ile A\u015firet hayat\u0131na hatime(son) verilmesi ve e\u015fhas\u0131 muhim((\u00f6nemli \u015fah\u0131slar\u0131n) Ana dolu i\u00e7erilerinde iskanleri ile A\u015fairin k\u0131smen olsun T\u00fcrk ahalisi ile tebdilleri, zaman\u0131n h\u00fcl\u00fcl eyledi\u011fini (geldi\u011fini) dermeyan eylemi\u015ftim. Ge\u00e7en sene Gazi pa\u015fa Hazretlerinin Erzurum\u2019u seyahat ve te\u015friflerinde Mu\u015f Vilayeti Heyeti istikbalesine (kar\u015f\u0131lamas\u0131na) olarak gitmi\u015ftim. Ayr\u0131ca Hususi bir ziyaretle \u015feref yabi (m\u00fc\u015feref) oldum.Ve K\u00fcrdl\u00fck iftirak fikrinin avamda (halkta) hemen y\u00fczde seksen nisbetinde bulundu\u011funu, ve Tedabiri katiye (kesin tedbirler) serian\u0131n (acil) ittihaz\u0131 (al\u0131nmas\u0131 pek muktazi (l\u00fczumlu) Ali Said Pa\u015fa huzuru ile arz\u00a0 eyledim. Cibranli Halid Beyin Tevkifi ile Bitlis Azami(b\u00fcy\u00fck) Hasanal\u0131 Halid Bey\u0131n takibi m\u00fcteakib \u015eeyh Saidin din ir\u015fad\u0131na bulunarak H\u0131n\u0131s\u0131n \u015eu\u015far nahiyesinden U\u011fnut, oradan da \u00c7apak\u00e7ure, Dara h\u0131n\u0131 ve ilerisine ge\u00e7ti\u011fini i\u015fitim. M\u00fcahiren (sonrada) Piran vakias\u0131 ve Dara hini i\u015f\u011fali i\u015fitik. Muhite Su\u2019i tesir yapmak i\u00e7in elimden, dilimden geleni taksir etmedim. 23 \u015eubat 341(1925) tarihi ile \u0130lyas Sami Begden ald\u0131\u011f\u0131m telgrafa cevaben 25 \u015eubat 1925 tarihi ile dahiliye vekaletine ve \u0130lyas Sami Beye 21 kanun 340 (1924 Aral\u0131k) telgrafiyle vaziyetimi bildirilmi\u015f oldu\u011fumdan sedaketime sabitil kadem (ba\u015fka tarafa ad\u0131m atmayaca\u011f\u0131m\u0131) kalaca\u011f\u0131m\u0131 yazd\u0131m. Gencin u\u011fnut nahiyesinden iki y\u00fcze yak\u0131n K\u00fcrd Kuvvetleri mintikamiza girdiler. Merkez Kazaya gelmeleri mukarrer iken Abluka devan ederken tekrar \u0130lyas Sami Bege tel\u011frafla yazd\u0131m. Mecliste okunarak 2 May\u0131s 1925 tarihiyle 41\/75 nolu ile B\u00fcy\u00fck Millet Meclisi riyaseti celilesinin takdirnamesini cevaben ald\u0131m. Son dakikalara kadar ruhumle merbut bulundu\u011fum h\u00fck\u00fcmetten ayr\u0131lmayaca\u011f\u0131m\u0131 bir\u00e7ok muhabire ve mekalime (konu\u015fma) ile anlam\u0131\u015f olan asiler, Genc\u0131n U\u011fnut Men\u015fkut ve Mu\u015f\u0131n Ziyaret nahiyesiyle ak\u00e7an\u0131n bir k\u0131s\u0131m halk\u0131 ictima (toplant\u0131) ederek a\u015firetimin bir bir tak\u0131m cahil hoca ve \u015feyhlerinin muavenetiyle a\u015firet halk\u0131n\u0131 i\u011ffal ederek mentikaya girdiler. Ve bendenize teslim olmam\u0131 haber g\u00f6nderdiler. (son nefesim h\u00fck\u00fcmetle beberdir) cevab\u0131n\u0131 al\u0131nca leylen (gece) merkez kazaya hucum tasavvurunde bulunduklar\u0131n\u0131 haberi ald\u0131m. Makine ba\u015f\u0131nda Mu\u015f Valisine ahval\u0131 arz ettim. Behem hal bir b\u00f6l\u00fck asker \u015fiddetle laz\u0131m oldu\u011funu s\u00f6yledim. Muvaffak olamad\u0131m. H\u0131n\u0131s\u2019te Askeri Kaymakam\u0131 Osman Beyden y\u00fcz nefer istedim. Kolorduya yazd\u0131, emrini alaca\u011f\u0131n\u0131 s\u00f6yledi.Bir daha bulamad\u0131m. Ak\u015famleyin jandarma (olvakit) Milaz\u0131m\u0131 evvel Abdulbaki efendiyle g\u00f6r\u00fc\u015ferek asilerin tehacu takdirinde. Mudafaa m\u00fcmk\u00fcn olmay\u0131nca birlikte \u00e7\u0131kma\u011fa, yahut esir olmak m\u0131 laz\u0131m gelece\u011fini muvaf\u0131k fikir etmek luzumini konu\u015farak Kaymakam vekili ile g\u00f6r\u00fc\u015f\u00fcp, hal edece\u011fini s\u00f6yledi. Dedi\u011fi gibi Asiller sabah hucum ettiler yirmi dakika kadar m\u00fcdafaa edildi, Kasabay\u0131 i\u015f\u011fal ettiler. Bizim kap\u0131ya do\u011fru geldiler. Daha evvel evvel Kap\u0131ya gelmi\u015f bulunan birka\u00e7 akrabam, Zazalar\u0131n kap\u0131ya taaruzleri men ettiler. \u0130\u015f\u011falden \u00fc\u00e7 d\u00f6rt saat sonraya kadar Kap\u0131y\u0131 a\u00e7mad\u0131m. Sonradan \u015eeyh Abdullah birka\u00e7 Hoca ile ilhah ederek a\u00e7t\u0131rd\u0131lar. Bir\u00e7ok munaka\u015fa ve mukalime cereyan etti. Fakat netice itibariyle ellerinde esir bulundum. Teslim olmaz isem Girnusli, Hac\u0131 Selim ve Karde\u015fleriyle, etbaiyle hayat\u0131ma kast edeceklerini yemin etmi\u015flerdi. Onlar merkez Kazada bulunduklar\u0131 ka\u00e7 g\u00fcn nereye gitsem Akrabamdan iki \u00fc\u00e7 silahl\u0131 benimle beraber gelirlerdi. Bu halleri mevcut H\u00fck\u00fcmet Memurlar\u0131 g\u00f6r\u00fcyor. Bu g\u00fcn ne derece vicdana Malik olduklar\u0131n\u0131 kestiremem. \u015eu emri vakii i\u00e7inde, bulunca art\u0131k bunlar\u0131n elimden geldi\u011fi mertebe, s\u0131zd\u0131rerek harekat\u0131n\u0131 takib etmek ve gelecek Kuvayi Askeriyenin y\u00f6nlerini \u00fczerine d\u00fc\u015f\u00fcrerek Harekat\u0131 Askeriyeyi Suhuletle temin eylemek Maksad\u0131n\u0131 d\u00fc\u015f\u00fcnd\u00fcm. Ve merbutiyet\u0131 ubudiyet karaneyi hafi (gizli) asariyle kendi kendime tesbit ettim. Asilerin Varto\u2019yu i\u015f\u011fallerinin arkas\u0131nda H\u0131n\u0131s\u2019a hareket edeceklerdi. H\u0131n\u0131s\u2019ta zaif bir kuvvet var idi. Asiler Varto\u2019ya alt\u0131 yedi y\u00fcz ki\u015fiyle girdiler. H\u0131n\u0131s\u2019a gidinceye kadar binden fazla idi. Binaen aleyh H\u0131n\u0131s\u2019ta bila tevekuf i\u015f\u011fallerini muhakak g\u00f6rd\u00fcm. T\u00fcrl\u00fc bahaneler serdiyle te\u2019hir ettim. Bu g\u00fcn yar\u0131n ile sallayarak on ikinci f\u0131rkan\u0131n vurudune kadar iki hafta gecikti\u011fi halde hareketlerini geciktirdim. \u0130ki \u00fc\u00e7 g\u00fcn H\u0131n\u0131s\u2019a hareketleri tehir edince o halde Mu\u015fa hareket edelim dediler. Arkadan H\u0131n\u0131s kuvvetini Varto\u2019ya gelmesi pek melhuzdur dedim. Bu suretle her iki vechden hareketlerini durdurdum. K\u0131sm\u0131 azem (b\u00fcy\u00fck k\u0131sm\u0131) hastalanarak hanelerine g\u00f6nderildi. Varto\u2019yu i\u015f\u011falleriyle beraber Telgraf hat\u0131n\u0131n tamiri ve h\u00fck\u00fcmetle muhabere yap\u0131lmas\u0131 luzumunu s\u00f6yledim. Hatt\u0131 tamir ettirdim. Bir ka\u00e7 saat H\u0131n\u0131s Kaymakam\u0131 mani oldu. Sonra Erzurum Ba\u015f m\u00fcd\u00fcre Ankara yolunu vermelerini istirham ettim.K\u0131r\u0131kt\u0131r dediler, ba\u015fka yeri istedim k\u0131r\u0131k cevab\u0131n\u0131 verdiler. O halde Erzurum Mevki Mustahkemi k\u00fcmandan\u0131 Hasan Pa\u015fa ile Vali Begi Makine Ba\u015f\u0131na istedim ondanda cevap yok. iki g\u00fcn u\u011fra\u015ft\u0131m \u00e7are saz olamad\u0131m. Muhabere imkan\u0131n\u0131 bulsayd\u0131m, hi\u00e7 olmasa ise Erzurum\u2019a bir adam isterler ben gider o suretle yakam\u0131 kurtar\u0131rd\u0131m fikrinde idim. Muvafak olamad\u0131m. F\u0131rkan\u0131n Varto\u2019ya taaruzu ve i\u015f\u011fali g\u00fcn\u00fcnde Ailemi ayr\u0131ca \u00e7\u0131kard\u0131lar Cuvan\u0131m (gen\u00e7lerim) olmad\u0131\u011f\u0131 halde ba\u015fkas\u0131ndan bir hayvan alarak beni de beraber g\u00f6t\u00fcrd\u00fcler. Fe\u015fkoti nahiyesine zazalar\u0131n i\u00e7ine gittik. Mu\u015f ovas\u0131nda tertibat\u0131 al\u0131rlard\u0131. O\u011fnut c\u0131hetini muhim g\u00f6stererek tertibat\u0131 tan\u0131t\u0131rd\u0131m. O\u011fnut c\u0131hetini tahkim edince Mu\u015f ovas\u0131na kuvvetin g\u00f6nderilmesini illeri s\u00fcrerek bozard\u0131m. Bulundu\u011fum m\u00fcdetce musademeye meydan vermedim. Mu\u015f ovas\u0131nda bir defa c\u00fc\u2019zi Askerin ilerlemesiyle hemen bila tevekuf geriye \u00e7ekilmelerini g\u00f6r\u00fc\u015f bildirdim. Varto\u2019dan ayr\u0131lmam\u0131z, \u015eeyh Abdullaha teslimiyet yegane \u00e7are oldu\u011funu s\u00f6ylerdim. Kendisi de Kani olmu\u015ftu. Fakat Zazalar ancak be\u015f y\u00fcz asker vard\u0131r. Onlar\u0131 da zaman\u0131 gelince esir ederiz diyorlar ve \u015eeyhi te\u2019hir ediyorlard\u0131. \u015eeyh Said geldi\u011finde, tedbirde de\u011fi\u015fti. Mu\u015f ovas\u0131nda Murat K\u00f6pr\u00fcs\u00fcn\u00fc ge\u00e7erek Nuh Beye iltihak ederek Mu\u015f ve Bulan\u0131k sukutini temin eylemek ve \u00f6yle olmazsa \u0130ran\u2019a ge\u00e7erek dertlerine \u00e7are aramak fikirleri meydana \u00e7\u0131kt\u0131. Ve Mu\u015f Ovas\u0131na kadar gidildi. Orada art\u0131k b\u00fct\u00fcn mevcudiyetimle bu hareketin \u0130mkans\u0131zl\u0131\u011f\u0131nden tevsilat\u0131 verdim. K\u00f6pr\u00fcy\u00fc ge\u00e7mek gayri m\u00fcmk\u00fcn oldu\u011funu ikna edince, geceden ge\u00e7meyi s\u00f6ylediler. Gece de ge\u00e7emeyece\u011fini \u0131srarla s\u00f6yledim. Tekrar geri d\u00f6nerek K\u0131rvas K\u00f6y\u00fcne gidildi. Ertesi g\u00fcn\u00fc K\u0131rvas\u2019tan Varto cihetine Da\u011fdan ge\u00e7ildi, en kolay\u0131 yollar\u0131n\u0131 g\u00f6sterdiklerinde t\u00fcrl\u00fc takibat g\u00f6stererek ba\u015fka yollara sapt\u0131rd\u0131m. En M\u00fc\u015fkil mevkilerde kal\u0131nca, art\u0131k \u015eeyh Saide istimyan\u0131 (eman dilemek) izhar ettim. Ve nisan\u0131n on d\u00f6rd\u00fcnc\u00fc g\u00fcn\u00fc istimyan (eman) kararla\u015ft\u0131r\u0131ld\u0131 ve ak\u015fam\u00fczeri Varto taraf\u0131na hareket edildi. Hareketimiz gece geceleyin oldu\u011fundan kuvvetler pek da\u011f\u0131n\u0131k bir haldedir. Yolda \u015eeyh Saidin tekrar cayd\u0131\u011f\u0131n\u0131 i\u015fittim. .Kendisiyle g\u00f6r\u00fc\u015ft\u00fcm. Ve bir saat mesafe konu\u015ftuk. \u00c7ay\u0131 ge\u00e7ince art\u0131k ilerlisinde asker olmad\u0131\u011f\u0131n\u0131 ve binaen aleyh kurtuldu\u011funu ve istimyan etmeyece\u011fini s\u00f6yledi. Tam Abdurrahman Pa\u015fa K\u00f6pr\u00fcs\u00fc \u00fczerine gelmi\u015ftik. \u015eeyh Said at\u0131ndan inmi\u015f, atl\u0131lar ileride ge\u00e7iyorlar. Ge\u00e7memesini s\u00f6yledim dinlemediler. Birader Re\u015fit ve akrabalar\u0131mdan Temur ve Ahmed ve Kargapazarl\u0131 Muhamed ve Re\u015fid ile \u015eerif o\u011flu Mehmed ve Halit ile hemen ate\u015f a\u00e7t\u0131rd\u0131m. Ve y\u00fcze yak\u0131n silah at\u0131ld\u0131\u011f\u0131ndan atl\u0131lar kamilen ka\u00e7t\u0131lar. \u015eeyh Saidin k\u0131sra\u011f\u0131 da atl\u0131lar la gitmi\u015fti. K\u00f6pr\u00fcn\u00fcn sa\u011f aya\u011f\u0131 yak\u0131n\u0131nda \u015eeyh Said\u2019i Yakalad\u0131k. Yeni \u015eafak a\u00e7\u0131lm\u0131\u015ft\u0131. Varto\u2019ya \u0130stimyana gelmeyece\u011fini, istersem kendisini \u00f6ld\u00fcrmemi s\u00f6yledi. Her halde gidilece\u011fini cevab\u0131n\u0131 verdim. Ve Osman Pa\u015faya bir tezkere yazarak ufac\u0131k bir m\u00fcfrezenin g\u00f6ndermesini istirham eylemi\u015f idim. Cevaben ald\u0131\u011f\u0131m 15 Nisan 341(1925) tarihli emirleri mevcuttur. \u015eafak \u00fczeri bu hadise olmu\u015f ve orada g\u00fcne\u015fin \u00e7\u0131kmas\u0131na iki saat sonraya kadar bekledim. Sonra \u00e7ar\u00e7ur s\u0131rtlerinden inen M\u00fcfreze Pa\u015fan\u0131n selam\u0131 tebli\u011f ederek \u00c7ar\u00e7ure g\u00f6t\u00fcrd\u00fc. Pa\u015fan\u0131n esasen Varto\u2019dan g\u00f6nderdi\u011fi m\u00fcfreze on dakika sonra \u00c7ar\u00e7ur\u2019de bizi buldu pa\u015fa emrini verdi. Bu hadiseden bir hafta evvel fersiyabi olarak aileme bir mektubi gizlice vererek di\u011fer akraba aileleriyle Varto\u2019ya Osman Pa\u015faya g\u00f6ndermi\u015ftim. Tevsilat\u0131: 35 seneden beri amal ve makasid\u0131 h\u00fck\u00fcmetten ba\u015fka bir \u015feyle alakadar deyilim. Sadakat ve ba\u011fl\u0131l\u0131\u011f\u0131mdan ez seri mu inhiraf etmedim. Asilerin esaretinde iken bile h\u00fck\u00fcmet lehine ve onlar\u0131n aleyhine \u00e7al\u0131\u015ft\u0131\u011f\u0131m eserlerle mutehakiktir. H\u00fck\u00fcmetin en nazik zamanlar\u0131nda ve daha musaid zeminler varken amal\u0131 h\u00fck\u00fcmete hizmet edipte koca bir Devleti denizlere d\u00f6kt\u00fckten sonra iki sene istirahat ettikten sonraki \u015fevket ve Kudret\u2019e kar\u015f\u0131 hareketi isyaniyeye i\u015ftirak etmek mecnunlerin bile i\u015fi de\u011fil. Bunu hangi mant\u0131k kabul eder? Ancak hayat\u0131m\u0131n tehlikesi mulahazas\u0131 ile ve yine gizlice de h\u00fck\u00fcmetin maksad\u0131 lehine olarak Asilerin esaretinde bulunurdum. Ve netice itibar\u0131yle yanan \u015fu ate\u015f fesad\u0131, \u015eeyh Said\u2019in derdestiyle s\u00f6nd\u00fcrd\u00fcm. Bu babda H\u00fck\u00fcmeti Cumhuriyemizin malumat\u0131 vard\u0131r. Her nede olsam ba\u011f\u0131\u015flamam laz\u0131m gelmektedir. Adaletin inki\u015fafine umudum pek vas\u0131k bulundu\u011fundan bu hakk\u0131m\u0131n ihkak\u0131na delalet buyrulmas\u0131n\u0131, istitaf ve istirham eylerim efendim hazretleri.\u201d<\/p>\n<p><strong>Tigris Haber<\/strong><\/p>\n<p>&nbsp;<\/p>\n","protected":false},"excerpt":{"rendered":"<p>1925\u2019te Diyarbak\u0131r\u2019da kurulan \u015eark \u0130stiklal Mahkemesinde savunma yapan M\u00fcteakid Binba\u015fi Kas\u0131m\u2019\u0131n savunmas\u0131n\u0131 Osmanl\u0131cadan T\u00fcrk\u00e7eye \u00e7eviren Serhatl\u0131\u2019dan tarihe \u0131\u015f\u0131k tutan belge. &nbsp; &nbsp; \u015eark \u0130stiklal Mahkemesin kay\u0131tlar\u0131ndan yap\u0131lan \u00e7eviriye ili\u015fkin Serhatl\u0131, \u015fu notu d\u00fc\u015ft\u00fc: \u201c1925 de Diyarbak\u0131r\u2019da kurulan \u015fark istiklal mahkemesinde savunma yapan M\u00fcteakid Binba\u015fi Kas\u0131m\u0131n m\u00fcdafaasidir hi\u00e7bir ekleme yap\u0131lmadan aynen aktar\u0131yoruz.\u201d \u201cM\u00dcTEKA\u0130D B\u0130NBA\u015e\u0130 VARTO\u2019LU KASIM &hellip;<\/p>\n","protected":false},"author":32,"featured_media":21596,"comment_status":"open","ping_status":"open","sticky":false,"template":"","format":"standard","meta":{"footnotes":""},"categories":[5371],"tags":[1616,3558,5575,5574,17],"class_list":["post-21593","post","type-post","status-publish","format-standard","has-post-thumbnail","","category-alinti-yazilar","tag-manset","tag-sex-seid","tag-seyh-said-isyani","tag-seyh-sait","tag-slide"],"_links":{"self":[{"href":"https:\/\/candname.com\/tr\/index.php?rest_route=\/wp\/v2\/posts\/21593","targetHints":{"allow":["GET"]}}],"collection":[{"href":"https:\/\/candname.com\/tr\/index.php?rest_route=\/wp\/v2\/posts"}],"about":[{"href":"https:\/\/candname.com\/tr\/index.php?rest_route=\/wp\/v2\/types\/post"}],"author":[{"embeddable":true,"href":"https:\/\/candname.com\/tr\/index.php?rest_route=\/wp\/v2\/users\/32"}],"replies":[{"embeddable":true,"href":"https:\/\/candname.com\/tr\/index.php?rest_route=%2Fwp%2Fv2%2Fcomments&post=21593"}],"version-history":[{"count":0,"href":"https:\/\/candname.com\/tr\/index.php?rest_route=\/wp\/v2\/posts\/21593\/revisions"}],"wp:featuredmedia":[{"embeddable":true,"href":"https:\/\/candname.com\/tr\/index.php?rest_route=\/wp\/v2\/media\/21596"}],"wp:attachment":[{"href":"https:\/\/candname.com\/tr\/index.php?rest_route=%2Fwp%2Fv2%2Fmedia&parent=21593"}],"wp:term":[{"taxonomy":"category","embeddable":true,"href":"https:\/\/candname.com\/tr\/index.php?rest_route=%2Fwp%2Fv2%2Fcategories&post=21593"},{"taxonomy":"post_tag","embeddable":true,"href":"https:\/\/candname.com\/tr\/index.php?rest_route=%2Fwp%2Fv2%2Ftags&post=21593"}],"curies":[{"name":"wp","href":"https:\/\/api.w.org\/{rel}","templated":true}]}}